{"id":10142,"date":"2019-04-12T18:46:32","date_gmt":"2019-04-12T16:46:32","guid":{"rendered":"http:\/\/limogesabc.com\/?p=10142"},"modified":"2019-04-13T15:40:12","modified_gmt":"2019-04-13T13:40:12","slug":"attention-a-anglet-avant-les-playoffs","status":"publish","type":"post","link":"https:\/\/limogesabc.com\/index.php\/attention-a-anglet-avant-les-playoffs\/","title":{"rendered":"Attention \u00e0 Anglet, avant les PlayOffs"},"content":{"rendered":"<p>La r\u00e9ception d&#8217;Anglet ce samedi Salle Mu&#8217; doit int\u00e9resser le public \u2026 car notre saison ne se termine pas ce soir et nous en sommes ravis puisque nous avons d\u00e9croch\u00e9 notre ticket pour les Play-Offs d\u2019accession. La saison ne se termine pas ce soir non plus car, avec tout le respect que nous devons \u00e0 nos adversaires, nous devons gagner chez nous contre Anglet. Et ce ne sera pas gagn\u00e9 avant de jouer car, <em>dans un cas de figure demain sur le coup des 21h40<\/em>, Anglet peut encore se retrouver dans la charrette des rel\u00e9gables. Et donc, les basques ne viendront pas en Limousin pour manger des pommes. Mais elle peuvent aussi !<\/p>\n<p>La saison ne se terminera non plus ce soir pour Saumur ou Saint-Delphin, le vainqueur de cette rencontre venant nous rejoindre en PlayOffs et continuer l\u2019aventure. <span style=\"color: #003366;\"><strong>Bon match les filles !<\/strong><\/span><\/p>\n<p>Cher public, chers supporters, chers partenaires, rendez-vous ensuite <strong>samedi 4 mai<\/strong> qui devrait \u00eatre notre premier match \u00e0 domicile des phases finales, contre Caluire, invaincu \u2026 pour l\u2019instant. <strong><span style=\"color: #003366;\">Allez les filles !<\/span><\/strong><\/p>\n<p><span style=\"color: #003366;\"><strong>Limoges ABC <em>en Limousin<\/em> :<\/strong><\/span> Estel Viguier ; L\u00e9a Blatrie ; Marie-Lys Cuisset ; Questeline C\u00e9lestin ; Lidsey Mahoukou ; Camille Debaud ; Am\u00e9lia Moukoko ; Johanna Breuil ; M\u00e9lissa Mendes ; Lolly Ndiaye ; Silvana Jez. <span style=\"color: #003366;\">Coach : R\u00e9gis Racine. Assistant : Romain Leclaircie<\/span><\/p>\n<p><strong><span style=\"color: #003366;\">Anglet C\u00f4te Basque Basket :<\/span><\/strong> Cyrielle Guindo ; Rose Petit ; Cyriane Glere ; C\u00e9lia Bourbon ; Emma Grosperrin ; L\u00e9na Pinault ; L\u00e9a Ibarlosa ; Mathilde Roche ; Lucie Azens ; Sandra Dezest. <span style=\"color: #003366;\">Coach : Baptiste Ibarlosa. Assistante : Mich\u00e8le Decocq<\/span><\/p>\n","protected":false},"excerpt":{"rendered":"<p>La r\u00e9ception d&#8217;Anglet ce samedi Salle Mu&#8217; doit int\u00e9resser le public \u2026 car notre saison ne se termine pas ce soir et nous en sommes ravis puisque nous avons d\u00e9croch\u00e9 notre ticket pour les Play-Offs d\u2019accession. La saison ne se termine pas ce soir non plus car, avec tout le respect que nous devons \u00e0&#8230; <\/p>\n<div class=\"clear\"><\/div>\n<p><a href=\"https:\/\/limogesabc.com\/index.php\/attention-a-anglet-avant-les-playoffs\/\" class=\"excerpt-read-more\">Lire plus<\/a><\/p>\n","protected":false},"author":2,"featured_media":10141,"comment_status":"closed","ping_status":"closed","sticky":false,"template":"","format":"standard","meta":{"_mi_skip_tracking":false,"_exactmetrics_sitenote_active":false,"_exactmetrics_sitenote_note":"","_exactmetrics_sitenote_category":0,"_monsterinsights_skip_tracking":false,"_monsterinsights_sitenote_active":false,"_monsterinsights_sitenote_note":"","_monsterinsights_sitenote_category":0,"footnotes":""},"categories":[79,106],"tags":[],"class_list":["post-10142","post","type-post","status-publish","format-standard","has-post-thumbnail","hentry","category-actualites","category-nf2"],"aioseo_notices":[],"_links":{"self":[{"href":"https:\/\/limogesabc.com\/index.php\/wp-json\/wp\/v2\/posts\/10142","targetHints":{"allow":["GET"]}}],"collection":[{"href":"https:\/\/limogesabc.com\/index.php\/wp-json\/wp\/v2\/posts"}],"about":[{"href":"https:\/\/limogesabc.com\/index.php\/wp-json\/wp\/v2\/types\/post"}],"author":[{"embeddable":true,"href":"https:\/\/limogesabc.com\/index.php\/wp-json\/wp\/v2\/users\/2"}],"replies":[{"embeddable":true,"href":"https:\/\/limogesabc.com\/index.php\/wp-json\/wp\/v2\/comments?post=10142"}],"version-history":[{"count":7,"href":"https:\/\/limogesabc.com\/index.php\/wp-json\/wp\/v2\/posts\/10142\/revisions"}],"predecessor-version":[{"id":10152,"href":"https:\/\/limogesabc.com\/index.php\/wp-json\/wp\/v2\/posts\/10142\/revisions\/10152"}],"wp:featuredmedia":[{"embeddable":true,"href":"https:\/\/limogesabc.com\/index.php\/wp-json\/wp\/v2\/media\/10141"}],"wp:attachment":[{"href":"https:\/\/limogesabc.com\/index.php\/wp-json\/wp\/v2\/media?parent=10142"}],"wp:term":[{"taxonomy":"category","embeddable":true,"href":"https:\/\/limogesabc.com\/index.php\/wp-json\/wp\/v2\/categories?post=10142"},{"taxonomy":"post_tag","embeddable":true,"href":"https:\/\/limogesabc.com\/index.php\/wp-json\/wp\/v2\/tags?post=10142"}],"curies":[{"name":"wp","href":"https:\/\/api.w.org\/{rel}","templated":true}]}}