{"id":10677,"date":"2019-07-13T20:29:39","date_gmt":"2019-07-13T18:29:39","guid":{"rendered":"http:\/\/limogesabc.com\/?p=10677"},"modified":"2019-07-14T09:48:08","modified_gmt":"2019-07-14T07:48:08","slug":"zoom-sur-leffectif-nf1-pour-une-saison-palpitante","status":"publish","type":"post","link":"https:\/\/limogesabc.com\/index.php\/zoom-sur-leffectif-nf1-pour-une-saison-palpitante\/","title":{"rendered":"Zoom sur l&#8217;effectif NF1 &#8230; pour une saison palpitante"},"content":{"rendered":"<p>Les filles ont pris leurs valises en juin pour des vacances bien m\u00e9rit\u00e9es ! M\u00e9rit\u00e9es et n\u00e9cessaires car la saison a \u00e9t\u00e9 longue, sans coupure, du 1er ao\u00fbt 2019, date de la reprise avec le coach R\u00e9gis Racine, jusqu\u2019\u00e0 ce dimanche 2 juin \u00e0 Tours pour ramener \u00e0 Limoges un titre de Championnes de France. Cette aventure collective restera \u00e0 jamais dans les t\u00eates et dans les souvenirs d\u2019un groupe qui a tr\u00e8s bien v\u00e9cu et qui a fait honneur au maillot, aux supporters, au public, aux partenaires du club et \u00e0 tous les b\u00e9n\u00e9voles et dirigeants du Limoges ABC. A 36 ans, le Limoges ABC a accroch\u00e9 un Titre de Championnes de France \u00e0 la Salle Mu\u2019. Une ann\u00e9e d&#8217;\u00e9motions pour un beau final !<\/p>\n<p>Six semaines plus tard, nous avons bien s\u00fbr avanc\u00e9 sur la constitution de l\u2019\u00e9quipe, les joueuses qui restent, les joueuses qui partent, les recrues. L\u2019\u00e9quipe 2019-2020 est quasiment stabilis\u00e9e. Deux nouvelles joueuses ne seront pas annonc\u00e9es aujourd\u2019hui pour des raisons administratives et d\u2019un commun accord. L&#8217;effectif de la saison 2019-2020 se profile n\u00e9anmoins \u2026 Les infos ci-dessous.<\/p>\n<p><strong>Les joueuses qui restent au Limoges ABC :<\/strong> Questeline CELESTIN, M\u00e9lissa MENDES, Silvana JEZ, Johanna BREUIL. Am\u00e9lia MOUKOKO passe sur le groupe NF3 en \u00e9tant partenaire d\u2019entra\u00eenement NF1.<\/p>\n<p><strong>Les deux coaches restent :<\/strong> R\u00e9gis Racine sera toujours aux commandes de l&#8217;\u00e9quipe. Romain Leclaircie reste assistant NF1.<\/p>\n<p><strong>Les joueuses qui arrivent :<\/strong> Linda BOUSBAA (cr\u00e9ation, retour au club, poste 1), C\u00e9lia DEGRELLE (mutation du CA Brive Corr\u00e8ze, NF1, retour au club, poste 5) et Alexus JOHNSON (mutation du Basket Ifs, NF1, int\u00e9rieure, poste 4).<\/p>\n<p><strong>Et puis \u2026<\/strong> Une joueuse de NF1 (mut\u00e9e, aili\u00e8re) et une jeune Espoir (mut\u00e9e) seront annonc\u00e9es prochainement.<\/p>\n<p><strong>Les joueuses qui partent :<\/strong> L\u00e9a BLATRIE (vers AS Monaco Basket, NF2) et Marie-Lys CUISSET (vers JSA Bordeaux, Pr\u00e9-Nationale) qui partent pour des motifs priv\u00e9s ou \u00e9tudes. Lolly NDIAYE a sign\u00e9 au CES Tours (NF2, accession de NF3) et Estel VIGUIER \u00e0 l\u2019ASPTT Limoges (NF3). Lidsey MAHOUKOU est sur le d\u00e9part pour les Etats-Unis.<\/p>\n<p>&nbsp;<\/p>\n<p><span style=\"color: #003366;\">La reprise des entra\u00eenements est fix\u00e9e au mardi 6 ao\u00fbt. Un stage de d\u00e9but de saison est programm\u00e9 dans la foul\u00e9e du samedi 10 au mercredi 14 ao\u00fbt. La reprise du Championnat est le samedi 14 septembre. Les poules de Championnat de France ne sont pas connues : elles devraient \u00eatre publi\u00e9es fin juillet par la FFBB et les calendriers suivront. Nous sommes d\u00e9j\u00e0 \u00e0 deux mois de cette nouvelle saison que nous esp\u00e9rons palpitante et remplie de belles surprises pour notre \u00e9quipe, nos partenaires, nos supporters et notre public ! Interview \u00e0 suivre dans les prochains jours \u2026\u00a0Allez les filles ! I<\/span><\/p>\n\n\t\t<style type=\"text\/css\">\n\t\t\t#gallery-1 {\n\t\t\t\tmargin: auto;\n\t\t\t}\n\t\t\t#gallery-1 .gallery-item {\n\t\t\t\tfloat: left;\n\t\t\t\tmargin-top: 10px;\n\t\t\t\ttext-align: center;\n\t\t\t\twidth: 33%;\n\t\t\t}\n\t\t\t#gallery-1 img {\n\t\t\t\tborder-width: 1px; border-style: solid;\n\t\t\t}\n\t\t\t#gallery-1 .gallery-caption {\n\t\t\t\tmargin-left: 0;\n\t\t\t}\n\t\t\t\/* see gallery_shortcode() in wp-includes\/media.php *\/\n\t\t<\/style>\n\t\t<div id='gallery-1' class='gallery galleryid-10677 gallery-columns-3 gallery-size-thumbnail'><dl class='gallery-item'>\n\t\t\t<dt class='gallery-icon landscape'>\n\t\t\t\t<a href='https:\/\/limogesabc.com\/index.php\/zoom-sur-leffectif-nf1-pour-une-saison-palpitante\/visuel_effectif3\/'><img decoding=\"async\" width=\"150\" height=\"150\" src=\"https:\/\/limogesabc.com\/wp-content\/uploads\/2019\/07\/VISUEL_EFFECTIF3-150x150.jpg\" class=\"attachment-thumbnail size-thumbnail\" alt=\"\" srcset=\"https:\/\/limogesabc.com\/wp-content\/uploads\/2019\/07\/VISUEL_EFFECTIF3-150x150.jpg 150w, https:\/\/limogesabc.com\/wp-content\/uploads\/2019\/07\/VISUEL_EFFECTIF3-400x400.jpg 400w\" sizes=\"(max-width: 150px) 100vw, 150px\" \/><\/a>\n\t\t\t<\/dt><\/dl><dl class='gallery-item'>\n\t\t\t<dt class='gallery-icon landscape'>\n\t\t\t\t<a href='https:\/\/limogesabc.com\/index.php\/zoom-sur-leffectif-nf1-pour-une-saison-palpitante\/visuel_effectif6\/'><img decoding=\"async\" width=\"150\" height=\"150\" src=\"https:\/\/limogesabc.com\/wp-content\/uploads\/2019\/07\/VISUEL_EFFECTIF6-150x150.jpg\" class=\"attachment-thumbnail size-thumbnail\" alt=\"\" srcset=\"https:\/\/limogesabc.com\/wp-content\/uploads\/2019\/07\/VISUEL_EFFECTIF6-150x150.jpg 150w, https:\/\/limogesabc.com\/wp-content\/uploads\/2019\/07\/VISUEL_EFFECTIF6-400x400.jpg 400w\" sizes=\"(max-width: 150px) 100vw, 150px\" \/><\/a>\n\t\t\t<\/dt><\/dl><dl class='gallery-item'>\n\t\t\t<dt class='gallery-icon landscape'>\n\t\t\t\t<a href='https:\/\/limogesabc.com\/index.php\/zoom-sur-leffectif-nf1-pour-une-saison-palpitante\/visuel_effectif8\/'><img decoding=\"async\" width=\"150\" height=\"150\" src=\"https:\/\/limogesabc.com\/wp-content\/uploads\/2019\/07\/VISUEL_EFFECTIF8-150x150.jpg\" class=\"attachment-thumbnail size-thumbnail\" alt=\"\" srcset=\"https:\/\/limogesabc.com\/wp-content\/uploads\/2019\/07\/VISUEL_EFFECTIF8-150x150.jpg 150w, https:\/\/limogesabc.com\/wp-content\/uploads\/2019\/07\/VISUEL_EFFECTIF8-400x400.jpg 400w\" sizes=\"(max-width: 150px) 100vw, 150px\" \/><\/a>\n\t\t\t<\/dt><\/dl><br style=\"clear: both\" \/><dl class='gallery-item'>\n\t\t\t<dt class='gallery-icon landscape'>\n\t\t\t\t<a href='https:\/\/limogesabc.com\/index.php\/zoom-sur-leffectif-nf1-pour-une-saison-palpitante\/visuel_effectif10\/'><img loading=\"lazy\" decoding=\"async\" width=\"150\" height=\"150\" src=\"https:\/\/limogesabc.com\/wp-content\/uploads\/2019\/07\/VISUEL_EFFECTIF10-150x150.jpg\" class=\"attachment-thumbnail size-thumbnail\" alt=\"\" srcset=\"https:\/\/limogesabc.com\/wp-content\/uploads\/2019\/07\/VISUEL_EFFECTIF10-150x150.jpg 150w, https:\/\/limogesabc.com\/wp-content\/uploads\/2019\/07\/VISUEL_EFFECTIF10-400x400.jpg 400w\" sizes=\"(max-width: 150px) 100vw, 150px\" \/><\/a>\n\t\t\t<\/dt><\/dl><dl class='gallery-item'>\n\t\t\t<dt class='gallery-icon landscape'>\n\t\t\t\t<a href='https:\/\/limogesabc.com\/index.php\/zoom-sur-leffectif-nf1-pour-une-saison-palpitante\/visuel_effectif12\/'><img loading=\"lazy\" decoding=\"async\" width=\"150\" height=\"150\" src=\"https:\/\/limogesabc.com\/wp-content\/uploads\/2019\/07\/VISUEL_EFFECTIF12-150x150.jpg\" class=\"attachment-thumbnail size-thumbnail\" alt=\"\" srcset=\"https:\/\/limogesabc.com\/wp-content\/uploads\/2019\/07\/VISUEL_EFFECTIF12-150x150.jpg 150w, https:\/\/limogesabc.com\/wp-content\/uploads\/2019\/07\/VISUEL_EFFECTIF12-400x400.jpg 400w\" sizes=\"(max-width: 150px) 100vw, 150px\" \/><\/a>\n\t\t\t<\/dt><\/dl><dl class='gallery-item'>\n\t\t\t<dt class='gallery-icon landscape'>\n\t\t\t\t<a href='https:\/\/limogesabc.com\/index.php\/zoom-sur-leffectif-nf1-pour-une-saison-palpitante\/visuel_effectif14\/'><img loading=\"lazy\" decoding=\"async\" width=\"150\" height=\"150\" src=\"https:\/\/limogesabc.com\/wp-content\/uploads\/2019\/07\/VISUEL_EFFECTIF14-150x150.jpg\" class=\"attachment-thumbnail size-thumbnail\" alt=\"\" srcset=\"https:\/\/limogesabc.com\/wp-content\/uploads\/2019\/07\/VISUEL_EFFECTIF14-150x150.jpg 150w, https:\/\/limogesabc.com\/wp-content\/uploads\/2019\/07\/VISUEL_EFFECTIF14-400x400.jpg 400w\" sizes=\"(max-width: 150px) 100vw, 150px\" \/><\/a>\n\t\t\t<\/dt><\/dl><br style=\"clear: both\" \/><dl class='gallery-item'>\n\t\t\t<dt class='gallery-icon landscape'>\n\t\t\t\t<a href='https:\/\/limogesabc.com\/index.php\/zoom-sur-leffectif-nf1-pour-une-saison-palpitante\/visuel_effectif16\/'><img loading=\"lazy\" decoding=\"async\" width=\"150\" height=\"150\" src=\"https:\/\/limogesabc.com\/wp-content\/uploads\/2019\/07\/VISUEL_EFFECTIF16-150x150.jpg\" class=\"attachment-thumbnail size-thumbnail\" alt=\"\" srcset=\"https:\/\/limogesabc.com\/wp-content\/uploads\/2019\/07\/VISUEL_EFFECTIF16-150x150.jpg 150w, https:\/\/limogesabc.com\/wp-content\/uploads\/2019\/07\/VISUEL_EFFECTIF16-400x400.jpg 400w\" sizes=\"(max-width: 150px) 100vw, 150px\" \/><\/a>\n\t\t\t<\/dt><\/dl>\n\t\t\t<br style='clear: both' \/>\n\t\t<\/div>\n\n","protected":false},"excerpt":{"rendered":"<p>Les filles ont pris leurs valises en juin pour des vacances bien m\u00e9rit\u00e9es ! M\u00e9rit\u00e9es et n\u00e9cessaires car la saison a \u00e9t\u00e9 longue, sans coupure, du 1er ao\u00fbt 2019, date de la reprise avec le coach R\u00e9gis Racine, jusqu\u2019\u00e0 ce dimanche 2 juin \u00e0 Tours pour ramener \u00e0 Limoges un titre de Championnes de France&#8230;. <\/p>\n<div class=\"clear\"><\/div>\n<p><a href=\"https:\/\/limogesabc.com\/index.php\/zoom-sur-leffectif-nf1-pour-une-saison-palpitante\/\" class=\"excerpt-read-more\">Lire plus<\/a><\/p>\n","protected":false},"author":2,"featured_media":10675,"comment_status":"closed","ping_status":"closed","sticky":false,"template":"","format":"standard","meta":{"_mi_skip_tracking":false,"_exactmetrics_sitenote_active":false,"_exactmetrics_sitenote_note":"","_exactmetrics_sitenote_category":0,"_monsterinsights_skip_tracking":false,"_monsterinsights_sitenote_active":false,"_monsterinsights_sitenote_note":"","_monsterinsights_sitenote_category":0,"footnotes":""},"categories":[79,90],"tags":[],"class_list":["post-10677","post","type-post","status-publish","format-standard","has-post-thumbnail","hentry","category-actualites","category-nf1"],"aioseo_notices":[],"_links":{"self":[{"href":"https:\/\/limogesabc.com\/index.php\/wp-json\/wp\/v2\/posts\/10677","targetHints":{"allow":["GET"]}}],"collection":[{"href":"https:\/\/limogesabc.com\/index.php\/wp-json\/wp\/v2\/posts"}],"about":[{"href":"https:\/\/limogesabc.com\/index.php\/wp-json\/wp\/v2\/types\/post"}],"author":[{"embeddable":true,"href":"https:\/\/limogesabc.com\/index.php\/wp-json\/wp\/v2\/users\/2"}],"replies":[{"embeddable":true,"href":"https:\/\/limogesabc.com\/index.php\/wp-json\/wp\/v2\/comments?post=10677"}],"version-history":[{"count":6,"href":"https:\/\/limogesabc.com\/index.php\/wp-json\/wp\/v2\/posts\/10677\/revisions"}],"predecessor-version":[{"id":10701,"href":"https:\/\/limogesabc.com\/index.php\/wp-json\/wp\/v2\/posts\/10677\/revisions\/10701"}],"wp:featuredmedia":[{"embeddable":true,"href":"https:\/\/limogesabc.com\/index.php\/wp-json\/wp\/v2\/media\/10675"}],"wp:attachment":[{"href":"https:\/\/limogesabc.com\/index.php\/wp-json\/wp\/v2\/media?parent=10677"}],"wp:term":[{"taxonomy":"category","embeddable":true,"href":"https:\/\/limogesabc.com\/index.php\/wp-json\/wp\/v2\/categories?post=10677"},{"taxonomy":"post_tag","embeddable":true,"href":"https:\/\/limogesabc.com\/index.php\/wp-json\/wp\/v2\/tags?post=10677"}],"curies":[{"name":"wp","href":"https:\/\/api.w.org\/{rel}","templated":true}]}}