{"id":10822,"date":"2019-07-21T19:02:02","date_gmt":"2019-07-21T17:02:02","guid":{"rendered":"http:\/\/limogesabc.com\/?p=10822"},"modified":"2019-07-21T19:04:25","modified_gmt":"2019-07-21T17:04:25","slug":"celia-degrelle-le-retour-au-pays","status":"publish","type":"post","link":"https:\/\/limogesabc.com\/index.php\/celia-degrelle-le-retour-au-pays\/","title":{"rendered":"C\u00e9lia Degrelle, le retour au pays"},"content":{"rendered":"<p>Apr\u00e8s une ann\u00e9e o\u00f9 elle a choisi le CA Brive, <strong>C\u00e9lia Degrelle<\/strong> rejoint Limoges. La jeune martiniquaise est arriv\u00e9e au Limoges ABC en 2013 via la coop\u00e9ration du club avec le P\u00f4le Outremer Basket. On ne sortira pas les dossiers, pas maintenant. Depuis, la jeune joueuse a bien s\u00fbr pris de l&#8217;assurance. En NF3, en LF2, en NF1, C\u00e9lia a v\u00e9cu les championnats de France sur un poste 5 qui n&#8217;est pas de tout repos. Mais c&#8217;est une travailleuse qui ne rechigne pas \u00e0 se pr\u00e9parer et \u00e0 revisiter ses fondamentaux. Ce qui a chang\u00e9, c&#8217;est que C\u00e9lia a trouv\u00e9 sa voie professionnelle, elle le pr\u00e9cise dans l&#8217;interview. Tout est donc r\u00e9uni pour que cette saison soit la plus aboutie, sur un parquet qu&#8217;elle connait par c\u0153ur. <em>Interview limougeaude.<\/em><\/p>\n<p style=\"text-align: center;\"><span style=\"color: #800080; font-size: 18pt;\"><strong>Montrer ce que je suis capable de faire<\/strong><\/span><\/p>\n<p><span style=\"color: #003366;\"><strong>Limoges ABC : Apr\u00e8s \u00eatre partie \u00e0 Brive l\u2019an dernier, c&#8217;est retour au Limoges ABC \u2026<\/strong><\/span><br \/>\n<span style=\"color: #800080;\"><strong>C\u00e9lia Degrelle :<\/strong><\/span> Oui. A la base, je suis partie pour raisons professionnelles. J\u2019ai travaill\u00e9 \u00e0 Brive plusieurs mois, en jouant au CA Brive Basket. J\u2019ai ensuite trouv\u00e9 du travail \u00e0 Limoges mais j&#8217;ai termin\u00e9 la saison avec Brive. Le nouveau travail, \u00e0 Limoges, correspond \u00e0 ma formation, une licence en \u00ab Activit\u00e9s Physiques Adapt\u00e9es \u00bb. J\u2019ai envie de bien faire. J\u2019ai gard\u00e9 un go\u00fbt amer des deux derni\u00e8res saisons \u00e0 Limoges. Le Club est revenu en NF1 et le projet est ambitieux, il m\u2019int\u00e9resse. Le coach me donne la chance de revenir. Je vais la saisir.<\/p>\n<p><span style=\"color: #003366;\"><strong>LABC : Quel est ton challenge ?<\/strong><\/span><br \/>\n<span style=\"color: #800080;\"><strong>CD :<\/strong> <\/span>C\u2019est d\u2019abord de r\u00e9ussir \u00e0 se maintenir \u2026 apr\u00e8s trois saisons ponctu\u00e9es de trois descentes. Individuellement, je souhaite m\u2019\u00e9panouir dans ce que je fais. Je voudrai montrer cette ann\u00e9e que \u00ab j\u2019ai grandi \u00bb, que j\u2019arrive \u00e0 m\u2019imposer et je voudrai montrer ce que je suis capable de faire. Il faut d\u2019abord r\u00e9ussir la pr\u00e9paration d\u2019avant saison. Et ensuite tout mettre en \u0153uvre pour \u00eatre \u00e0 fond, dans tous les domaines.<\/p>\n<p><strong><span style=\"color: #003366;\">LABC : Que penses-tu de l\u2019\u00e9quipe qui s\u2019annonce ?<\/span><\/strong><br \/>\n<span style=\"color: #800080;\"><strong>CD :<\/strong> <\/span>Elle est plus \u00e2g\u00e9e que les ann\u00e9es pr\u00e9c\u00e9dentes et elle doit \u00eatre plus exp\u00e9riment\u00e9e. Toutes les joueuses ont jou\u00e9 \u00e0 ce niveau ou au-dessus. C\u2019est Important et int\u00e9ressant.<\/p>\n<p><span style=\"color: #003366;\"><strong>LABC : Tu es arriv\u00e9e en m\u00e9tropole en 2013, par la coop\u00e9ration du Limoges ABC avec le P\u00f4le Outremer Basket \u2026<\/strong> <\/span><br \/>\n<span style=\"color: #800080;\"><strong>CD :<\/strong><\/span> Je suis arriv\u00e9e effectivement \u00e0 Limoges \u00e0 17 ans, seule, sans connaitre personne. J\u2019ai appris \u00e0 avancer loin des miens, \u00e7a forge un caract\u00e8re. Je vais entamer ma 7\u00e8me saison dont six avec Limoges. J\u2019ai bien s\u00fbr beaucoup gagn\u00e9 en maturit\u00e9 et il m\u2019appartient maintenant de prendre totalement confiance, dans le jeu mais aussi personnellement. Je vais aussi intervenir dans le club pour cr\u00e9er une activit\u00e9 de \u00ab Basket sant\u00e9 \u00bb, une fa\u00e7on de faire profiter de nouveaux publics de ma formation et de mon exp\u00e9rience professionnelle.<\/p>\n<p><span style=\"color: #993300;\"><strong>Le coach, R\u00e9gis Racine :<\/strong> Je voulais C\u00e9lia dans mon organisation, avoir un point d&#8217;ancrage, une joueuse au sol et besogneuse, qui ne rechigne jamais \u00e0 l&#8217;effort et au service de l&#8217;\u00e9quipe, Je suis tr\u00e8s content de son exp\u00e9rience personnelle hors Limoges ABC. Je compte m&#8217;appuyer sur une joueuse revancharde, qui a faim de d\u00e9montrer ses nouvelles qualit\u00e9s dans le jeu. Et bien \u00e9videmment, j&#8217;ai cherch\u00e9 \u00e0 assembler des individualit\u00e9s permettant de bonifier les zones d&#8217;ombres ant\u00e9rieur. Sa duret\u00e9 nous sera indispensable ! Bon retour C\u00e9lia !<\/span><\/p>\n","protected":false},"excerpt":{"rendered":"<p>Apr\u00e8s une ann\u00e9e o\u00f9 elle a choisi le CA Brive, C\u00e9lia Degrelle rejoint Limoges. La jeune martiniquaise est arriv\u00e9e au Limoges ABC en 2013 via la coop\u00e9ration du club avec le P\u00f4le Outremer Basket. On ne sortira pas les dossiers, pas maintenant. Depuis, la jeune joueuse a bien s\u00fbr pris de l&#8217;assurance. En NF3, en&#8230; <\/p>\n<div class=\"clear\"><\/div>\n<p><a href=\"https:\/\/limogesabc.com\/index.php\/celia-degrelle-le-retour-au-pays\/\" class=\"excerpt-read-more\">Lire plus<\/a><\/p>\n","protected":false},"author":2,"featured_media":10823,"comment_status":"closed","ping_status":"closed","sticky":false,"template":"","format":"standard","meta":{"_mi_skip_tracking":false,"_exactmetrics_sitenote_active":false,"_exactmetrics_sitenote_note":"","_exactmetrics_sitenote_category":0,"_monsterinsights_skip_tracking":false,"_monsterinsights_sitenote_active":false,"_monsterinsights_sitenote_note":"","_monsterinsights_sitenote_category":0,"footnotes":""},"categories":[79],"tags":[],"class_list":["post-10822","post","type-post","status-publish","format-standard","has-post-thumbnail","hentry","category-actualites"],"aioseo_notices":[],"_links":{"self":[{"href":"https:\/\/limogesabc.com\/index.php\/wp-json\/wp\/v2\/posts\/10822","targetHints":{"allow":["GET"]}}],"collection":[{"href":"https:\/\/limogesabc.com\/index.php\/wp-json\/wp\/v2\/posts"}],"about":[{"href":"https:\/\/limogesabc.com\/index.php\/wp-json\/wp\/v2\/types\/post"}],"author":[{"embeddable":true,"href":"https:\/\/limogesabc.com\/index.php\/wp-json\/wp\/v2\/users\/2"}],"replies":[{"embeddable":true,"href":"https:\/\/limogesabc.com\/index.php\/wp-json\/wp\/v2\/comments?post=10822"}],"version-history":[{"count":3,"href":"https:\/\/limogesabc.com\/index.php\/wp-json\/wp\/v2\/posts\/10822\/revisions"}],"predecessor-version":[{"id":10827,"href":"https:\/\/limogesabc.com\/index.php\/wp-json\/wp\/v2\/posts\/10822\/revisions\/10827"}],"wp:featuredmedia":[{"embeddable":true,"href":"https:\/\/limogesabc.com\/index.php\/wp-json\/wp\/v2\/media\/10823"}],"wp:attachment":[{"href":"https:\/\/limogesabc.com\/index.php\/wp-json\/wp\/v2\/media?parent=10822"}],"wp:term":[{"taxonomy":"category","embeddable":true,"href":"https:\/\/limogesabc.com\/index.php\/wp-json\/wp\/v2\/categories?post=10822"},{"taxonomy":"post_tag","embeddable":true,"href":"https:\/\/limogesabc.com\/index.php\/wp-json\/wp\/v2\/tags?post=10822"}],"curies":[{"name":"wp","href":"https:\/\/api.w.org\/{rel}","templated":true}]}}