{"id":10829,"date":"2019-07-25T08:12:41","date_gmt":"2019-07-25T06:12:41","guid":{"rendered":"http:\/\/limogesabc.com\/?p=10829"},"modified":"2019-07-25T09:27:08","modified_gmt":"2019-07-25T07:27:08","slug":"silvana-jez-plus-motivee-que-jamais-pour-relever-les-defis","status":"publish","type":"post","link":"https:\/\/limogesabc.com\/index.php\/silvana-jez-plus-motivee-que-jamais-pour-relever-les-defis\/","title":{"rendered":"Silvana JEZ, saison 2, plus motiv\u00e9e que jamais"},"content":{"rendered":"<p>Elle a marqu\u00e9 la saison derni\u00e8re \u00e0 Limoges par sa d\u00e9termination et son envie, par sa joie de vivre et sa proximit\u00e9 naturelle avec ses partenaires et le public. <strong>Silvana Jez<\/strong> est tellement li\u00e9e \u00e0 l&#8217;histoire de ce titre que nous sommes tr\u00e8s heureux de la retrouver, explosive et talentueuse. Avec un nouveau groupe <em>mais pas si nouveau non plus<\/em>. Aux cot\u00e9s (notamment) de Questeline, M\u00e9lissa, Johanna, du coach R\u00e9gis, de Romain en assistanat, Silvana fait partie de la maison Limoges ABC. L&#8217;interview qu&#8217;elle nous a accord\u00e9 en est un parfait exemple. Comme un poisson dans l&#8217;eau \u2026 Mais la joueuse a aussi de gros d\u00e9fis \u00e0 relever et des responsabilit\u00e9s \u00e0 assumer \u00e0 un niveau o\u00f9 les valeurs grimpent d&#8217;un cran. Re bienvenue \u00e0 Limoges et belle saison !<\/p>\n<p style=\"text-align: center;\"><span style=\"color: #800080;\"><strong><span style=\"font-size: 18pt;\">Je suis extr\u00eamement heureuse de revenir !<\/span><\/strong><\/span><\/p>\n<p><span style=\"color: #003366;\"><strong>Limoges ABC : Tu reviens \u00e0 Limoges, nous en sommes ravis. Quelles ont \u00e9t\u00e9 tes principales motivations pour signer de nouveau au Limoges ABC ?<\/strong><\/span><br \/>\n<span style=\"color: #800080;\"><strong>Silvana Jez :<\/strong> <\/span>Je suis extr\u00eamement heureuse de revenir \u00e0 Limoges cette saison. Apr\u00e8s une ann\u00e9e vraiment r\u00e9ussie et apr\u00e8s avoir remport\u00e9 le Championnat pour la premi\u00e8re fois, comment pourrais-je ne pas l\u2019\u00eatre ? Toutes les r\u00e9alisations de la saison derni\u00e8re nous ont bien servis et nous avons pu cr\u00e9er une culture qui n\u2019\u00e9tait pas pr\u00e9sente auparavant. Nous nous sommes am\u00e9lior\u00e9es individuellement et en tant qu\u2019\u00e9quipe, et j\u2019ai h\u00e2te de travailler avec mes nouvelles \u00e9quipi\u00e8res et continuer en reprenant l\u00e0 o\u00f9 nous en sommes rest\u00e9s. Je pense que nous avons une base tr\u00e8s solide et que nous pourrons faire beaucoup de bonnes choses cette ann\u00e9e. Ce sera une ann\u00e9e passionnante !<\/p>\n<p><span style=\"color: #003366;\"><strong>LABC : Qu&#8217;attends-tu du Championnat et de cette nouvelle saison, pour toi et pour l&#8217;\u00e9quipe ?<\/strong><\/span><br \/>\n<span style=\"color: #800080;\"><strong>SJ :<\/strong> <\/span>J&#8217;esp\u00e8re que cette saison nous continuerons \u00e0 \u00eatre l&#8217;\u00e9quipe \u00ab chass\u00e9e \u00bb &#8211; <em>the hunted team<\/em>. Avec la polyvalence et le staff technique que nous avons, je pense que ce sera possible. L&#8217;objectif principal est de rester en NF1. Avec un travail acharn\u00e9, le d\u00e9vouement et l&#8217;encadrement dont nous disposons, j&#8217;esp\u00e8re que nous pourrons faire encore plus. Individuellement, je veux juste aider mon \u00e9quipe autant que je peux et continuer \u00e0 construire sur ce que j&#8217;ai fait l&#8217;ann\u00e9e derni\u00e8re. Il reste encore beaucoup de points sur lequel je dois travailler, mais en g\u00e9n\u00e9ral, je travaille toujours pour am\u00e9liorer mon \u00e9quipe et moi-m\u00eame afin d&#8217;atteindre nos objectifs.<\/p>\n<p><span style=\"color: #003366;\"><strong>LABC : Tu es en vacances avec tes proches et tes amis au Canada &#8230; Est-ce que tout va bien ?<\/strong><\/span><br \/>\n<span style=\"color: #800080;\"><strong>SJ :<\/strong><\/span> Ce fut une tr\u00e8s courte pause, mais \u00e7a valait vraiment la peine. C&#8217;est toujours incroyable d&#8217;\u00eatre \u00e0 la maison et de passer du temps avec toute ma famille et mes amis. Je pense que c&#8217;est vraiment important et n\u00e9cessaire et que cela me donne toute l&#8217;\u00e9nergie dont j&#8217;ai besoin pour rester motiv\u00e9e et travailler pour une nouvelle saison. Je prends beaucoup de plaisir ici, mais je pense qu&#8217;il va \u00eatre temps de revenir et de trouver la meilleure fa\u00e7on de r\u00e9ussir cette prochaine saison.<\/p>\n<p style=\"text-align: center;\"><span style=\"font-size: 18pt;\"><strong><span style=\"color: #800080;\">J&#8217;esp\u00e8re que nous continuerons \u00e0 vous rendre fiers<\/span><\/strong><\/span><\/p>\n<p><span style=\"color: #003366;\"><strong>LABC : As-tu commenc\u00e9 une pr\u00e9paration d\u2019avant saison ?<\/strong><\/span><br \/>\n<span style=\"color: #800080;\"><strong>SJ :<\/strong> <\/span>M\u00eame si j&#8217;ai aim\u00e9 \u00eatre avec ma famille, il \u00e9tait essentiel pour moi de continuer \u00e0 m&#8217;entra\u00eener d\u00e8s mon retour au Canada. Finir sur une note aussi forte l&#8217;ann\u00e9e derni\u00e8re m&#8217;a incit\u00e9e encore plus \u00e0 vouloir faire mieux cette ann\u00e9e. J\u2019ai donc continu\u00e9 \u00e0 travailler, et \u00e0 m&#8217;entra\u00eener pour rester en forme. J\u2019attends de revenir sur le parquet avec toutes les filles et je pense que la pr\u00e9saison nous pr\u00e9parera bien pour les \u00e9ch\u00e9ances \u00e0 venir. Je crois que le coach s\u2019en chargera.<\/p>\n<p><strong><span style=\"color: #003366;\">Siki, un petit mot pour Limoges ?<\/span><\/strong><br \/>\nJe tiens \u00e0 remercier tous les supporters de Limoges et leur famille d&#8217;avoir \u00e9t\u00e9 les meilleurs supporters la saison derni\u00e8re. Merci d&#8217;\u00eatre si gentils, de m&#8217;avoir accueillie et de me faire sentir mon appartenance \u00e0 une grande famille. J&#8217;esp\u00e8re que nous continuerons \u00e0 vous rendre fiers, et j&#8217;esp\u00e8re que nous verrons chacun d&#8217;entre vous nous soutenir autant que possible. Nous sommes dans le m\u00eame bateau et nous ferons une autre saison r\u00e9ussie. A bient\u00f4t Limoges \ud83d\ude42<\/p>\n<p><strong><span style=\"color: #993300;\">Le coach, R\u00e9gis Racine :<\/span><\/strong> <span style=\"color: #993300;\">J&#8217;ai fait le choix de la continuit\u00e9 car Silvana a pu d\u00e9montrer tout au long de la saison qu&#8217;elle pouvait appr\u00e9hender mes demandes sp\u00e9cifiques et les diffuser pour le bien de l&#8217;\u00e9quipe. Je la mart\u00e8le! Je souhaite qu&#8217;elle puisse \u00eatre notre couteau suisse (serbe), un danger permanent. L&#8217;id\u00e9e de travailler une seconde ann\u00e9e ensemble lui donnera aussi davantage de fermet\u00e9 dans son jeu, dans ses motivations. Elle s&#8217;associe \u00e0 l&#8217;ambition personnelle et collective du Limoges ABC. Paradoxalement, Silvana sera celle qui n&#8217;a jamais connu ce niveau mais elle ne sera pas la moins avide de d\u00e9montrer son potentiel. Elle est d\u00e9j\u00e0 au travail !<\/span><\/p>\n","protected":false},"excerpt":{"rendered":"<p>Elle a marqu\u00e9 la saison derni\u00e8re \u00e0 Limoges par sa d\u00e9termination et son envie, par sa joie de vivre et sa proximit\u00e9 naturelle avec ses partenaires et le public. Silvana Jez est tellement li\u00e9e \u00e0 l&#8217;histoire de ce titre que nous sommes tr\u00e8s heureux de la retrouver, explosive et talentueuse. Avec un nouveau groupe mais&#8230; <\/p>\n<div class=\"clear\"><\/div>\n<p><a href=\"https:\/\/limogesabc.com\/index.php\/silvana-jez-plus-motivee-que-jamais-pour-relever-les-defis\/\" class=\"excerpt-read-more\">Lire plus<\/a><\/p>\n","protected":false},"author":2,"featured_media":10830,"comment_status":"closed","ping_status":"closed","sticky":false,"template":"","format":"standard","meta":{"_mi_skip_tracking":false,"_exactmetrics_sitenote_active":false,"_exactmetrics_sitenote_note":"","_exactmetrics_sitenote_category":0,"_monsterinsights_skip_tracking":false,"_monsterinsights_sitenote_active":false,"_monsterinsights_sitenote_note":"","_monsterinsights_sitenote_category":0,"footnotes":""},"categories":[79,90],"tags":[],"class_list":["post-10829","post","type-post","status-publish","format-standard","has-post-thumbnail","hentry","category-actualites","category-nf1"],"aioseo_notices":[],"_links":{"self":[{"href":"https:\/\/limogesabc.com\/index.php\/wp-json\/wp\/v2\/posts\/10829","targetHints":{"allow":["GET"]}}],"collection":[{"href":"https:\/\/limogesabc.com\/index.php\/wp-json\/wp\/v2\/posts"}],"about":[{"href":"https:\/\/limogesabc.com\/index.php\/wp-json\/wp\/v2\/types\/post"}],"author":[{"embeddable":true,"href":"https:\/\/limogesabc.com\/index.php\/wp-json\/wp\/v2\/users\/2"}],"replies":[{"embeddable":true,"href":"https:\/\/limogesabc.com\/index.php\/wp-json\/wp\/v2\/comments?post=10829"}],"version-history":[{"count":5,"href":"https:\/\/limogesabc.com\/index.php\/wp-json\/wp\/v2\/posts\/10829\/revisions"}],"predecessor-version":[{"id":10836,"href":"https:\/\/limogesabc.com\/index.php\/wp-json\/wp\/v2\/posts\/10829\/revisions\/10836"}],"wp:featuredmedia":[{"embeddable":true,"href":"https:\/\/limogesabc.com\/index.php\/wp-json\/wp\/v2\/media\/10830"}],"wp:attachment":[{"href":"https:\/\/limogesabc.com\/index.php\/wp-json\/wp\/v2\/media?parent=10829"}],"wp:term":[{"taxonomy":"category","embeddable":true,"href":"https:\/\/limogesabc.com\/index.php\/wp-json\/wp\/v2\/categories?post=10829"},{"taxonomy":"post_tag","embeddable":true,"href":"https:\/\/limogesabc.com\/index.php\/wp-json\/wp\/v2\/tags?post=10829"}],"curies":[{"name":"wp","href":"https:\/\/api.w.org\/{rel}","templated":true}]}}