{"id":11050,"date":"2019-09-04T18:13:25","date_gmt":"2019-09-04T16:13:25","guid":{"rendered":"http:\/\/limogesabc.com\/?p=11050"},"modified":"2019-09-05T00:27:19","modified_gmt":"2019-09-04T22:27:19","slug":"lecole-de-minibasket-fait-sa-rentree-chez-intermarche-ventadour","status":"publish","type":"post","link":"https:\/\/limogesabc.com\/index.php\/lecole-de-minibasket-fait-sa-rentree-chez-intermarche-ventadour\/","title":{"rendered":"L&#8217;Ecole de MiniBasket a fait sa rentr\u00e9e chez Intermarch\u00e9 Ventadour"},"content":{"rendered":"<p>L\u2019Ecole de MiniBasket du Limoges ABC est labellis\u00e9e par la FFBB depuis l\u2019ann\u00e9e 2000. Ce mercredi, l\u2019Ecole \u00e9tait, comme chaque ann\u00e9e, sur le parking de notre partenaire I<strong>ntermarch\u00e9 de Limoges Ventadour<\/strong> pour le premier rassemblement avec ses coaches autour de <strong>Romain Leclaircie<\/strong> et <b>Anne-Flore Gineste<\/b>, des dirigeants de l&#8217;Ecole autour de Sandrine Vampouille, en pr\u00e9sence decinq filles de<strong> NF1<\/strong> Oph\u00e9lie, M\u00e9lissa, Silvana, Alexus, A\u00efcha (notre photo), du coach <strong>R\u00e9gis Racine<\/strong> et du Pr\u00e9sident <strong>Jean-Paul Robert<\/strong>.<\/p>\n<p><strong>Mme Clarisse Fleurier <\/strong>et<strong> M. David Fleurier, <\/strong>G\u00e9rants de Intermarch\u00e9 Ventadour, \u00e9taient bien s\u00fbr de la partie pour saluer les pitchouns, les encadrants et les parents. Merci \u00e0 eux pour leur accueil et leur disponibilit\u00e9. En fin de s\u00e9ance, Mme Fleurier a remis un sac de cadeaux aux enfants ravis &#8230; Merci !<\/p>\n<p><strong>S<span style=\"color: #000080;\">i votre fille est \u00e2g\u00e9e de 4-5 ans jusqu&#8217;\u00e0 10-11 ans,<\/span><\/strong> contacter <span style=\"color: #000080;\">Samuel Vampouille<\/span>, Pr\u00e9sident de l\u2019Ecole au <span style=\"color: #000080;\">06 85 99 08 28<\/span> ou par mail <span style=\"color: #000080;\">projets@limogesabc.com car i<span style=\"color: #000000;\">l reste des places pour accueillir les enfants, notamment sur les petites cat\u00e9gories d&#8217;\u00e2ge. L&#8217;Ecole du Limoges ABC est uniquement f\u00e9minine.\u00a0<\/span><\/span><\/p>\n<p><em><span style=\"font-size: 10pt;\">4 septembre 2019<\/span><\/em><\/p>\n","protected":false},"excerpt":{"rendered":"<p>L\u2019Ecole de MiniBasket du Limoges ABC est labellis\u00e9e par la FFBB depuis l\u2019ann\u00e9e 2000. Ce mercredi, l\u2019Ecole \u00e9tait, comme chaque ann\u00e9e, sur le parking de notre partenaire Intermarch\u00e9 de Limoges Ventadour pour le premier rassemblement avec ses coaches autour de Romain Leclaircie et Anne-Flore Gineste, des dirigeants de l&#8217;Ecole autour de Sandrine Vampouille, en pr\u00e9sence&#8230; <\/p>\n<div class=\"clear\"><\/div>\n<p><a href=\"https:\/\/limogesabc.com\/index.php\/lecole-de-minibasket-fait-sa-rentree-chez-intermarche-ventadour\/\" class=\"excerpt-read-more\">Lire plus<\/a><\/p>\n","protected":false},"author":2,"featured_media":11051,"comment_status":"closed","ping_status":"closed","sticky":false,"template":"","format":"standard","meta":{"_mi_skip_tracking":false,"_exactmetrics_sitenote_active":false,"_exactmetrics_sitenote_note":"","_exactmetrics_sitenote_category":0,"_monsterinsights_skip_tracking":false,"_monsterinsights_sitenote_active":false,"_monsterinsights_sitenote_note":"","_monsterinsights_sitenote_category":0,"footnotes":""},"categories":[79],"tags":[],"class_list":["post-11050","post","type-post","status-publish","format-standard","has-post-thumbnail","hentry","category-actualites"],"aioseo_notices":[],"_links":{"self":[{"href":"https:\/\/limogesabc.com\/index.php\/wp-json\/wp\/v2\/posts\/11050","targetHints":{"allow":["GET"]}}],"collection":[{"href":"https:\/\/limogesabc.com\/index.php\/wp-json\/wp\/v2\/posts"}],"about":[{"href":"https:\/\/limogesabc.com\/index.php\/wp-json\/wp\/v2\/types\/post"}],"author":[{"embeddable":true,"href":"https:\/\/limogesabc.com\/index.php\/wp-json\/wp\/v2\/users\/2"}],"replies":[{"embeddable":true,"href":"https:\/\/limogesabc.com\/index.php\/wp-json\/wp\/v2\/comments?post=11050"}],"version-history":[{"count":2,"href":"https:\/\/limogesabc.com\/index.php\/wp-json\/wp\/v2\/posts\/11050\/revisions"}],"predecessor-version":[{"id":11060,"href":"https:\/\/limogesabc.com\/index.php\/wp-json\/wp\/v2\/posts\/11050\/revisions\/11060"}],"wp:featuredmedia":[{"embeddable":true,"href":"https:\/\/limogesabc.com\/index.php\/wp-json\/wp\/v2\/media\/11051"}],"wp:attachment":[{"href":"https:\/\/limogesabc.com\/index.php\/wp-json\/wp\/v2\/media?parent=11050"}],"wp:term":[{"taxonomy":"category","embeddable":true,"href":"https:\/\/limogesabc.com\/index.php\/wp-json\/wp\/v2\/categories?post=11050"},{"taxonomy":"post_tag","embeddable":true,"href":"https:\/\/limogesabc.com\/index.php\/wp-json\/wp\/v2\/tags?post=11050"}],"curies":[{"name":"wp","href":"https:\/\/api.w.org\/{rel}","templated":true}]}}