{"id":11084,"date":"2019-09-11T08:20:57","date_gmt":"2019-09-11T06:20:57","guid":{"rendered":"http:\/\/limogesabc.com\/?p=11084"},"modified":"2019-09-11T08:20:57","modified_gmt":"2019-09-11T06:20:57","slug":"les-responsables-dequipes-sont-prets","status":"publish","type":"post","link":"https:\/\/limogesabc.com\/index.php\/les-responsables-dequipes-sont-prets\/","title":{"rendered":"Les Responsables d&#8217;\u00e9quipes sont pr\u00eats !"},"content":{"rendered":"<p>Ce mardi soir, se tenait la r\u00e9union de reprise des <strong>Responsables d&#8217;Equipes (RE).<\/strong> Les RE sont les pilotes organisationnels et logistiques (organisation g\u00e9n\u00e9rale, accueil, d\u00e9placements, collation, &#8230;) et les interfaces avec les parents dans toutes les situation extra sportives. Toutes les \u00e9quipes, \u00e0 l&#8217;instar des coaches, ont un ou deux responsable(s) d&#8217;\u00e9quipe(s). Ce mardi, ils \u00e9taient r\u00e9unis au Foyer pour les informations de d\u00e9but de saison, autour notamment de Elisabeth Bourbon, Coordonnatrice des RE et de Christophe S\u00e9mavoine, Vice-Pr\u00e9sident du club. Apr\u00e8s une introduction de la r\u00e9union par le Pr\u00e9sident Jean-Paul Robert avec une pr\u00e9sentation du club, de la communication et de la citoyennet\u00e9, les Responsables d&#8217;Equipes ont largement particip\u00e9 et contribu\u00e9 \u00e0 l&#8217;animation de ce rendez-vous. De nombreuses interventions ont aliment\u00e9 les d\u00e9bats, Pierre Narbonne sur les licences et le fonctionnement FBI, Arnaud Thromas sur le r\u00f4le et l&#8217;importance des officiels (OTM et arbitres), Patrice Parent sur le th\u00e8me &#8220;Comp\u00e9tences et Coh\u00e9sion&#8221;, Christophe S\u00e9mavoine sur l&#8217;organisation g\u00e9n\u00e9rale et les transports, Elisabeth Bourbon sur le r\u00f4le global du RE et le fonctionnement au quotidien. L&#8217;ensemble autour d&#8217;un choix de pizzas de La Bo\u00eete \u00e0 Pizza bien s\u00fbr !<\/p>\n<p>Le soutien \u00e0 l&#8217;\u00e9quipe NF1 a aussi \u00e9t\u00e9 mis en valeur par la participation des \u00e9quipes les samedis soirs.<br \/>\nUne Soir\u00e9e Club est organis\u00e9e le <strong>vendredi 27 septembre<\/strong> (rendez-vous 18h) avec toutes les \u00e9quipes du club<\/p>\n","protected":false},"excerpt":{"rendered":"<p>Ce mardi soir, se tenait la r\u00e9union de reprise des Responsables d&#8217;Equipes (RE). Les RE sont les pilotes organisationnels et logistiques (organisation g\u00e9n\u00e9rale, accueil, d\u00e9placements, collation, &#8230;) et les interfaces avec les parents dans toutes les situation extra sportives. Toutes les \u00e9quipes, \u00e0 l&#8217;instar des coaches, ont un ou deux responsable(s) d&#8217;\u00e9quipe(s). Ce mardi, ils&#8230; <\/p>\n<div class=\"clear\"><\/div>\n<p><a href=\"https:\/\/limogesabc.com\/index.php\/les-responsables-dequipes-sont-prets\/\" class=\"excerpt-read-more\">Lire plus<\/a><\/p>\n","protected":false},"author":2,"featured_media":11085,"comment_status":"closed","ping_status":"closed","sticky":false,"template":"","format":"standard","meta":{"_mi_skip_tracking":false,"_exactmetrics_sitenote_active":false,"_exactmetrics_sitenote_note":"","_exactmetrics_sitenote_category":0,"_monsterinsights_skip_tracking":false,"_monsterinsights_sitenote_active":false,"_monsterinsights_sitenote_note":"","_monsterinsights_sitenote_category":0,"footnotes":""},"categories":[79],"tags":[],"class_list":["post-11084","post","type-post","status-publish","format-standard","has-post-thumbnail","hentry","category-actualites"],"aioseo_notices":[],"_links":{"self":[{"href":"https:\/\/limogesabc.com\/index.php\/wp-json\/wp\/v2\/posts\/11084","targetHints":{"allow":["GET"]}}],"collection":[{"href":"https:\/\/limogesabc.com\/index.php\/wp-json\/wp\/v2\/posts"}],"about":[{"href":"https:\/\/limogesabc.com\/index.php\/wp-json\/wp\/v2\/types\/post"}],"author":[{"embeddable":true,"href":"https:\/\/limogesabc.com\/index.php\/wp-json\/wp\/v2\/users\/2"}],"replies":[{"embeddable":true,"href":"https:\/\/limogesabc.com\/index.php\/wp-json\/wp\/v2\/comments?post=11084"}],"version-history":[{"count":1,"href":"https:\/\/limogesabc.com\/index.php\/wp-json\/wp\/v2\/posts\/11084\/revisions"}],"predecessor-version":[{"id":11086,"href":"https:\/\/limogesabc.com\/index.php\/wp-json\/wp\/v2\/posts\/11084\/revisions\/11086"}],"wp:featuredmedia":[{"embeddable":true,"href":"https:\/\/limogesabc.com\/index.php\/wp-json\/wp\/v2\/media\/11085"}],"wp:attachment":[{"href":"https:\/\/limogesabc.com\/index.php\/wp-json\/wp\/v2\/media?parent=11084"}],"wp:term":[{"taxonomy":"category","embeddable":true,"href":"https:\/\/limogesabc.com\/index.php\/wp-json\/wp\/v2\/categories?post=11084"},{"taxonomy":"post_tag","embeddable":true,"href":"https:\/\/limogesabc.com\/index.php\/wp-json\/wp\/v2\/tags?post=11084"}],"curies":[{"name":"wp","href":"https:\/\/api.w.org\/{rel}","templated":true}]}}