{"id":11684,"date":"2019-11-23T18:02:58","date_gmt":"2019-11-23T17:02:58","guid":{"rendered":"http:\/\/limogesabc.com\/?p=11684"},"modified":"2019-11-24T04:57:10","modified_gmt":"2019-11-24T03:57:10","slug":"les-u18-elite-battent-anglet-et-decrochent-leur-qualification-pour-le-groupe-a","status":"publish","type":"post","link":"https:\/\/limogesabc.com\/index.php\/les-u18-elite-battent-anglet-et-decrochent-leur-qualification-pour-le-groupe-a\/","title":{"rendered":"Les U18 Elite battent Anglet (60-41) et d\u00e9crochent (d\u00e9j\u00e0) leur qualification pour le groupe A"},"content":{"rendered":"<p><strong>Grosse performance de nos U18 Elite<\/strong> qui, deux journ\u00e9es avant la fin de phase aller, d\u00e9crochent leur qualification pour le groupe A du Championnat de France Elite, parmi les 24 meilleures \u00e9quipes fran\u00e7aises. Avec les coach Romain Leclaircie et Cl\u00e9ment Magnaval, ce groupe r\u00e9alise une excellente premi\u00e8re partie de saison, six victoires en huit matches, deux d\u00e9faites contre Basket Landes. Ce groupe m\u00e9rite des f\u00e9licitations car rien n&#8217;est du au hasard. la performance sportive a \u00e9t\u00e9 \u00e9rig\u00e9e en obsession, pi\u00e9e \u00e0 un contexte global o\u00f9 rien n&#8217;est laiss\u00e9 au hasard depuis le mois d&#8217;ao\u00fbt et la pr\u00e9paration \u00e0 Saint-L\u00e9onard-de-Noblat. Bravo les filles ! Bravo Romain et Cl\u00e9ment et tout votre staff interne, Manu (RE), Jean-Daniel et R\u00e9gis (P\u00f4le Formation), Astrid, Sandrine, \u2026 (<em>remerciements ci-dessous<\/em>)\u00a0 #GOLABC<\/p>\n<p><span style=\"color: #800080;\"><strong>Le coach, Romain Leclaircie :<\/strong>\u00a0&#8220;Avant toute chose, je souhaite remercier et mettre en lumi\u00e8re les personnes de l\u2019ombre ! Jean-Daniel (responsable administratif du P\u00f4le Formation), Manu (responsable d\u2019\u00e9quipe), Sandrine, Astrid, Nicole, Christophe, Margaux (logistique repas), Daniel (chauffeur), Marine, Cl\u00e9mence, Christian, Mickael (staff m\u00e9dical), K\u00e9vin (statisticien) et bien \u00e9videmment R\u00e9gis qui a permis \u00e0 cinq filles du groupe de participer \u00e0 des entra\u00eenements et des matchs avec la NF1. <\/span><span style=\"color: #800080;\">Ces personnes l\u00e0 font un boulot extraordinaire, je p\u00e8se mes mots. Elles nous permettent de nous concentrer uniquement sur le basket et c\u2019est en partie l\u2019une des causes de nos r\u00e9sultats&#8230;<\/span><br \/>\n<span style=\"color: #800080;\">Maintenant, l\u2019\u00e9quipe&#8230; Nous sommes fiers d\u2019elles. Elles respectent le projet qu\u2019elles ont elles m\u00eames construit ! Le groupe A \u00e9tait un objectif clairement d\u00e9termin depuis fin ao\u00fbt, et c\u2019est amplement m\u00e9rit\u00e9 du fait de l\u2019investissement quotidien des filles !<br \/>\nJe finirai par remercier mon fid\u00e8le assistant, Cl\u00e9ment Magnaval, qui est extr\u00eamement pr\u00e9cieux \u00e0 la r\u00e9ussite de notre saison !\u00a0En route, pour le Groupe A !!!&#8221;<\/span><\/p>\n<p><span style=\"color: #003366;\"><strong>Les f\u00e9licitations du Pr\u00e9sident, Jean-Paul Robert<\/strong> : &#8221; Bravo \u00e0 tout le staff U18 Elite, joueuses, coaches, encadrants, b\u00e9n\u00e9voles qui accompagnent l\u2019\u00e9quipe. D\u00e9dicace sp\u00e9ciale \u00e0 Romain et Cl\u00e9ment. Bravo et profitez de ces moments tout \u00e0 fait m\u00e9rit\u00e9s pour tout le groupe&#8221;.<\/span><\/p>\n<p>Ce samedi apr\u00e8s-midi Salle Mu&#8217; : <strong>Limoges ABC <em>en Limousin<\/em> &#8211; Anglet C\u00f4te Basque Basket<\/strong> : 15 &#8211; 8 ; 28 &#8211; 17 ; 46 &#8211; 30 ; 60 &#8211; 41<\/p>\n<p>&nbsp;<\/p>\n","protected":false},"excerpt":{"rendered":"<p>Grosse performance de nos U18 Elite qui, deux journ\u00e9es avant la fin de phase aller, d\u00e9crochent leur qualification pour le groupe A du Championnat de France Elite, parmi les 24 meilleures \u00e9quipes fran\u00e7aises. Avec les coach Romain Leclaircie et Cl\u00e9ment Magnaval, ce groupe r\u00e9alise une excellente premi\u00e8re partie de saison, six victoires en huit matches,&#8230; <\/p>\n<div class=\"clear\"><\/div>\n<p><a href=\"https:\/\/limogesabc.com\/index.php\/les-u18-elite-battent-anglet-et-decrochent-leur-qualification-pour-le-groupe-a\/\" class=\"excerpt-read-more\">Lire plus<\/a><\/p>\n","protected":false},"author":2,"featured_media":11681,"comment_status":"closed","ping_status":"closed","sticky":false,"template":"","format":"standard","meta":{"_mi_skip_tracking":false,"_exactmetrics_sitenote_active":false,"_exactmetrics_sitenote_note":"","_exactmetrics_sitenote_category":0,"_monsterinsights_skip_tracking":false,"_monsterinsights_sitenote_active":false,"_monsterinsights_sitenote_note":"","_monsterinsights_sitenote_category":0,"footnotes":""},"categories":[79,91],"tags":[],"class_list":["post-11684","post","type-post","status-publish","format-standard","has-post-thumbnail","hentry","category-actualites","category-pole_formation"],"aioseo_notices":[],"_links":{"self":[{"href":"https:\/\/limogesabc.com\/index.php\/wp-json\/wp\/v2\/posts\/11684","targetHints":{"allow":["GET"]}}],"collection":[{"href":"https:\/\/limogesabc.com\/index.php\/wp-json\/wp\/v2\/posts"}],"about":[{"href":"https:\/\/limogesabc.com\/index.php\/wp-json\/wp\/v2\/types\/post"}],"author":[{"embeddable":true,"href":"https:\/\/limogesabc.com\/index.php\/wp-json\/wp\/v2\/users\/2"}],"replies":[{"embeddable":true,"href":"https:\/\/limogesabc.com\/index.php\/wp-json\/wp\/v2\/comments?post=11684"}],"version-history":[{"count":8,"href":"https:\/\/limogesabc.com\/index.php\/wp-json\/wp\/v2\/posts\/11684\/revisions"}],"predecessor-version":[{"id":11700,"href":"https:\/\/limogesabc.com\/index.php\/wp-json\/wp\/v2\/posts\/11684\/revisions\/11700"}],"wp:featuredmedia":[{"embeddable":true,"href":"https:\/\/limogesabc.com\/index.php\/wp-json\/wp\/v2\/media\/11681"}],"wp:attachment":[{"href":"https:\/\/limogesabc.com\/index.php\/wp-json\/wp\/v2\/media?parent=11684"}],"wp:term":[{"taxonomy":"category","embeddable":true,"href":"https:\/\/limogesabc.com\/index.php\/wp-json\/wp\/v2\/categories?post=11684"},{"taxonomy":"post_tag","embeddable":true,"href":"https:\/\/limogesabc.com\/index.php\/wp-json\/wp\/v2\/tags?post=11684"}],"curies":[{"name":"wp","href":"https:\/\/api.w.org\/{rel}","templated":true}]}}