{"id":11740,"date":"2019-12-06T10:43:25","date_gmt":"2019-12-06T09:43:25","guid":{"rendered":"http:\/\/limogesabc.com\/?p=11740"},"modified":"2019-12-07T09:33:32","modified_gmt":"2019-12-07T08:33:32","slug":"attention-au-poinconnet-ce-samedi-soir-20h-salle-mu","status":"publish","type":"post","link":"https:\/\/limogesabc.com\/index.php\/attention-au-poinconnet-ce-samedi-soir-20h-salle-mu\/","title":{"rendered":"Attention au Poin\u00e7onnet ce samedi soir 20h Salle Mu&#8217;"},"content":{"rendered":"<p>Il nous reste deux matches avant la tr\u00eave et nous aurons termin\u00e9 la phase aller. Avec six victoires et trois d\u00e9faites, nous pointons seuls \u00e0 la 3\u00e8me place du championnat de NF1 et en embuscade. Le coach disait en d\u00e9but de saison que nous souhaitions \u00eatre &#8220;<em>le poil \u00e0 gratter<\/em>&#8221; du championnat. Pour l&#8217;instant, la mission est remplie ; mais nous n&#8217;avons encore rien fait, ou presque &#8230;<\/p>\n<p><strong>Pourtant \u2026<\/strong> Nous revenons de quatre d\u00e9placements, deux en championnat (Lyon et Nice), deux en Coupe (Brive et Anglet) avec <strong>une place sur le podium<\/strong> du championnat et une <strong>qualification en 1\/16\u00e8me de Coupe de France,<\/strong> pour, la cerise sur le g\u00e2teau, un week-end limougeaud les 22 et 23 f\u00e9vrier 2020. Retenez cette date, Limoges et la Salle Mu&#8217; accueilleront le Plateau Coupe de France 1\/16\u00e8me et 1\/8\u00e8me \u2026 <strong>Presque rien n&#8217;est fait, mais un peu quand m\u00eame !\u00a0<\/strong><\/p>\n<p>Alors, que \u00e7a fait du bien de retrouver notre public et nos partenaires ce samedi contre Le Poin\u00e7onnet Salle Mu&#8217; \u2026 Une \u00e9quipe qui sera difficile \u00e0 jouer, qui perd de peu contre Monaco (74-71) et Colomiers (74-70), qui est accrocheuse et qui a un bon cinq majeur avec une Martine Barba bien connue Salle Mu&#8217;. Le Poin\u00e7onnet ne sera pas un faire-valoir samedi et il va falloir jouer collectif et \u00eatre \u00e0 notre meilleur niveau.<\/p>\n<p>Nous sommes pr\u00eats pour une belle soir\u00e9e de basket f\u00e9minin, avec vous, public, supporters, partenaires. Le parrain du match est le <span style=\"color: #003366;\"><strong>Conseil D\u00e9partemental de la Haute-Vienne<\/strong>. S<\/span>on Pr\u00e9sident, Jean-Claude Leblois donnera le coup d&#8217;envoi de la rencontre.<\/p>\n<p><span style=\"color: #993300;\">Lever de rideau \u00e0 17h en U18 Nouvelle-Aquitaine : Limoges ABC &#8211; CTC Dordogne Sud Basket<\/span><\/p>\n","protected":false},"excerpt":{"rendered":"<p>Il nous reste deux matches avant la tr\u00eave et nous aurons termin\u00e9 la phase aller. Avec six victoires et trois d\u00e9faites, nous pointons seuls \u00e0 la 3\u00e8me place du championnat de NF1 et en embuscade. Le coach disait en d\u00e9but de saison que nous souhaitions \u00eatre &#8220;le poil \u00e0 gratter&#8221; du championnat. Pour l&#8217;instant, la&#8230; <\/p>\n<div class=\"clear\"><\/div>\n<p><a href=\"https:\/\/limogesabc.com\/index.php\/attention-au-poinconnet-ce-samedi-soir-20h-salle-mu\/\" class=\"excerpt-read-more\">Lire plus<\/a><\/p>\n","protected":false},"author":2,"featured_media":11738,"comment_status":"closed","ping_status":"closed","sticky":false,"template":"","format":"standard","meta":{"_mi_skip_tracking":false,"_exactmetrics_sitenote_active":false,"_exactmetrics_sitenote_note":"","_exactmetrics_sitenote_category":0,"_monsterinsights_skip_tracking":false,"_monsterinsights_sitenote_active":false,"_monsterinsights_sitenote_note":"","_monsterinsights_sitenote_category":0,"footnotes":""},"categories":[79],"tags":[],"class_list":["post-11740","post","type-post","status-publish","format-standard","has-post-thumbnail","hentry","category-actualites"],"aioseo_notices":[],"_links":{"self":[{"href":"https:\/\/limogesabc.com\/index.php\/wp-json\/wp\/v2\/posts\/11740","targetHints":{"allow":["GET"]}}],"collection":[{"href":"https:\/\/limogesabc.com\/index.php\/wp-json\/wp\/v2\/posts"}],"about":[{"href":"https:\/\/limogesabc.com\/index.php\/wp-json\/wp\/v2\/types\/post"}],"author":[{"embeddable":true,"href":"https:\/\/limogesabc.com\/index.php\/wp-json\/wp\/v2\/users\/2"}],"replies":[{"embeddable":true,"href":"https:\/\/limogesabc.com\/index.php\/wp-json\/wp\/v2\/comments?post=11740"}],"version-history":[{"count":4,"href":"https:\/\/limogesabc.com\/index.php\/wp-json\/wp\/v2\/posts\/11740\/revisions"}],"predecessor-version":[{"id":11749,"href":"https:\/\/limogesabc.com\/index.php\/wp-json\/wp\/v2\/posts\/11740\/revisions\/11749"}],"wp:featuredmedia":[{"embeddable":true,"href":"https:\/\/limogesabc.com\/index.php\/wp-json\/wp\/v2\/media\/11738"}],"wp:attachment":[{"href":"https:\/\/limogesabc.com\/index.php\/wp-json\/wp\/v2\/media?parent=11740"}],"wp:term":[{"taxonomy":"category","embeddable":true,"href":"https:\/\/limogesabc.com\/index.php\/wp-json\/wp\/v2\/categories?post=11740"},{"taxonomy":"post_tag","embeddable":true,"href":"https:\/\/limogesabc.com\/index.php\/wp-json\/wp\/v2\/tags?post=11740"}],"curies":[{"name":"wp","href":"https:\/\/api.w.org\/{rel}","templated":true}]}}