{"id":11863,"date":"2019-12-15T14:08:47","date_gmt":"2019-12-15T13:08:47","guid":{"rendered":"http:\/\/limogesabc.com\/?p=11863"},"modified":"2019-12-15T15:05:33","modified_gmt":"2019-12-15T14:05:33","slug":"salle-mu-a-15h30-la-nf3-rencontre-saran","status":"publish","type":"post","link":"https:\/\/limogesabc.com\/index.php\/salle-mu-a-15h30-la-nf3-rencontre-saran\/","title":{"rendered":"Salle Mu&#8217; \u00e0 15h30 la NF3 rencontre Saran et le club annonce l&#8217;arriv\u00e9e de S\u00e9bastien Montassier"},"content":{"rendered":"<p><span style=\"color: #003366;\"><strong>C&#8217;est un match importantissime<\/strong><\/span> que nous disputons cet apr\u00e8s-midi en NF3, \u00e0 15h30 Salle Mu&#8217; contre Saran (7\u00e8me). Si nous voulons garder une belle chance de nous maintenir, la victoire serait tr\u00e8s pr\u00e9cieuse. Saran est un adversaire direct pour les quatre places de rel\u00e9gables et nous avons besoin de points !<\/p>\n<p>Mais le fait du jour est aussi l&#8217;annonce du nouvel entra\u00eeneur qui va prendre ses fonctions mercredi pour l&#8217;entra\u00eenement des NF3 avant de terminer la saison avec le groupe et de tente, avec les filles, l&#8217;op\u00e9ration maintien. Bien connu au club, <strong>S\u00e9bastien Montassier<\/strong> a toutes les cartes en main. BE1, il a coach\u00e9 nous U17 France (2013), participant aussi au voyage de coop\u00e9ration \u00e0 Charlotte et il a coch\u00e9 notre NF3. Pr\u00e9c\u00e9demment, S\u00e9bastien a \u00e9t\u00e9 entra\u00eeneur \u00e0 Feytiat en NF3 puis NF2. S\u00e9bastien Montassier connait plusieurs joueuses de notre effectif actuel pour les avoir eu en tant qu&#8217;entra\u00eeneur &#8230;<\/p>\n<p>Mais <strong>Anne-Flore Gineste<\/strong> sera encore aux manettes cet apr\u00e8s-midi et tentera de conclure son int\u00e9rim par une belle petite victoire, dans le sillage des deux derni\u00e8res prestations, m\u00eame si le r\u00e9sultat n&#8217;a pas \u00e9t\u00e9 atteint comptablement. Merci \u00e0 elle en tout cas, grand merci pour cet int\u00e9rim concluant et dans l&#8217;\u00e9tat d&#8217;esprit qui convient. Merci aussi \u00e0 <strong>R\u00e9gis Racine<\/strong> qui a assur\u00e9 plusieurs entra\u00eenements des filles, communs souvent avec la NF1 et en sachant g\u00e9rer les deux groupes dans une p\u00e9riode d\u00e9licate. Nous publierons une interview d&#8217;Anne-Flore et de S\u00e9bastien en d\u00e9but de soir\u00e9e. <span style=\"color: #003366;\"><strong>Allez les filles !<\/strong><\/span><\/p>\n<p><span style=\"color: #800080;\"><strong>Notre photo,<\/strong> avant le match NF3 vs Saran :\u00a0 de gauche \u00e0 droite Jean-Paul Robert, S\u00e9bastien Montassier, Anne-Flore Gineste, Christophe S\u00e9mavoine<\/span><\/p>\n","protected":false},"excerpt":{"rendered":"<p>C&#8217;est un match importantissime que nous disputons cet apr\u00e8s-midi en NF3, \u00e0 15h30 Salle Mu&#8217; contre Saran (7\u00e8me). Si nous voulons garder une belle chance de nous maintenir, la victoire serait tr\u00e8s pr\u00e9cieuse. Saran est un adversaire direct pour les quatre places de rel\u00e9gables et nous avons besoin de points ! Mais le fait du&#8230; <\/p>\n<div class=\"clear\"><\/div>\n<p><a href=\"https:\/\/limogesabc.com\/index.php\/salle-mu-a-15h30-la-nf3-rencontre-saran\/\" class=\"excerpt-read-more\">Lire plus<\/a><\/p>\n","protected":false},"author":2,"featured_media":11869,"comment_status":"closed","ping_status":"closed","sticky":false,"template":"","format":"standard","meta":{"_mi_skip_tracking":false,"_exactmetrics_sitenote_active":false,"_exactmetrics_sitenote_note":"","_exactmetrics_sitenote_category":0,"_monsterinsights_skip_tracking":false,"_monsterinsights_sitenote_active":false,"_monsterinsights_sitenote_note":"","_monsterinsights_sitenote_category":0,"footnotes":""},"categories":[79],"tags":[],"class_list":["post-11863","post","type-post","status-publish","format-standard","has-post-thumbnail","hentry","category-actualites"],"aioseo_notices":[],"_links":{"self":[{"href":"https:\/\/limogesabc.com\/index.php\/wp-json\/wp\/v2\/posts\/11863","targetHints":{"allow":["GET"]}}],"collection":[{"href":"https:\/\/limogesabc.com\/index.php\/wp-json\/wp\/v2\/posts"}],"about":[{"href":"https:\/\/limogesabc.com\/index.php\/wp-json\/wp\/v2\/types\/post"}],"author":[{"embeddable":true,"href":"https:\/\/limogesabc.com\/index.php\/wp-json\/wp\/v2\/users\/2"}],"replies":[{"embeddable":true,"href":"https:\/\/limogesabc.com\/index.php\/wp-json\/wp\/v2\/comments?post=11863"}],"version-history":[{"count":5,"href":"https:\/\/limogesabc.com\/index.php\/wp-json\/wp\/v2\/posts\/11863\/revisions"}],"predecessor-version":[{"id":11872,"href":"https:\/\/limogesabc.com\/index.php\/wp-json\/wp\/v2\/posts\/11863\/revisions\/11872"}],"wp:featuredmedia":[{"embeddable":true,"href":"https:\/\/limogesabc.com\/index.php\/wp-json\/wp\/v2\/media\/11869"}],"wp:attachment":[{"href":"https:\/\/limogesabc.com\/index.php\/wp-json\/wp\/v2\/media?parent=11863"}],"wp:term":[{"taxonomy":"category","embeddable":true,"href":"https:\/\/limogesabc.com\/index.php\/wp-json\/wp\/v2\/categories?post=11863"},{"taxonomy":"post_tag","embeddable":true,"href":"https:\/\/limogesabc.com\/index.php\/wp-json\/wp\/v2\/tags?post=11863"}],"curies":[{"name":"wp","href":"https:\/\/api.w.org\/{rel}","templated":true}]}}