{"id":12114,"date":"2020-02-01T09:48:59","date_gmt":"2020-02-01T08:48:59","guid":{"rendered":"http:\/\/limogesabc.com\/?p=12114"},"modified":"2020-02-01T18:25:37","modified_gmt":"2020-02-01T17:25:37","slug":"ce-soir-cest-derby-allezlesfilles","status":"publish","type":"post","link":"https:\/\/limogesabc.com\/index.php\/ce-soir-cest-derby-allezlesfilles\/","title":{"rendered":"Ce soir c&#8217;est derby, #allezlesfilles !"},"content":{"rendered":"<p><strong>Ce soir, la Salle Mu&#8217; va enfiler ses plus beaux habits.<\/strong> Des matches comme celui-ci, nous n&#8217;en vivons pas beaucoup. Dramaturgie et \u00e9motions sont les ingr\u00e9dients du sport mais un derby, c&#8217;est autre chose, ce sont des sensations fortes assur\u00e9es avant m\u00eame le coup d&#8217;envoi, des d\u00e9fis \u00e0 relever. Oui, nous voulons gagner, bien s\u00fbr que nous voulons gagner, heureusement que nous voulons gagner ! Oui un derby, \u00e7a se ne joue pas, \u00e7a se gagne. Oui, nous aurons envie de nous refaire la cerise apr\u00e8s deux d\u00e9faites lors des deux derniers matches. C&#8217;est bien pour \u00e7a que nous sommes d\u00e9j\u00e0 impatients de nous rapprocher du coup d&#8217;envoi.<\/p>\n<p>Le coup d&#8217;envoi sera donn\u00e9 par de nombreuses <strong>partenaires entrepreneures<\/strong> du club, en l&#8217;honneur de la &#8220;<strong>Journ\u00e9e du sport f\u00e9minin<\/strong>&#8220;. Cet \u00e9v\u00e9nement national &#8220;<strong>Sport F\u00e9minin Toujours<\/strong>&#8221; se d\u00e9roule ce week-end \u00e0 l&#8217;initiative notamment de l&#8217;Etat (Minist\u00e8re des Sports) et du CNOSF (Comit\u00e9 National Olympique et Sportif Fran\u00e7ais). <strong>Fran\u00e7ois Marcellaud<\/strong>, Pr\u00e9sident du CDOS 87 nous a propos\u00e9 d&#8217;offrir un cadeau \u00e0 toutes les joueuses et aux deux clubs avant la rencontre et c&#8217;est donc avec plaisir que nous associons le Comit\u00e9 Olympique et son Pr\u00e9sident d\u00e9partemental \u00e0 notre rencontre.<\/p>\n<p>Nous vous attendons d\u00e8s 18h30. Entr\u00e9e 6 \u20ac. Buvette et petite restauration comme d&#8217;habitude + convivialit\u00e9 au menu de la soir\u00e9e.<\/p>\n<p><em>L&#8217;apr\u00e8s match avec nos partenaires sera propos\u00e9 par Nicolas Marcheix, restaurant Le Proven\u00e7al et h\u00f4tel Comfort Inn.\u00a0<\/em><\/p>\n<p><span style=\"color: #800080;\"><strong>Demain<\/strong> dimanche deux matches importants : En U18 Elite, le Limoges ABC re\u00e7oit Basket Landes \u00e0 13h15 Salle Mu&#8217;<\/span><br \/>\n<span style=\"color: #800080;\">En NF3; d\u00e9placement de notre \u00e9quipe rue Grellet pour une rencontre capitale \u00e0 15h30 vs ASPTT Limoges<\/span><\/p>\n","protected":false},"excerpt":{"rendered":"<p>Ce soir, la Salle Mu&#8217; va enfiler ses plus beaux habits. Des matches comme celui-ci, nous n&#8217;en vivons pas beaucoup. Dramaturgie et \u00e9motions sont les ingr\u00e9dients du sport mais un derby, c&#8217;est autre chose, ce sont des sensations fortes assur\u00e9es avant m\u00eame le coup d&#8217;envoi, des d\u00e9fis \u00e0 relever. Oui, nous voulons gagner, bien s\u00fbr&#8230; <\/p>\n<div class=\"clear\"><\/div>\n<p><a href=\"https:\/\/limogesabc.com\/index.php\/ce-soir-cest-derby-allezlesfilles\/\" class=\"excerpt-read-more\">Lire plus<\/a><\/p>\n","protected":false},"author":2,"featured_media":12105,"comment_status":"closed","ping_status":"closed","sticky":false,"template":"","format":"standard","meta":{"_mi_skip_tracking":false,"_exactmetrics_sitenote_active":false,"_exactmetrics_sitenote_note":"","_exactmetrics_sitenote_category":0,"_monsterinsights_skip_tracking":false,"_monsterinsights_sitenote_active":false,"_monsterinsights_sitenote_note":"","_monsterinsights_sitenote_category":0,"footnotes":""},"categories":[79,90],"tags":[],"class_list":["post-12114","post","type-post","status-publish","format-standard","has-post-thumbnail","hentry","category-actualites","category-nf1"],"aioseo_notices":[],"_links":{"self":[{"href":"https:\/\/limogesabc.com\/index.php\/wp-json\/wp\/v2\/posts\/12114","targetHints":{"allow":["GET"]}}],"collection":[{"href":"https:\/\/limogesabc.com\/index.php\/wp-json\/wp\/v2\/posts"}],"about":[{"href":"https:\/\/limogesabc.com\/index.php\/wp-json\/wp\/v2\/types\/post"}],"author":[{"embeddable":true,"href":"https:\/\/limogesabc.com\/index.php\/wp-json\/wp\/v2\/users\/2"}],"replies":[{"embeddable":true,"href":"https:\/\/limogesabc.com\/index.php\/wp-json\/wp\/v2\/comments?post=12114"}],"version-history":[{"count":4,"href":"https:\/\/limogesabc.com\/index.php\/wp-json\/wp\/v2\/posts\/12114\/revisions"}],"predecessor-version":[{"id":12120,"href":"https:\/\/limogesabc.com\/index.php\/wp-json\/wp\/v2\/posts\/12114\/revisions\/12120"}],"wp:featuredmedia":[{"embeddable":true,"href":"https:\/\/limogesabc.com\/index.php\/wp-json\/wp\/v2\/media\/12105"}],"wp:attachment":[{"href":"https:\/\/limogesabc.com\/index.php\/wp-json\/wp\/v2\/media?parent=12114"}],"wp:term":[{"taxonomy":"category","embeddable":true,"href":"https:\/\/limogesabc.com\/index.php\/wp-json\/wp\/v2\/categories?post=12114"},{"taxonomy":"post_tag","embeddable":true,"href":"https:\/\/limogesabc.com\/index.php\/wp-json\/wp\/v2\/tags?post=12114"}],"curies":[{"name":"wp","href":"https:\/\/api.w.org\/{rel}","templated":true}]}}