{"id":12179,"date":"2020-02-16T00:17:13","date_gmt":"2020-02-15T23:17:13","guid":{"rendered":"http:\/\/limogesabc.com\/?p=12179"},"modified":"2020-02-16T19:12:15","modified_gmt":"2020-02-16T18:12:15","slug":"defaite-amere-74-76-face-a-villeurbanne","status":"publish","type":"post","link":"https:\/\/limogesabc.com\/index.php\/defaite-amere-74-76-face-a-villeurbanne\/","title":{"rendered":"D\u00e9faite am\u00e8re 74-76 face \u00e0 Villeurbanne"},"content":{"rendered":"<p>De l&#8217;art, si c&#8217;en est un, de souffler le chaud et le froid &#8230; <strong>Le chaud \u00e0 Monaco, le froid contre Villeurbanne<\/strong>. Apr\u00e8s avoir men\u00e9 de quinze points \u00e0 la 30&#8242; (62-47), les limougeaudes ont compl\u00e9tement perdu les p\u00e9dales pour s&#8217;incliner au terme d&#8217;une prolongation (74-76). Il est certain qu&#8217;on ne peut pas perdre un match dans ces conditions et pourtant il est perdu. Il est certain que nous dominions la rencontre durant tout le 3\u00e8me quart temps gagn\u00e9 23-11 et pourtant nous n&#8217;avons pas su g\u00e9rer la fin de match en perdant le 4\u00e8me quart-temps 8-23 ! Cette \u00e9quipe vient d&#8217;encaisser sa quatri\u00e8me d\u00e9faite de suite \u00e0 domicile o\u00f9 nous n&#8217;avons pas gagn\u00e9 depuis le 9 novembre. Perdre son basket est une chose ; perdre sa t\u00eate en est une autre. Et c&#8217;est plut\u00f4t la t\u00eate qui a fait perdre le basket samedi soir.<\/p>\n<p>Nous avons cinq jours pour corriger la copie et repartir d&#8217;une page blanche samedi \u00e0 20h contre Cournon d&#8217;Auvergne (NF2, +7) en Coupe de France \u00e0 domicile. L&#8217;enjeu du Week-end est d&#8217;importance. Les deux \u00e9quipes qui se qualifient le samedi joueront le 1\/8 de Coupe le dimanche (15h30). Le vainqueur sortira pour les 1\/4 de finales qui se joueront \u00e0 Carmaux les 11 et 12 avril.<\/p>\n<p><span style=\"color: #000080;\"><b>Limoges ABC <i>en Limousin<span class=\"Apple-converted-space\">\u00a0 <\/span>&#8211; <\/i>ASVEL Villeurbanne Basket F\u00e9minin : 22-20 ; 39-36 ; 62-47 ; 70-70 ; 74-76 (ap)<\/b><\/span><\/p>\n<p><span style=\"color: #000080;\"><b>Limoges ABC <i>en Limousin<\/i> :<\/b><\/span> BOUSBAA Linda, CELESTIN Questeline 8, BREUIL Johanna, IRABE Oph\u00e9lie 14, MOUKOKO Am\u00e9lia 2, MENDES M\u00e9lissa 6, JEZ Silvana 14, MEITE Mawatta. <span style=\"color: #003366;\">Coach : R\u00e9gis RACINE &#8211; Assistant : Romain LECLAIRCIE<\/span><\/p>\n<p><span style=\"color: #000080;\"><b>ASVEL Villeurbanne Basket F\u00e9minin :<\/b> <\/span>ROULIN Juliette 8, M\u2019BAYE Carla 6, ARFELIS Marion 4, THOS Alexandra, JORET Margot 25, LE MOAL Marie-Aliz\u00e9e 5, ILVOVSKAYA Alexandra 4, KABANGA Naomi, GEISSER Anne-Laure 15, ROUSSIGNOL H\u00e9lo\u00efse 9. <span style=\"color: #003366;\">Coach : Virginie KEVORKIAN<\/span><\/p>\n<h4>Reportage photos par Olivier Sarre<\/h4>\n\n\t\t<style type=\"text\/css\">\n\t\t\t#gallery-1 {\n\t\t\t\tmargin: auto;\n\t\t\t}\n\t\t\t#gallery-1 .gallery-item {\n\t\t\t\tfloat: left;\n\t\t\t\tmargin-top: 10px;\n\t\t\t\ttext-align: center;\n\t\t\t\twidth: 33%;\n\t\t\t}\n\t\t\t#gallery-1 img {\n\t\t\t\tborder-width: 1px; border-style: solid;\n\t\t\t}\n\t\t\t#gallery-1 .gallery-caption {\n\t\t\t\tmargin-left: 0;\n\t\t\t}\n\t\t\t\/* see gallery_shortcode() in wp-includes\/media.php *\/\n\t\t<\/style>\n\t\t<div id='gallery-1' class='gallery galleryid-12179 gallery-columns-3 gallery-size-large'><dl class='gallery-item'>\n\t\t\t<dt class='gallery-icon landscape'>\n\t\t\t\t<a href='https:\/\/limogesabc.com\/wp-content\/uploads\/2020\/02\/Limoges-ABC-ASVEL-Villeurbanne-1.jpg'><img fetchpriority=\"high\" decoding=\"async\" width=\"960\" height=\"676\" src=\"https:\/\/limogesabc.com\/wp-content\/uploads\/2020\/02\/Limoges-ABC-ASVEL-Villeurbanne-1-1024x721.jpg\" class=\"attachment-large size-large\" alt=\"\" srcset=\"https:\/\/limogesabc.com\/wp-content\/uploads\/2020\/02\/Limoges-ABC-ASVEL-Villeurbanne-1-1024x721.jpg 1024w, https:\/\/limogesabc.com\/wp-content\/uploads\/2020\/02\/Limoges-ABC-ASVEL-Villeurbanne-1-300x211.jpg 300w, https:\/\/limogesabc.com\/wp-content\/uploads\/2020\/02\/Limoges-ABC-ASVEL-Villeurbanne-1-768x541.jpg 768w, https:\/\/limogesabc.com\/wp-content\/uploads\/2020\/02\/Limoges-ABC-ASVEL-Villeurbanne-1-1320x929.jpg 1320w, https:\/\/limogesabc.com\/wp-content\/uploads\/2020\/02\/Limoges-ABC-ASVEL-Villeurbanne-1.jpg 1500w\" sizes=\"(max-width: 960px) 100vw, 960px\" \/><\/a>\n\t\t\t<\/dt><\/dl><dl class='gallery-item'>\n\t\t\t<dt class='gallery-icon landscape'>\n\t\t\t\t<a href='https:\/\/limogesabc.com\/wp-content\/uploads\/2020\/02\/Limoges-ABC-ASVEL-Villeurbanne-2.jpg'><img decoding=\"async\" width=\"960\" height=\"670\" src=\"https:\/\/limogesabc.com\/wp-content\/uploads\/2020\/02\/Limoges-ABC-ASVEL-Villeurbanne-2-1024x715.jpg\" class=\"attachment-large size-large\" alt=\"\" srcset=\"https:\/\/limogesabc.com\/wp-content\/uploads\/2020\/02\/Limoges-ABC-ASVEL-Villeurbanne-2-1024x715.jpg 1024w, https:\/\/limogesabc.com\/wp-content\/uploads\/2020\/02\/Limoges-ABC-ASVEL-Villeurbanne-2-300x209.jpg 300w, https:\/\/limogesabc.com\/wp-content\/uploads\/2020\/02\/Limoges-ABC-ASVEL-Villeurbanne-2-768x536.jpg 768w, https:\/\/limogesabc.com\/wp-content\/uploads\/2020\/02\/Limoges-ABC-ASVEL-Villeurbanne-2-1320x921.jpg 1320w, https:\/\/limogesabc.com\/wp-content\/uploads\/2020\/02\/Limoges-ABC-ASVEL-Villeurbanne-2.jpg 1500w\" sizes=\"(max-width: 960px) 100vw, 960px\" \/><\/a>\n\t\t\t<\/dt><\/dl><dl class='gallery-item'>\n\t\t\t<dt class='gallery-icon landscape'>\n\t\t\t\t<a href='https:\/\/limogesabc.com\/wp-content\/uploads\/2020\/02\/Limoges-ABC-ASVEL-Villeurbanne-3.jpg'><img decoding=\"async\" width=\"960\" height=\"677\" src=\"https:\/\/limogesabc.com\/wp-content\/uploads\/2020\/02\/Limoges-ABC-ASVEL-Villeurbanne-3-1024x722.jpg\" class=\"attachment-large size-large\" alt=\"\" srcset=\"https:\/\/limogesabc.com\/wp-content\/uploads\/2020\/02\/Limoges-ABC-ASVEL-Villeurbanne-3-1024x722.jpg 1024w, https:\/\/limogesabc.com\/wp-content\/uploads\/2020\/02\/Limoges-ABC-ASVEL-Villeurbanne-3-300x212.jpg 300w, https:\/\/limogesabc.com\/wp-content\/uploads\/2020\/02\/Limoges-ABC-ASVEL-Villeurbanne-3-768x542.jpg 768w, https:\/\/limogesabc.com\/wp-content\/uploads\/2020\/02\/Limoges-ABC-ASVEL-Villeurbanne-3-1320x931.jpg 1320w, https:\/\/limogesabc.com\/wp-content\/uploads\/2020\/02\/Limoges-ABC-ASVEL-Villeurbanne-3.jpg 1500w\" sizes=\"(max-width: 960px) 100vw, 960px\" \/><\/a>\n\t\t\t<\/dt><\/dl><br style=\"clear: both\" \/><dl class='gallery-item'>\n\t\t\t<dt class='gallery-icon landscape'>\n\t\t\t\t<a href='https:\/\/limogesabc.com\/wp-content\/uploads\/2020\/02\/Limoges-ABC-ASVEL-Villeurbanne-4.jpg'><img loading=\"lazy\" decoding=\"async\" width=\"960\" height=\"667\" src=\"https:\/\/limogesabc.com\/wp-content\/uploads\/2020\/02\/Limoges-ABC-ASVEL-Villeurbanne-4-1024x711.jpg\" class=\"attachment-large size-large\" alt=\"\" srcset=\"https:\/\/limogesabc.com\/wp-content\/uploads\/2020\/02\/Limoges-ABC-ASVEL-Villeurbanne-4-1024x711.jpg 1024w, https:\/\/limogesabc.com\/wp-content\/uploads\/2020\/02\/Limoges-ABC-ASVEL-Villeurbanne-4-300x208.jpg 300w, https:\/\/limogesabc.com\/wp-content\/uploads\/2020\/02\/Limoges-ABC-ASVEL-Villeurbanne-4-768x533.jpg 768w, https:\/\/limogesabc.com\/wp-content\/uploads\/2020\/02\/Limoges-ABC-ASVEL-Villeurbanne-4-1320x916.jpg 1320w, https:\/\/limogesabc.com\/wp-content\/uploads\/2020\/02\/Limoges-ABC-ASVEL-Villeurbanne-4.jpg 1500w\" sizes=\"(max-width: 960px) 100vw, 960px\" \/><\/a>\n\t\t\t<\/dt><\/dl><dl class='gallery-item'>\n\t\t\t<dt class='gallery-icon landscape'>\n\t\t\t\t<a href='https:\/\/limogesabc.com\/wp-content\/uploads\/2020\/02\/Limoges-ABC-ASVEL-Villeurbanne-5.jpg'><img loading=\"lazy\" decoding=\"async\" width=\"960\" height=\"676\" src=\"https:\/\/limogesabc.com\/wp-content\/uploads\/2020\/02\/Limoges-ABC-ASVEL-Villeurbanne-5-1024x721.jpg\" class=\"attachment-large size-large\" alt=\"\" srcset=\"https:\/\/limogesabc.com\/wp-content\/uploads\/2020\/02\/Limoges-ABC-ASVEL-Villeurbanne-5-1024x721.jpg 1024w, https:\/\/limogesabc.com\/wp-content\/uploads\/2020\/02\/Limoges-ABC-ASVEL-Villeurbanne-5-300x211.jpg 300w, https:\/\/limogesabc.com\/wp-content\/uploads\/2020\/02\/Limoges-ABC-ASVEL-Villeurbanne-5-768x541.jpg 768w, https:\/\/limogesabc.com\/wp-content\/uploads\/2020\/02\/Limoges-ABC-ASVEL-Villeurbanne-5-1320x929.jpg 1320w, https:\/\/limogesabc.com\/wp-content\/uploads\/2020\/02\/Limoges-ABC-ASVEL-Villeurbanne-5.jpg 1500w\" sizes=\"(max-width: 960px) 100vw, 960px\" \/><\/a>\n\t\t\t<\/dt><\/dl><dl class='gallery-item'>\n\t\t\t<dt class='gallery-icon landscape'>\n\t\t\t\t<a href='https:\/\/limogesabc.com\/wp-content\/uploads\/2020\/02\/Limoges-ABC-ASVEL-Villeurbanne-6.jpg'><img loading=\"lazy\" decoding=\"async\" width=\"960\" height=\"681\" src=\"https:\/\/limogesabc.com\/wp-content\/uploads\/2020\/02\/Limoges-ABC-ASVEL-Villeurbanne-6-1024x726.jpg\" class=\"attachment-large size-large\" alt=\"\" srcset=\"https:\/\/limogesabc.com\/wp-content\/uploads\/2020\/02\/Limoges-ABC-ASVEL-Villeurbanne-6-1024x726.jpg 1024w, https:\/\/limogesabc.com\/wp-content\/uploads\/2020\/02\/Limoges-ABC-ASVEL-Villeurbanne-6-300x213.jpg 300w, https:\/\/limogesabc.com\/wp-content\/uploads\/2020\/02\/Limoges-ABC-ASVEL-Villeurbanne-6-768x544.jpg 768w, https:\/\/limogesabc.com\/wp-content\/uploads\/2020\/02\/Limoges-ABC-ASVEL-Villeurbanne-6-1320x935.jpg 1320w, https:\/\/limogesabc.com\/wp-content\/uploads\/2020\/02\/Limoges-ABC-ASVEL-Villeurbanne-6.jpg 1500w\" sizes=\"(max-width: 960px) 100vw, 960px\" \/><\/a>\n\t\t\t<\/dt><\/dl><br style=\"clear: both\" \/><dl class='gallery-item'>\n\t\t\t<dt class='gallery-icon landscape'>\n\t\t\t\t<a href='https:\/\/limogesabc.com\/wp-content\/uploads\/2020\/02\/Limoges-ABC-ASVEL-Villeurbanne-7.jpg'><img loading=\"lazy\" decoding=\"async\" width=\"960\" height=\"665\" src=\"https:\/\/limogesabc.com\/wp-content\/uploads\/2020\/02\/Limoges-ABC-ASVEL-Villeurbanne-7-1024x709.jpg\" class=\"attachment-large size-large\" alt=\"\" srcset=\"https:\/\/limogesabc.com\/wp-content\/uploads\/2020\/02\/Limoges-ABC-ASVEL-Villeurbanne-7-1024x709.jpg 1024w, https:\/\/limogesabc.com\/wp-content\/uploads\/2020\/02\/Limoges-ABC-ASVEL-Villeurbanne-7-300x208.jpg 300w, https:\/\/limogesabc.com\/wp-content\/uploads\/2020\/02\/Limoges-ABC-ASVEL-Villeurbanne-7-768x532.jpg 768w, https:\/\/limogesabc.com\/wp-content\/uploads\/2020\/02\/Limoges-ABC-ASVEL-Villeurbanne-7-1320x914.jpg 1320w, https:\/\/limogesabc.com\/wp-content\/uploads\/2020\/02\/Limoges-ABC-ASVEL-Villeurbanne-7.jpg 1500w\" sizes=\"(max-width: 960px) 100vw, 960px\" \/><\/a>\n\t\t\t<\/dt><\/dl><dl class='gallery-item'>\n\t\t\t<dt class='gallery-icon landscape'>\n\t\t\t\t<a href='https:\/\/limogesabc.com\/wp-content\/uploads\/2020\/02\/Limoges-ABC-ASVEL-Villeurbanne-8.jpg'><img loading=\"lazy\" decoding=\"async\" width=\"960\" height=\"668\" src=\"https:\/\/limogesabc.com\/wp-content\/uploads\/2020\/02\/Limoges-ABC-ASVEL-Villeurbanne-8-1024x713.jpg\" class=\"attachment-large size-large\" alt=\"\" srcset=\"https:\/\/limogesabc.com\/wp-content\/uploads\/2020\/02\/Limoges-ABC-ASVEL-Villeurbanne-8-1024x713.jpg 1024w, https:\/\/limogesabc.com\/wp-content\/uploads\/2020\/02\/Limoges-ABC-ASVEL-Villeurbanne-8-300x209.jpg 300w, https:\/\/limogesabc.com\/wp-content\/uploads\/2020\/02\/Limoges-ABC-ASVEL-Villeurbanne-8-768x535.jpg 768w, https:\/\/limogesabc.com\/wp-content\/uploads\/2020\/02\/Limoges-ABC-ASVEL-Villeurbanne-8-1320x919.jpg 1320w, https:\/\/limogesabc.com\/wp-content\/uploads\/2020\/02\/Limoges-ABC-ASVEL-Villeurbanne-8.jpg 1500w\" sizes=\"(max-width: 960px) 100vw, 960px\" \/><\/a>\n\t\t\t<\/dt><\/dl><dl class='gallery-item'>\n\t\t\t<dt class='gallery-icon landscape'>\n\t\t\t\t<a href='https:\/\/limogesabc.com\/wp-content\/uploads\/2020\/02\/Limoges-ABC-ASVEL-Villeurbanne-9.jpg'><img loading=\"lazy\" decoding=\"async\" width=\"960\" height=\"705\" src=\"https:\/\/limogesabc.com\/wp-content\/uploads\/2020\/02\/Limoges-ABC-ASVEL-Villeurbanne-9-1024x752.jpg\" class=\"attachment-large size-large\" alt=\"\" srcset=\"https:\/\/limogesabc.com\/wp-content\/uploads\/2020\/02\/Limoges-ABC-ASVEL-Villeurbanne-9-1024x752.jpg 1024w, https:\/\/limogesabc.com\/wp-content\/uploads\/2020\/02\/Limoges-ABC-ASVEL-Villeurbanne-9-300x220.jpg 300w, https:\/\/limogesabc.com\/wp-content\/uploads\/2020\/02\/Limoges-ABC-ASVEL-Villeurbanne-9-768x564.jpg 768w, https:\/\/limogesabc.com\/wp-content\/uploads\/2020\/02\/Limoges-ABC-ASVEL-Villeurbanne-9-1320x969.jpg 1320w, https:\/\/limogesabc.com\/wp-content\/uploads\/2020\/02\/Limoges-ABC-ASVEL-Villeurbanne-9.jpg 1500w\" sizes=\"(max-width: 960px) 100vw, 960px\" \/><\/a>\n\t\t\t<\/dt><\/dl><br style=\"clear: both\" \/><dl class='gallery-item'>\n\t\t\t<dt class='gallery-icon landscape'>\n\t\t\t\t<a href='https:\/\/limogesabc.com\/wp-content\/uploads\/2020\/02\/Limoges-ABC-ASVEL-Villeurbanne-10.jpg'><img loading=\"lazy\" decoding=\"async\" width=\"960\" height=\"672\" src=\"https:\/\/limogesabc.com\/wp-content\/uploads\/2020\/02\/Limoges-ABC-ASVEL-Villeurbanne-10-1024x717.jpg\" class=\"attachment-large size-large\" alt=\"\" srcset=\"https:\/\/limogesabc.com\/wp-content\/uploads\/2020\/02\/Limoges-ABC-ASVEL-Villeurbanne-10-1024x717.jpg 1024w, https:\/\/limogesabc.com\/wp-content\/uploads\/2020\/02\/Limoges-ABC-ASVEL-Villeurbanne-10-300x210.jpg 300w, https:\/\/limogesabc.com\/wp-content\/uploads\/2020\/02\/Limoges-ABC-ASVEL-Villeurbanne-10-768x538.jpg 768w, https:\/\/limogesabc.com\/wp-content\/uploads\/2020\/02\/Limoges-ABC-ASVEL-Villeurbanne-10-1320x924.jpg 1320w, https:\/\/limogesabc.com\/wp-content\/uploads\/2020\/02\/Limoges-ABC-ASVEL-Villeurbanne-10.jpg 1500w\" sizes=\"(max-width: 960px) 100vw, 960px\" \/><\/a>\n\t\t\t<\/dt><\/dl><dl class='gallery-item'>\n\t\t\t<dt class='gallery-icon landscape'>\n\t\t\t\t<a href='https:\/\/limogesabc.com\/wp-content\/uploads\/2020\/02\/Limoges-ABC-ASVEL-Villeurbanne-11.jpg'><img loading=\"lazy\" decoding=\"async\" width=\"960\" height=\"659\" src=\"https:\/\/limogesabc.com\/wp-content\/uploads\/2020\/02\/Limoges-ABC-ASVEL-Villeurbanne-11-1024x703.jpg\" class=\"attachment-large size-large\" alt=\"\" srcset=\"https:\/\/limogesabc.com\/wp-content\/uploads\/2020\/02\/Limoges-ABC-ASVEL-Villeurbanne-11-1024x703.jpg 1024w, https:\/\/limogesabc.com\/wp-content\/uploads\/2020\/02\/Limoges-ABC-ASVEL-Villeurbanne-11-300x206.jpg 300w, https:\/\/limogesabc.com\/wp-content\/uploads\/2020\/02\/Limoges-ABC-ASVEL-Villeurbanne-11-768x527.jpg 768w, https:\/\/limogesabc.com\/wp-content\/uploads\/2020\/02\/Limoges-ABC-ASVEL-Villeurbanne-11-1320x906.jpg 1320w, https:\/\/limogesabc.com\/wp-content\/uploads\/2020\/02\/Limoges-ABC-ASVEL-Villeurbanne-11.jpg 1500w\" sizes=\"(max-width: 960px) 100vw, 960px\" \/><\/a>\n\t\t\t<\/dt><\/dl><dl class='gallery-item'>\n\t\t\t<dt class='gallery-icon landscape'>\n\t\t\t\t<a href='https:\/\/limogesabc.com\/wp-content\/uploads\/2020\/02\/Limoges-ABC-ASVEL-Villeurbanne-12.jpg'><img loading=\"lazy\" decoding=\"async\" width=\"960\" height=\"728\" src=\"https:\/\/limogesabc.com\/wp-content\/uploads\/2020\/02\/Limoges-ABC-ASVEL-Villeurbanne-12-1024x776.jpg\" class=\"attachment-large size-large\" alt=\"\" srcset=\"https:\/\/limogesabc.com\/wp-content\/uploads\/2020\/02\/Limoges-ABC-ASVEL-Villeurbanne-12-1024x776.jpg 1024w, https:\/\/limogesabc.com\/wp-content\/uploads\/2020\/02\/Limoges-ABC-ASVEL-Villeurbanne-12-300x227.jpg 300w, https:\/\/limogesabc.com\/wp-content\/uploads\/2020\/02\/Limoges-ABC-ASVEL-Villeurbanne-12-768x582.jpg 768w, https:\/\/limogesabc.com\/wp-content\/uploads\/2020\/02\/Limoges-ABC-ASVEL-Villeurbanne-12-1320x1000.jpg 1320w, https:\/\/limogesabc.com\/wp-content\/uploads\/2020\/02\/Limoges-ABC-ASVEL-Villeurbanne-12.jpg 1500w\" sizes=\"(max-width: 960px) 100vw, 960px\" \/><\/a>\n\t\t\t<\/dt><\/dl><br style=\"clear: both\" \/><dl class='gallery-item'>\n\t\t\t<dt class='gallery-icon landscape'>\n\t\t\t\t<a href='https:\/\/limogesabc.com\/wp-content\/uploads\/2020\/02\/Limoges-ABC-ASVEL-Villeurbanne-13.jpg'><img loading=\"lazy\" decoding=\"async\" width=\"960\" height=\"670\" src=\"https:\/\/limogesabc.com\/wp-content\/uploads\/2020\/02\/Limoges-ABC-ASVEL-Villeurbanne-13-1024x715.jpg\" class=\"attachment-large size-large\" alt=\"\" srcset=\"https:\/\/limogesabc.com\/wp-content\/uploads\/2020\/02\/Limoges-ABC-ASVEL-Villeurbanne-13-1024x715.jpg 1024w, https:\/\/limogesabc.com\/wp-content\/uploads\/2020\/02\/Limoges-ABC-ASVEL-Villeurbanne-13-300x210.jpg 300w, https:\/\/limogesabc.com\/wp-content\/uploads\/2020\/02\/Limoges-ABC-ASVEL-Villeurbanne-13-768x537.jpg 768w, https:\/\/limogesabc.com\/wp-content\/uploads\/2020\/02\/Limoges-ABC-ASVEL-Villeurbanne-13-1320x922.jpg 1320w, https:\/\/limogesabc.com\/wp-content\/uploads\/2020\/02\/Limoges-ABC-ASVEL-Villeurbanne-13.jpg 1500w\" sizes=\"(max-width: 960px) 100vw, 960px\" \/><\/a>\n\t\t\t<\/dt><\/dl><dl class='gallery-item'>\n\t\t\t<dt class='gallery-icon portrait'>\n\t\t\t\t<a href='https:\/\/limogesabc.com\/wp-content\/uploads\/2020\/02\/Limoges-ABC-ASVEL-Villeurbanne-14.jpg'><img loading=\"lazy\" decoding=\"async\" width=\"683\" height=\"1024\" src=\"https:\/\/limogesabc.com\/wp-content\/uploads\/2020\/02\/Limoges-ABC-ASVEL-Villeurbanne-14-683x1024.jpg\" class=\"attachment-large size-large\" alt=\"\" srcset=\"https:\/\/limogesabc.com\/wp-content\/uploads\/2020\/02\/Limoges-ABC-ASVEL-Villeurbanne-14-683x1024.jpg 683w, https:\/\/limogesabc.com\/wp-content\/uploads\/2020\/02\/Limoges-ABC-ASVEL-Villeurbanne-14-200x300.jpg 200w, https:\/\/limogesabc.com\/wp-content\/uploads\/2020\/02\/Limoges-ABC-ASVEL-Villeurbanne-14-768x1151.jpg 768w, https:\/\/limogesabc.com\/wp-content\/uploads\/2020\/02\/Limoges-ABC-ASVEL-Villeurbanne-14.jpg 1001w\" sizes=\"(max-width: 683px) 100vw, 683px\" \/><\/a>\n\t\t\t<\/dt><\/dl><dl class='gallery-item'>\n\t\t\t<dt class='gallery-icon portrait'>\n\t\t\t\t<a href='https:\/\/limogesabc.com\/wp-content\/uploads\/2020\/02\/Limoges-ABC-ASVEL-Villeurbanne-15.jpg'><img loading=\"lazy\" decoding=\"async\" width=\"717\" height=\"1024\" src=\"https:\/\/limogesabc.com\/wp-content\/uploads\/2020\/02\/Limoges-ABC-ASVEL-Villeurbanne-15-717x1024.jpg\" class=\"attachment-large size-large\" alt=\"\" srcset=\"https:\/\/limogesabc.com\/wp-content\/uploads\/2020\/02\/Limoges-ABC-ASVEL-Villeurbanne-15-717x1024.jpg 717w, https:\/\/limogesabc.com\/wp-content\/uploads\/2020\/02\/Limoges-ABC-ASVEL-Villeurbanne-15-210x300.jpg 210w, https:\/\/limogesabc.com\/wp-content\/uploads\/2020\/02\/Limoges-ABC-ASVEL-Villeurbanne-15-768x1097.jpg 768w, https:\/\/limogesabc.com\/wp-content\/uploads\/2020\/02\/Limoges-ABC-ASVEL-Villeurbanne-15.jpg 1050w\" sizes=\"(max-width: 717px) 100vw, 717px\" \/><\/a>\n\t\t\t<\/dt><\/dl><br style=\"clear: both\" \/><dl class='gallery-item'>\n\t\t\t<dt class='gallery-icon landscape'>\n\t\t\t\t<a href='https:\/\/limogesabc.com\/wp-content\/uploads\/2020\/02\/Limoges-ABC-ASVEL-Villeurbanne-16.jpg'><img loading=\"lazy\" decoding=\"async\" width=\"960\" height=\"659\" src=\"https:\/\/limogesabc.com\/wp-content\/uploads\/2020\/02\/Limoges-ABC-ASVEL-Villeurbanne-16-1024x703.jpg\" class=\"attachment-large size-large\" alt=\"\" srcset=\"https:\/\/limogesabc.com\/wp-content\/uploads\/2020\/02\/Limoges-ABC-ASVEL-Villeurbanne-16-1024x703.jpg 1024w, https:\/\/limogesabc.com\/wp-content\/uploads\/2020\/02\/Limoges-ABC-ASVEL-Villeurbanne-16-300x206.jpg 300w, https:\/\/limogesabc.com\/wp-content\/uploads\/2020\/02\/Limoges-ABC-ASVEL-Villeurbanne-16-768x527.jpg 768w, https:\/\/limogesabc.com\/wp-content\/uploads\/2020\/02\/Limoges-ABC-ASVEL-Villeurbanne-16-1320x906.jpg 1320w, https:\/\/limogesabc.com\/wp-content\/uploads\/2020\/02\/Limoges-ABC-ASVEL-Villeurbanne-16.jpg 1500w\" sizes=\"(max-width: 960px) 100vw, 960px\" \/><\/a>\n\t\t\t<\/dt><\/dl><dl class='gallery-item'>\n\t\t\t<dt class='gallery-icon landscape'>\n\t\t\t\t<a href='https:\/\/limogesabc.com\/wp-content\/uploads\/2020\/02\/Limoges-ABC-ASVEL-Villeurbanne-17.jpg'><img loading=\"lazy\" decoding=\"async\" width=\"960\" height=\"681\" src=\"https:\/\/limogesabc.com\/wp-content\/uploads\/2020\/02\/Limoges-ABC-ASVEL-Villeurbanne-17-1024x726.jpg\" class=\"attachment-large size-large\" alt=\"\" srcset=\"https:\/\/limogesabc.com\/wp-content\/uploads\/2020\/02\/Limoges-ABC-ASVEL-Villeurbanne-17-1024x726.jpg 1024w, https:\/\/limogesabc.com\/wp-content\/uploads\/2020\/02\/Limoges-ABC-ASVEL-Villeurbanne-17-300x213.jpg 300w, https:\/\/limogesabc.com\/wp-content\/uploads\/2020\/02\/Limoges-ABC-ASVEL-Villeurbanne-17-768x545.jpg 768w, https:\/\/limogesabc.com\/wp-content\/uploads\/2020\/02\/Limoges-ABC-ASVEL-Villeurbanne-17-1320x936.jpg 1320w, https:\/\/limogesabc.com\/wp-content\/uploads\/2020\/02\/Limoges-ABC-ASVEL-Villeurbanne-17.jpg 1500w\" sizes=\"(max-width: 960px) 100vw, 960px\" \/><\/a>\n\t\t\t<\/dt><\/dl><dl class='gallery-item'>\n\t\t\t<dt class='gallery-icon landscape'>\n\t\t\t\t<a href='https:\/\/limogesabc.com\/wp-content\/uploads\/2020\/02\/Limoges-ABC-ASVEL-Villeurbanne-18.jpg'><img loading=\"lazy\" decoding=\"async\" width=\"960\" height=\"683\" src=\"https:\/\/limogesabc.com\/wp-content\/uploads\/2020\/02\/Limoges-ABC-ASVEL-Villeurbanne-18-1024x728.jpg\" class=\"attachment-large size-large\" alt=\"\" srcset=\"https:\/\/limogesabc.com\/wp-content\/uploads\/2020\/02\/Limoges-ABC-ASVEL-Villeurbanne-18-1024x728.jpg 1024w, https:\/\/limogesabc.com\/wp-content\/uploads\/2020\/02\/Limoges-ABC-ASVEL-Villeurbanne-18-300x213.jpg 300w, https:\/\/limogesabc.com\/wp-content\/uploads\/2020\/02\/Limoges-ABC-ASVEL-Villeurbanne-18-768x546.jpg 768w, https:\/\/limogesabc.com\/wp-content\/uploads\/2020\/02\/Limoges-ABC-ASVEL-Villeurbanne-18-1320x938.jpg 1320w, https:\/\/limogesabc.com\/wp-content\/uploads\/2020\/02\/Limoges-ABC-ASVEL-Villeurbanne-18.jpg 1500w\" sizes=\"(max-width: 960px) 100vw, 960px\" \/><\/a>\n\t\t\t<\/dt><\/dl><br style=\"clear: both\" \/><dl class='gallery-item'>\n\t\t\t<dt class='gallery-icon landscape'>\n\t\t\t\t<a href='https:\/\/limogesabc.com\/wp-content\/uploads\/2020\/02\/Limoges-ABC-ASVEL-Villeurbanne-19.jpg'><img loading=\"lazy\" decoding=\"async\" width=\"960\" height=\"689\" src=\"https:\/\/limogesabc.com\/wp-content\/uploads\/2020\/02\/Limoges-ABC-ASVEL-Villeurbanne-19-1024x735.jpg\" class=\"attachment-large size-large\" alt=\"\" srcset=\"https:\/\/limogesabc.com\/wp-content\/uploads\/2020\/02\/Limoges-ABC-ASVEL-Villeurbanne-19-1024x735.jpg 1024w, https:\/\/limogesabc.com\/wp-content\/uploads\/2020\/02\/Limoges-ABC-ASVEL-Villeurbanne-19-300x215.jpg 300w, https:\/\/limogesabc.com\/wp-content\/uploads\/2020\/02\/Limoges-ABC-ASVEL-Villeurbanne-19-768x551.jpg 768w, https:\/\/limogesabc.com\/wp-content\/uploads\/2020\/02\/Limoges-ABC-ASVEL-Villeurbanne-19-1320x948.jpg 1320w, https:\/\/limogesabc.com\/wp-content\/uploads\/2020\/02\/Limoges-ABC-ASVEL-Villeurbanne-19.jpg 1500w\" sizes=\"(max-width: 960px) 100vw, 960px\" \/><\/a>\n\t\t\t<\/dt><\/dl><dl class='gallery-item'>\n\t\t\t<dt class='gallery-icon landscape'>\n\t\t\t\t<a href='https:\/\/limogesabc.com\/wp-content\/uploads\/2020\/02\/Limoges-ABC-ASVEL-Villeurbanne-20.jpg'><img loading=\"lazy\" decoding=\"async\" width=\"960\" height=\"763\" src=\"https:\/\/limogesabc.com\/wp-content\/uploads\/2020\/02\/Limoges-ABC-ASVEL-Villeurbanne-20-1024x814.jpg\" class=\"attachment-large size-large\" alt=\"\" srcset=\"https:\/\/limogesabc.com\/wp-content\/uploads\/2020\/02\/Limoges-ABC-ASVEL-Villeurbanne-20-1024x814.jpg 1024w, https:\/\/limogesabc.com\/wp-content\/uploads\/2020\/02\/Limoges-ABC-ASVEL-Villeurbanne-20-300x239.jpg 300w, https:\/\/limogesabc.com\/wp-content\/uploads\/2020\/02\/Limoges-ABC-ASVEL-Villeurbanne-20-768x611.jpg 768w, https:\/\/limogesabc.com\/wp-content\/uploads\/2020\/02\/Limoges-ABC-ASVEL-Villeurbanne-20-1320x1050.jpg 1320w, https:\/\/limogesabc.com\/wp-content\/uploads\/2020\/02\/Limoges-ABC-ASVEL-Villeurbanne-20.jpg 1500w\" sizes=\"(max-width: 960px) 100vw, 960px\" \/><\/a>\n\t\t\t<\/dt><\/dl><dl class='gallery-item'>\n\t\t\t<dt class='gallery-icon portrait'>\n\t\t\t\t<a href='https:\/\/limogesabc.com\/wp-content\/uploads\/2020\/02\/Limoges-ABC-ASVEL-Villeurbanne-21.jpg'><img loading=\"lazy\" decoding=\"async\" width=\"704\" height=\"1024\" src=\"https:\/\/limogesabc.com\/wp-content\/uploads\/2020\/02\/Limoges-ABC-ASVEL-Villeurbanne-21-704x1024.jpg\" class=\"attachment-large size-large\" alt=\"\" srcset=\"https:\/\/limogesabc.com\/wp-content\/uploads\/2020\/02\/Limoges-ABC-ASVEL-Villeurbanne-21-704x1024.jpg 704w, https:\/\/limogesabc.com\/wp-content\/uploads\/2020\/02\/Limoges-ABC-ASVEL-Villeurbanne-21-206x300.jpg 206w, https:\/\/limogesabc.com\/wp-content\/uploads\/2020\/02\/Limoges-ABC-ASVEL-Villeurbanne-21-768x1117.jpg 768w, https:\/\/limogesabc.com\/wp-content\/uploads\/2020\/02\/Limoges-ABC-ASVEL-Villeurbanne-21.jpg 1031w\" sizes=\"(max-width: 704px) 100vw, 704px\" \/><\/a>\n\t\t\t<\/dt><\/dl><br style=\"clear: both\" \/><dl class='gallery-item'>\n\t\t\t<dt class='gallery-icon landscape'>\n\t\t\t\t<a href='https:\/\/limogesabc.com\/wp-content\/uploads\/2020\/02\/Limoges-ABC-ASVEL-Villeurbanne-22.jpg'><img loading=\"lazy\" decoding=\"async\" width=\"960\" height=\"675\" src=\"https:\/\/limogesabc.com\/wp-content\/uploads\/2020\/02\/Limoges-ABC-ASVEL-Villeurbanne-22-1024x720.jpg\" class=\"attachment-large size-large\" alt=\"\" srcset=\"https:\/\/limogesabc.com\/wp-content\/uploads\/2020\/02\/Limoges-ABC-ASVEL-Villeurbanne-22-1024x720.jpg 1024w, https:\/\/limogesabc.com\/wp-content\/uploads\/2020\/02\/Limoges-ABC-ASVEL-Villeurbanne-22-300x211.jpg 300w, https:\/\/limogesabc.com\/wp-content\/uploads\/2020\/02\/Limoges-ABC-ASVEL-Villeurbanne-22-768x540.jpg 768w, https:\/\/limogesabc.com\/wp-content\/uploads\/2020\/02\/Limoges-ABC-ASVEL-Villeurbanne-22-1320x928.jpg 1320w, https:\/\/limogesabc.com\/wp-content\/uploads\/2020\/02\/Limoges-ABC-ASVEL-Villeurbanne-22.jpg 1500w\" sizes=\"(max-width: 960px) 100vw, 960px\" \/><\/a>\n\t\t\t<\/dt><\/dl><dl class='gallery-item'>\n\t\t\t<dt class='gallery-icon landscape'>\n\t\t\t\t<a href='https:\/\/limogesabc.com\/wp-content\/uploads\/2020\/02\/Limoges-ABC-ASVEL-Villeurbanne-23.jpg'><img loading=\"lazy\" decoding=\"async\" width=\"960\" height=\"674\" src=\"https:\/\/limogesabc.com\/wp-content\/uploads\/2020\/02\/Limoges-ABC-ASVEL-Villeurbanne-23-1024x719.jpg\" class=\"attachment-large size-large\" alt=\"\" srcset=\"https:\/\/limogesabc.com\/wp-content\/uploads\/2020\/02\/Limoges-ABC-ASVEL-Villeurbanne-23-1024x719.jpg 1024w, https:\/\/limogesabc.com\/wp-content\/uploads\/2020\/02\/Limoges-ABC-ASVEL-Villeurbanne-23-300x211.jpg 300w, https:\/\/limogesabc.com\/wp-content\/uploads\/2020\/02\/Limoges-ABC-ASVEL-Villeurbanne-23-768x539.jpg 768w, https:\/\/limogesabc.com\/wp-content\/uploads\/2020\/02\/Limoges-ABC-ASVEL-Villeurbanne-23-1320x927.jpg 1320w, https:\/\/limogesabc.com\/wp-content\/uploads\/2020\/02\/Limoges-ABC-ASVEL-Villeurbanne-23.jpg 1500w\" sizes=\"(max-width: 960px) 100vw, 960px\" \/><\/a>\n\t\t\t<\/dt><\/dl><dl class='gallery-item'>\n\t\t\t<dt class='gallery-icon portrait'>\n\t\t\t\t<a href='https:\/\/limogesabc.com\/wp-content\/uploads\/2020\/02\/Limoges-ABC-ASVEL-Villeurbanne-24.jpg'><img loading=\"lazy\" decoding=\"async\" width=\"684\" height=\"1024\" src=\"https:\/\/limogesabc.com\/wp-content\/uploads\/2020\/02\/Limoges-ABC-ASVEL-Villeurbanne-24-684x1024.jpg\" class=\"attachment-large size-large\" alt=\"\" srcset=\"https:\/\/limogesabc.com\/wp-content\/uploads\/2020\/02\/Limoges-ABC-ASVEL-Villeurbanne-24-684x1024.jpg 684w, https:\/\/limogesabc.com\/wp-content\/uploads\/2020\/02\/Limoges-ABC-ASVEL-Villeurbanne-24-200x300.jpg 200w, https:\/\/limogesabc.com\/wp-content\/uploads\/2020\/02\/Limoges-ABC-ASVEL-Villeurbanne-24-768x1150.jpg 768w, https:\/\/limogesabc.com\/wp-content\/uploads\/2020\/02\/Limoges-ABC-ASVEL-Villeurbanne-24.jpg 1002w\" sizes=\"(max-width: 684px) 100vw, 684px\" \/><\/a>\n\t\t\t<\/dt><\/dl><br style=\"clear: both\" \/><dl class='gallery-item'>\n\t\t\t<dt class='gallery-icon portrait'>\n\t\t\t\t<a href='https:\/\/limogesabc.com\/wp-content\/uploads\/2020\/02\/Limoges-ABC-ASVEL-Villeurbanne-25.jpg'><img loading=\"lazy\" decoding=\"async\" width=\"691\" height=\"1024\" src=\"https:\/\/limogesabc.com\/wp-content\/uploads\/2020\/02\/Limoges-ABC-ASVEL-Villeurbanne-25-691x1024.jpg\" class=\"attachment-large size-large\" alt=\"\" srcset=\"https:\/\/limogesabc.com\/wp-content\/uploads\/2020\/02\/Limoges-ABC-ASVEL-Villeurbanne-25-691x1024.jpg 691w, https:\/\/limogesabc.com\/wp-content\/uploads\/2020\/02\/Limoges-ABC-ASVEL-Villeurbanne-25-202x300.jpg 202w, https:\/\/limogesabc.com\/wp-content\/uploads\/2020\/02\/Limoges-ABC-ASVEL-Villeurbanne-25-768x1138.jpg 768w, https:\/\/limogesabc.com\/wp-content\/uploads\/2020\/02\/Limoges-ABC-ASVEL-Villeurbanne-25.jpg 1012w\" sizes=\"(max-width: 691px) 100vw, 691px\" \/><\/a>\n\t\t\t<\/dt><\/dl><dl class='gallery-item'>\n\t\t\t<dt class='gallery-icon landscape'>\n\t\t\t\t<a href='https:\/\/limogesabc.com\/wp-content\/uploads\/2020\/02\/Limoges-ABC-ASVEL-Villeurbanne-26.jpg'><img loading=\"lazy\" decoding=\"async\" width=\"960\" height=\"677\" src=\"https:\/\/limogesabc.com\/wp-content\/uploads\/2020\/02\/Limoges-ABC-ASVEL-Villeurbanne-26-1024x722.jpg\" class=\"attachment-large size-large\" alt=\"\" srcset=\"https:\/\/limogesabc.com\/wp-content\/uploads\/2020\/02\/Limoges-ABC-ASVEL-Villeurbanne-26-1024x722.jpg 1024w, https:\/\/limogesabc.com\/wp-content\/uploads\/2020\/02\/Limoges-ABC-ASVEL-Villeurbanne-26-300x211.jpg 300w, https:\/\/limogesabc.com\/wp-content\/uploads\/2020\/02\/Limoges-ABC-ASVEL-Villeurbanne-26-768x541.jpg 768w, https:\/\/limogesabc.com\/wp-content\/uploads\/2020\/02\/Limoges-ABC-ASVEL-Villeurbanne-26-1320x930.jpg 1320w, https:\/\/limogesabc.com\/wp-content\/uploads\/2020\/02\/Limoges-ABC-ASVEL-Villeurbanne-26.jpg 1500w\" sizes=\"(max-width: 960px) 100vw, 960px\" \/><\/a>\n\t\t\t<\/dt><\/dl><dl class='gallery-item'>\n\t\t\t<dt class='gallery-icon landscape'>\n\t\t\t\t<a href='https:\/\/limogesabc.com\/wp-content\/uploads\/2020\/02\/Limoges-ABC-ASVEL-Villeurbanne-27.jpg'><img loading=\"lazy\" decoding=\"async\" width=\"960\" height=\"638\" src=\"https:\/\/limogesabc.com\/wp-content\/uploads\/2020\/02\/Limoges-ABC-ASVEL-Villeurbanne-27-1024x681.jpg\" class=\"attachment-large size-large\" alt=\"\" srcset=\"https:\/\/limogesabc.com\/wp-content\/uploads\/2020\/02\/Limoges-ABC-ASVEL-Villeurbanne-27-1024x681.jpg 1024w, https:\/\/limogesabc.com\/wp-content\/uploads\/2020\/02\/Limoges-ABC-ASVEL-Villeurbanne-27-300x200.jpg 300w, https:\/\/limogesabc.com\/wp-content\/uploads\/2020\/02\/Limoges-ABC-ASVEL-Villeurbanne-27-768x511.jpg 768w, https:\/\/limogesabc.com\/wp-content\/uploads\/2020\/02\/Limoges-ABC-ASVEL-Villeurbanne-27-1320x878.jpg 1320w, https:\/\/limogesabc.com\/wp-content\/uploads\/2020\/02\/Limoges-ABC-ASVEL-Villeurbanne-27.jpg 1500w\" sizes=\"(max-width: 960px) 100vw, 960px\" \/><\/a>\n\t\t\t<\/dt><\/dl><br style=\"clear: both\" \/><dl class='gallery-item'>\n\t\t\t<dt class='gallery-icon portrait'>\n\t\t\t\t<a href='https:\/\/limogesabc.com\/wp-content\/uploads\/2020\/02\/Limoges-ABC-ASVEL-Villeurbanne-28.jpg'><img loading=\"lazy\" decoding=\"async\" width=\"717\" height=\"1024\" src=\"https:\/\/limogesabc.com\/wp-content\/uploads\/2020\/02\/Limoges-ABC-ASVEL-Villeurbanne-28-717x1024.jpg\" class=\"attachment-large size-large\" alt=\"\" srcset=\"https:\/\/limogesabc.com\/wp-content\/uploads\/2020\/02\/Limoges-ABC-ASVEL-Villeurbanne-28-717x1024.jpg 717w, https:\/\/limogesabc.com\/wp-content\/uploads\/2020\/02\/Limoges-ABC-ASVEL-Villeurbanne-28-210x300.jpg 210w, https:\/\/limogesabc.com\/wp-content\/uploads\/2020\/02\/Limoges-ABC-ASVEL-Villeurbanne-28-768x1097.jpg 768w, https:\/\/limogesabc.com\/wp-content\/uploads\/2020\/02\/Limoges-ABC-ASVEL-Villeurbanne-28.jpg 1050w\" sizes=\"(max-width: 717px) 100vw, 717px\" \/><\/a>\n\t\t\t<\/dt><\/dl><dl class='gallery-item'>\n\t\t\t<dt class='gallery-icon portrait'>\n\t\t\t\t<a href='https:\/\/limogesabc.com\/wp-content\/uploads\/2020\/02\/Limoges-ABC-ASVEL-Villeurbanne-29.jpg'><img loading=\"lazy\" decoding=\"async\" width=\"673\" height=\"1024\" src=\"https:\/\/limogesabc.com\/wp-content\/uploads\/2020\/02\/Limoges-ABC-ASVEL-Villeurbanne-29-673x1024.jpg\" class=\"attachment-large size-large\" alt=\"\" srcset=\"https:\/\/limogesabc.com\/wp-content\/uploads\/2020\/02\/Limoges-ABC-ASVEL-Villeurbanne-29-673x1024.jpg 673w, https:\/\/limogesabc.com\/wp-content\/uploads\/2020\/02\/Limoges-ABC-ASVEL-Villeurbanne-29-197x300.jpg 197w, https:\/\/limogesabc.com\/wp-content\/uploads\/2020\/02\/Limoges-ABC-ASVEL-Villeurbanne-29-768x1168.jpg 768w, https:\/\/limogesabc.com\/wp-content\/uploads\/2020\/02\/Limoges-ABC-ASVEL-Villeurbanne-29.jpg 986w\" sizes=\"(max-width: 673px) 100vw, 673px\" \/><\/a>\n\t\t\t<\/dt><\/dl><dl class='gallery-item'>\n\t\t\t<dt class='gallery-icon landscape'>\n\t\t\t\t<a href='https:\/\/limogesabc.com\/wp-content\/uploads\/2020\/02\/Limoges-ABC-ASVEL-Villeurbanne-30.jpg'><img loading=\"lazy\" decoding=\"async\" width=\"960\" height=\"672\" src=\"https:\/\/limogesabc.com\/wp-content\/uploads\/2020\/02\/Limoges-ABC-ASVEL-Villeurbanne-30-1024x717.jpg\" class=\"attachment-large size-large\" alt=\"\" srcset=\"https:\/\/limogesabc.com\/wp-content\/uploads\/2020\/02\/Limoges-ABC-ASVEL-Villeurbanne-30-1024x717.jpg 1024w, https:\/\/limogesabc.com\/wp-content\/uploads\/2020\/02\/Limoges-ABC-ASVEL-Villeurbanne-30-300x210.jpg 300w, https:\/\/limogesabc.com\/wp-content\/uploads\/2020\/02\/Limoges-ABC-ASVEL-Villeurbanne-30-768x538.jpg 768w, https:\/\/limogesabc.com\/wp-content\/uploads\/2020\/02\/Limoges-ABC-ASVEL-Villeurbanne-30-1320x924.jpg 1320w, https:\/\/limogesabc.com\/wp-content\/uploads\/2020\/02\/Limoges-ABC-ASVEL-Villeurbanne-30.jpg 1500w\" sizes=\"(max-width: 960px) 100vw, 960px\" \/><\/a>\n\t\t\t<\/dt><\/dl><br style=\"clear: both\" \/><dl class='gallery-item'>\n\t\t\t<dt class='gallery-icon portrait'>\n\t\t\t\t<a href='https:\/\/limogesabc.com\/wp-content\/uploads\/2020\/02\/Limoges-ABC-ASVEL-Villeurbanne-31.jpg'><img loading=\"lazy\" decoding=\"async\" width=\"672\" height=\"1024\" src=\"https:\/\/limogesabc.com\/wp-content\/uploads\/2020\/02\/Limoges-ABC-ASVEL-Villeurbanne-31-672x1024.jpg\" class=\"attachment-large size-large\" alt=\"\" srcset=\"https:\/\/limogesabc.com\/wp-content\/uploads\/2020\/02\/Limoges-ABC-ASVEL-Villeurbanne-31-672x1024.jpg 672w, https:\/\/limogesabc.com\/wp-content\/uploads\/2020\/02\/Limoges-ABC-ASVEL-Villeurbanne-31-197x300.jpg 197w, https:\/\/limogesabc.com\/wp-content\/uploads\/2020\/02\/Limoges-ABC-ASVEL-Villeurbanne-31-768x1171.jpg 768w, https:\/\/limogesabc.com\/wp-content\/uploads\/2020\/02\/Limoges-ABC-ASVEL-Villeurbanne-31.jpg 984w\" sizes=\"(max-width: 672px) 100vw, 672px\" \/><\/a>\n\t\t\t<\/dt><\/dl><dl class='gallery-item'>\n\t\t\t<dt class='gallery-icon landscape'>\n\t\t\t\t<a href='https:\/\/limogesabc.com\/wp-content\/uploads\/2020\/02\/Limoges-ABC-ASVEL-Villeurbanne-32.jpg'><img loading=\"lazy\" decoding=\"async\" width=\"960\" height=\"674\" src=\"https:\/\/limogesabc.com\/wp-content\/uploads\/2020\/02\/Limoges-ABC-ASVEL-Villeurbanne-32-1024x719.jpg\" class=\"attachment-large size-large\" alt=\"\" srcset=\"https:\/\/limogesabc.com\/wp-content\/uploads\/2020\/02\/Limoges-ABC-ASVEL-Villeurbanne-32-1024x719.jpg 1024w, https:\/\/limogesabc.com\/wp-content\/uploads\/2020\/02\/Limoges-ABC-ASVEL-Villeurbanne-32-300x211.jpg 300w, https:\/\/limogesabc.com\/wp-content\/uploads\/2020\/02\/Limoges-ABC-ASVEL-Villeurbanne-32-768x539.jpg 768w, https:\/\/limogesabc.com\/wp-content\/uploads\/2020\/02\/Limoges-ABC-ASVEL-Villeurbanne-32-1320x927.jpg 1320w, https:\/\/limogesabc.com\/wp-content\/uploads\/2020\/02\/Limoges-ABC-ASVEL-Villeurbanne-32.jpg 1500w\" sizes=\"(max-width: 960px) 100vw, 960px\" \/><\/a>\n\t\t\t<\/dt><\/dl><dl class='gallery-item'>\n\t\t\t<dt class='gallery-icon portrait'>\n\t\t\t\t<a href='https:\/\/limogesabc.com\/wp-content\/uploads\/2020\/02\/Limoges-ABC-ASVEL-Villeurbanne-33.jpg'><img loading=\"lazy\" decoding=\"async\" width=\"707\" height=\"1024\" src=\"https:\/\/limogesabc.com\/wp-content\/uploads\/2020\/02\/Limoges-ABC-ASVEL-Villeurbanne-33-707x1024.jpg\" class=\"attachment-large size-large\" alt=\"\" srcset=\"https:\/\/limogesabc.com\/wp-content\/uploads\/2020\/02\/Limoges-ABC-ASVEL-Villeurbanne-33-707x1024.jpg 707w, https:\/\/limogesabc.com\/wp-content\/uploads\/2020\/02\/Limoges-ABC-ASVEL-Villeurbanne-33-207x300.jpg 207w, https:\/\/limogesabc.com\/wp-content\/uploads\/2020\/02\/Limoges-ABC-ASVEL-Villeurbanne-33-768x1113.jpg 768w, https:\/\/limogesabc.com\/wp-content\/uploads\/2020\/02\/Limoges-ABC-ASVEL-Villeurbanne-33.jpg 1035w\" sizes=\"(max-width: 707px) 100vw, 707px\" \/><\/a>\n\t\t\t<\/dt><\/dl><br style=\"clear: both\" \/><dl class='gallery-item'>\n\t\t\t<dt class='gallery-icon portrait'>\n\t\t\t\t<a href='https:\/\/limogesabc.com\/wp-content\/uploads\/2020\/02\/Limoges-ABC-ASVEL-Villeurbanne-34.jpg'><img loading=\"lazy\" decoding=\"async\" width=\"673\" height=\"1024\" src=\"https:\/\/limogesabc.com\/wp-content\/uploads\/2020\/02\/Limoges-ABC-ASVEL-Villeurbanne-34-673x1024.jpg\" class=\"attachment-large size-large\" alt=\"\" srcset=\"https:\/\/limogesabc.com\/wp-content\/uploads\/2020\/02\/Limoges-ABC-ASVEL-Villeurbanne-34-673x1024.jpg 673w, https:\/\/limogesabc.com\/wp-content\/uploads\/2020\/02\/Limoges-ABC-ASVEL-Villeurbanne-34-197x300.jpg 197w, https:\/\/limogesabc.com\/wp-content\/uploads\/2020\/02\/Limoges-ABC-ASVEL-Villeurbanne-34-768x1168.jpg 768w, https:\/\/limogesabc.com\/wp-content\/uploads\/2020\/02\/Limoges-ABC-ASVEL-Villeurbanne-34.jpg 986w\" sizes=\"(max-width: 673px) 100vw, 673px\" \/><\/a>\n\t\t\t<\/dt><\/dl><dl class='gallery-item'>\n\t\t\t<dt class='gallery-icon landscape'>\n\t\t\t\t<a href='https:\/\/limogesabc.com\/wp-content\/uploads\/2020\/02\/Limoges-ABC-ASVEL-Villeurbanne-35.jpg'><img loading=\"lazy\" decoding=\"async\" width=\"960\" height=\"677\" src=\"https:\/\/limogesabc.com\/wp-content\/uploads\/2020\/02\/Limoges-ABC-ASVEL-Villeurbanne-35-1024x722.jpg\" class=\"attachment-large size-large\" alt=\"\" srcset=\"https:\/\/limogesabc.com\/wp-content\/uploads\/2020\/02\/Limoges-ABC-ASVEL-Villeurbanne-35-1024x722.jpg 1024w, https:\/\/limogesabc.com\/wp-content\/uploads\/2020\/02\/Limoges-ABC-ASVEL-Villeurbanne-35-300x212.jpg 300w, https:\/\/limogesabc.com\/wp-content\/uploads\/2020\/02\/Limoges-ABC-ASVEL-Villeurbanne-35-768x542.jpg 768w, https:\/\/limogesabc.com\/wp-content\/uploads\/2020\/02\/Limoges-ABC-ASVEL-Villeurbanne-35-1320x931.jpg 1320w, https:\/\/limogesabc.com\/wp-content\/uploads\/2020\/02\/Limoges-ABC-ASVEL-Villeurbanne-35.jpg 1500w\" sizes=\"(max-width: 960px) 100vw, 960px\" \/><\/a>\n\t\t\t<\/dt><\/dl><dl class='gallery-item'>\n\t\t\t<dt class='gallery-icon landscape'>\n\t\t\t\t<a href='https:\/\/limogesabc.com\/wp-content\/uploads\/2020\/02\/Limoges-ABC-ASVEL-Villeurbanne-36.jpg'><img loading=\"lazy\" decoding=\"async\" width=\"960\" height=\"681\" src=\"https:\/\/limogesabc.com\/wp-content\/uploads\/2020\/02\/Limoges-ABC-ASVEL-Villeurbanne-36-1024x726.jpg\" class=\"attachment-large size-large\" alt=\"\" srcset=\"https:\/\/limogesabc.com\/wp-content\/uploads\/2020\/02\/Limoges-ABC-ASVEL-Villeurbanne-36-1024x726.jpg 1024w, https:\/\/limogesabc.com\/wp-content\/uploads\/2020\/02\/Limoges-ABC-ASVEL-Villeurbanne-36-300x213.jpg 300w, https:\/\/limogesabc.com\/wp-content\/uploads\/2020\/02\/Limoges-ABC-ASVEL-Villeurbanne-36-768x544.jpg 768w, https:\/\/limogesabc.com\/wp-content\/uploads\/2020\/02\/Limoges-ABC-ASVEL-Villeurbanne-36-1320x935.jpg 1320w, https:\/\/limogesabc.com\/wp-content\/uploads\/2020\/02\/Limoges-ABC-ASVEL-Villeurbanne-36.jpg 1500w\" sizes=\"(max-width: 960px) 100vw, 960px\" \/><\/a>\n\t\t\t<\/dt><\/dl><br style=\"clear: both\" \/><dl class='gallery-item'>\n\t\t\t<dt class='gallery-icon landscape'>\n\t\t\t\t<a href='https:\/\/limogesabc.com\/wp-content\/uploads\/2020\/02\/Limoges-ABC-ASVEL-Villeurbanne-37.jpg'><img loading=\"lazy\" decoding=\"async\" width=\"960\" height=\"671\" src=\"https:\/\/limogesabc.com\/wp-content\/uploads\/2020\/02\/Limoges-ABC-ASVEL-Villeurbanne-37-1024x716.jpg\" class=\"attachment-large size-large\" alt=\"\" srcset=\"https:\/\/limogesabc.com\/wp-content\/uploads\/2020\/02\/Limoges-ABC-ASVEL-Villeurbanne-37-1024x716.jpg 1024w, https:\/\/limogesabc.com\/wp-content\/uploads\/2020\/02\/Limoges-ABC-ASVEL-Villeurbanne-37-300x210.jpg 300w, https:\/\/limogesabc.com\/wp-content\/uploads\/2020\/02\/Limoges-ABC-ASVEL-Villeurbanne-37-768x537.jpg 768w, https:\/\/limogesabc.com\/wp-content\/uploads\/2020\/02\/Limoges-ABC-ASVEL-Villeurbanne-37-1320x923.jpg 1320w, https:\/\/limogesabc.com\/wp-content\/uploads\/2020\/02\/Limoges-ABC-ASVEL-Villeurbanne-37.jpg 1500w\" sizes=\"(max-width: 960px) 100vw, 960px\" \/><\/a>\n\t\t\t<\/dt><\/dl><dl class='gallery-item'>\n\t\t\t<dt class='gallery-icon portrait'>\n\t\t\t\t<a href='https:\/\/limogesabc.com\/wp-content\/uploads\/2020\/02\/Limoges-ABC-ASVEL-Villeurbanne-38.jpg'><img loading=\"lazy\" decoding=\"async\" width=\"717\" height=\"1024\" src=\"https:\/\/limogesabc.com\/wp-content\/uploads\/2020\/02\/Limoges-ABC-ASVEL-Villeurbanne-38-717x1024.jpg\" class=\"attachment-large size-large\" alt=\"\" srcset=\"https:\/\/limogesabc.com\/wp-content\/uploads\/2020\/02\/Limoges-ABC-ASVEL-Villeurbanne-38-717x1024.jpg 717w, https:\/\/limogesabc.com\/wp-content\/uploads\/2020\/02\/Limoges-ABC-ASVEL-Villeurbanne-38-210x300.jpg 210w, https:\/\/limogesabc.com\/wp-content\/uploads\/2020\/02\/Limoges-ABC-ASVEL-Villeurbanne-38-768x1097.jpg 768w, https:\/\/limogesabc.com\/wp-content\/uploads\/2020\/02\/Limoges-ABC-ASVEL-Villeurbanne-38.jpg 1050w\" sizes=\"(max-width: 717px) 100vw, 717px\" \/><\/a>\n\t\t\t<\/dt><\/dl><dl class='gallery-item'>\n\t\t\t<dt class='gallery-icon portrait'>\n\t\t\t\t<a href='https:\/\/limogesabc.com\/wp-content\/uploads\/2020\/02\/Limoges-ABC-ASVEL-Villeurbanne-39.jpg'><img loading=\"lazy\" decoding=\"async\" width=\"681\" height=\"1024\" src=\"https:\/\/limogesabc.com\/wp-content\/uploads\/2020\/02\/Limoges-ABC-ASVEL-Villeurbanne-39-681x1024.jpg\" class=\"attachment-large size-large\" alt=\"\" srcset=\"https:\/\/limogesabc.com\/wp-content\/uploads\/2020\/02\/Limoges-ABC-ASVEL-Villeurbanne-39-681x1024.jpg 681w, https:\/\/limogesabc.com\/wp-content\/uploads\/2020\/02\/Limoges-ABC-ASVEL-Villeurbanne-39-200x300.jpg 200w, https:\/\/limogesabc.com\/wp-content\/uploads\/2020\/02\/Limoges-ABC-ASVEL-Villeurbanne-39-768x1154.jpg 768w, https:\/\/limogesabc.com\/wp-content\/uploads\/2020\/02\/Limoges-ABC-ASVEL-Villeurbanne-39.jpg 998w\" sizes=\"(max-width: 681px) 100vw, 681px\" \/><\/a>\n\t\t\t<\/dt><\/dl><br style=\"clear: both\" \/><dl class='gallery-item'>\n\t\t\t<dt class='gallery-icon portrait'>\n\t\t\t\t<a href='https:\/\/limogesabc.com\/wp-content\/uploads\/2020\/02\/Limoges-ABC-ASVEL-Villeurbanne-40.jpg'><img loading=\"lazy\" decoding=\"async\" width=\"689\" height=\"1024\" src=\"https:\/\/limogesabc.com\/wp-content\/uploads\/2020\/02\/Limoges-ABC-ASVEL-Villeurbanne-40-689x1024.jpg\" class=\"attachment-large size-large\" alt=\"\" srcset=\"https:\/\/limogesabc.com\/wp-content\/uploads\/2020\/02\/Limoges-ABC-ASVEL-Villeurbanne-40-689x1024.jpg 689w, https:\/\/limogesabc.com\/wp-content\/uploads\/2020\/02\/Limoges-ABC-ASVEL-Villeurbanne-40-202x300.jpg 202w, https:\/\/limogesabc.com\/wp-content\/uploads\/2020\/02\/Limoges-ABC-ASVEL-Villeurbanne-40-768x1142.jpg 768w, https:\/\/limogesabc.com\/wp-content\/uploads\/2020\/02\/Limoges-ABC-ASVEL-Villeurbanne-40.jpg 1009w\" sizes=\"(max-width: 689px) 100vw, 689px\" \/><\/a>\n\t\t\t<\/dt><\/dl><dl class='gallery-item'>\n\t\t\t<dt class='gallery-icon landscape'>\n\t\t\t\t<a href='https:\/\/limogesabc.com\/wp-content\/uploads\/2020\/02\/Limoges-ABC-ASVEL-Villeurbanne-41.jpg'><img loading=\"lazy\" decoding=\"async\" width=\"960\" height=\"673\" src=\"https:\/\/limogesabc.com\/wp-content\/uploads\/2020\/02\/Limoges-ABC-ASVEL-Villeurbanne-41-1024x718.jpg\" class=\"attachment-large size-large\" alt=\"\" srcset=\"https:\/\/limogesabc.com\/wp-content\/uploads\/2020\/02\/Limoges-ABC-ASVEL-Villeurbanne-41-1024x718.jpg 1024w, https:\/\/limogesabc.com\/wp-content\/uploads\/2020\/02\/Limoges-ABC-ASVEL-Villeurbanne-41-300x210.jpg 300w, https:\/\/limogesabc.com\/wp-content\/uploads\/2020\/02\/Limoges-ABC-ASVEL-Villeurbanne-41-768x539.jpg 768w, https:\/\/limogesabc.com\/wp-content\/uploads\/2020\/02\/Limoges-ABC-ASVEL-Villeurbanne-41-1320x926.jpg 1320w, https:\/\/limogesabc.com\/wp-content\/uploads\/2020\/02\/Limoges-ABC-ASVEL-Villeurbanne-41.jpg 1500w\" sizes=\"(max-width: 960px) 100vw, 960px\" \/><\/a>\n\t\t\t<\/dt><\/dl><dl class='gallery-item'>\n\t\t\t<dt class='gallery-icon landscape'>\n\t\t\t\t<a href='https:\/\/limogesabc.com\/wp-content\/uploads\/2020\/02\/Limoges-ABC-ASVEL-Villeurbanne-42.jpg'><img loading=\"lazy\" decoding=\"async\" width=\"960\" height=\"673\" src=\"https:\/\/limogesabc.com\/wp-content\/uploads\/2020\/02\/Limoges-ABC-ASVEL-Villeurbanne-42-1024x718.jpg\" class=\"attachment-large size-large\" alt=\"\" srcset=\"https:\/\/limogesabc.com\/wp-content\/uploads\/2020\/02\/Limoges-ABC-ASVEL-Villeurbanne-42-1024x718.jpg 1024w, https:\/\/limogesabc.com\/wp-content\/uploads\/2020\/02\/Limoges-ABC-ASVEL-Villeurbanne-42-300x210.jpg 300w, https:\/\/limogesabc.com\/wp-content\/uploads\/2020\/02\/Limoges-ABC-ASVEL-Villeurbanne-42-768x539.jpg 768w, https:\/\/limogesabc.com\/wp-content\/uploads\/2020\/02\/Limoges-ABC-ASVEL-Villeurbanne-42-1320x926.jpg 1320w, https:\/\/limogesabc.com\/wp-content\/uploads\/2020\/02\/Limoges-ABC-ASVEL-Villeurbanne-42.jpg 1500w\" sizes=\"(max-width: 960px) 100vw, 960px\" \/><\/a>\n\t\t\t<\/dt><\/dl><br style=\"clear: both\" \/><dl class='gallery-item'>\n\t\t\t<dt class='gallery-icon portrait'>\n\t\t\t\t<a href='https:\/\/limogesabc.com\/wp-content\/uploads\/2020\/02\/Limoges-ABC-ASVEL-Villeurbanne-43.jpg'><img loading=\"lazy\" decoding=\"async\" width=\"673\" height=\"1024\" src=\"https:\/\/limogesabc.com\/wp-content\/uploads\/2020\/02\/Limoges-ABC-ASVEL-Villeurbanne-43-673x1024.jpg\" class=\"attachment-large size-large\" alt=\"\" srcset=\"https:\/\/limogesabc.com\/wp-content\/uploads\/2020\/02\/Limoges-ABC-ASVEL-Villeurbanne-43-673x1024.jpg 673w, https:\/\/limogesabc.com\/wp-content\/uploads\/2020\/02\/Limoges-ABC-ASVEL-Villeurbanne-43-197x300.jpg 197w, https:\/\/limogesabc.com\/wp-content\/uploads\/2020\/02\/Limoges-ABC-ASVEL-Villeurbanne-43-768x1168.jpg 768w, https:\/\/limogesabc.com\/wp-content\/uploads\/2020\/02\/Limoges-ABC-ASVEL-Villeurbanne-43.jpg 986w\" sizes=\"(max-width: 673px) 100vw, 673px\" \/><\/a>\n\t\t\t<\/dt><\/dl><dl class='gallery-item'>\n\t\t\t<dt class='gallery-icon portrait'>\n\t\t\t\t<a href='https:\/\/limogesabc.com\/wp-content\/uploads\/2020\/02\/Limoges-ABC-ASVEL-Villeurbanne-44.jpg'><img loading=\"lazy\" decoding=\"async\" width=\"679\" height=\"1024\" src=\"https:\/\/limogesabc.com\/wp-content\/uploads\/2020\/02\/Limoges-ABC-ASVEL-Villeurbanne-44-679x1024.jpg\" class=\"attachment-large size-large\" alt=\"\" srcset=\"https:\/\/limogesabc.com\/wp-content\/uploads\/2020\/02\/Limoges-ABC-ASVEL-Villeurbanne-44-679x1024.jpg 679w, https:\/\/limogesabc.com\/wp-content\/uploads\/2020\/02\/Limoges-ABC-ASVEL-Villeurbanne-44-199x300.jpg 199w, https:\/\/limogesabc.com\/wp-content\/uploads\/2020\/02\/Limoges-ABC-ASVEL-Villeurbanne-44-768x1159.jpg 768w, https:\/\/limogesabc.com\/wp-content\/uploads\/2020\/02\/Limoges-ABC-ASVEL-Villeurbanne-44.jpg 994w\" sizes=\"(max-width: 679px) 100vw, 679px\" \/><\/a>\n\t\t\t<\/dt><\/dl><dl class='gallery-item'>\n\t\t\t<dt class='gallery-icon portrait'>\n\t\t\t\t<a href='https:\/\/limogesabc.com\/wp-content\/uploads\/2020\/02\/Limoges-ABC-ASVEL-Villeurbanne-45.jpg'><img loading=\"lazy\" decoding=\"async\" width=\"679\" height=\"1024\" src=\"https:\/\/limogesabc.com\/wp-content\/uploads\/2020\/02\/Limoges-ABC-ASVEL-Villeurbanne-45-679x1024.jpg\" class=\"attachment-large size-large\" alt=\"\" srcset=\"https:\/\/limogesabc.com\/wp-content\/uploads\/2020\/02\/Limoges-ABC-ASVEL-Villeurbanne-45-679x1024.jpg 679w, https:\/\/limogesabc.com\/wp-content\/uploads\/2020\/02\/Limoges-ABC-ASVEL-Villeurbanne-45-199x300.jpg 199w, https:\/\/limogesabc.com\/wp-content\/uploads\/2020\/02\/Limoges-ABC-ASVEL-Villeurbanne-45-768x1159.jpg 768w, https:\/\/limogesabc.com\/wp-content\/uploads\/2020\/02\/Limoges-ABC-ASVEL-Villeurbanne-45.jpg 994w\" sizes=\"(max-width: 679px) 100vw, 679px\" \/><\/a>\n\t\t\t<\/dt><\/dl><br style=\"clear: both\" \/><dl class='gallery-item'>\n\t\t\t<dt class='gallery-icon landscape'>\n\t\t\t\t<a href='https:\/\/limogesabc.com\/wp-content\/uploads\/2020\/02\/Limoges-ABC-ASVEL-Villeurbanne-46.jpg'><img loading=\"lazy\" decoding=\"async\" width=\"960\" height=\"687\" src=\"https:\/\/limogesabc.com\/wp-content\/uploads\/2020\/02\/Limoges-ABC-ASVEL-Villeurbanne-46-1024x733.jpg\" class=\"attachment-large size-large\" alt=\"\" srcset=\"https:\/\/limogesabc.com\/wp-content\/uploads\/2020\/02\/Limoges-ABC-ASVEL-Villeurbanne-46-1024x733.jpg 1024w, https:\/\/limogesabc.com\/wp-content\/uploads\/2020\/02\/Limoges-ABC-ASVEL-Villeurbanne-46-300x215.jpg 300w, https:\/\/limogesabc.com\/wp-content\/uploads\/2020\/02\/Limoges-ABC-ASVEL-Villeurbanne-46-768x550.jpg 768w, https:\/\/limogesabc.com\/wp-content\/uploads\/2020\/02\/Limoges-ABC-ASVEL-Villeurbanne-46-1320x945.jpg 1320w, https:\/\/limogesabc.com\/wp-content\/uploads\/2020\/02\/Limoges-ABC-ASVEL-Villeurbanne-46.jpg 1500w\" sizes=\"(max-width: 960px) 100vw, 960px\" \/><\/a>\n\t\t\t<\/dt><\/dl><dl class='gallery-item'>\n\t\t\t<dt class='gallery-icon portrait'>\n\t\t\t\t<a href='https:\/\/limogesabc.com\/wp-content\/uploads\/2020\/02\/Limoges-ABC-ASVEL-Villeurbanne-47.jpg'><img loading=\"lazy\" decoding=\"async\" width=\"674\" height=\"1024\" src=\"https:\/\/limogesabc.com\/wp-content\/uploads\/2020\/02\/Limoges-ABC-ASVEL-Villeurbanne-47-674x1024.jpg\" class=\"attachment-large size-large\" alt=\"\" srcset=\"https:\/\/limogesabc.com\/wp-content\/uploads\/2020\/02\/Limoges-ABC-ASVEL-Villeurbanne-47-674x1024.jpg 674w, https:\/\/limogesabc.com\/wp-content\/uploads\/2020\/02\/Limoges-ABC-ASVEL-Villeurbanne-47-198x300.jpg 198w, https:\/\/limogesabc.com\/wp-content\/uploads\/2020\/02\/Limoges-ABC-ASVEL-Villeurbanne-47-768x1166.jpg 768w, https:\/\/limogesabc.com\/wp-content\/uploads\/2020\/02\/Limoges-ABC-ASVEL-Villeurbanne-47.jpg 988w\" sizes=\"(max-width: 674px) 100vw, 674px\" \/><\/a>\n\t\t\t<\/dt><\/dl><dl class='gallery-item'>\n\t\t\t<dt class='gallery-icon landscape'>\n\t\t\t\t<a href='https:\/\/limogesabc.com\/wp-content\/uploads\/2020\/02\/Limoges-ABC-ASVEL-Villeurbanne-48.jpg'><img loading=\"lazy\" decoding=\"async\" width=\"960\" height=\"711\" src=\"https:\/\/limogesabc.com\/wp-content\/uploads\/2020\/02\/Limoges-ABC-ASVEL-Villeurbanne-48-1024x758.jpg\" class=\"attachment-large size-large\" alt=\"\" srcset=\"https:\/\/limogesabc.com\/wp-content\/uploads\/2020\/02\/Limoges-ABC-ASVEL-Villeurbanne-48-1024x758.jpg 1024w, https:\/\/limogesabc.com\/wp-content\/uploads\/2020\/02\/Limoges-ABC-ASVEL-Villeurbanne-48-300x222.jpg 300w, https:\/\/limogesabc.com\/wp-content\/uploads\/2020\/02\/Limoges-ABC-ASVEL-Villeurbanne-48-768x569.jpg 768w, https:\/\/limogesabc.com\/wp-content\/uploads\/2020\/02\/Limoges-ABC-ASVEL-Villeurbanne-48-1320x978.jpg 1320w, https:\/\/limogesabc.com\/wp-content\/uploads\/2020\/02\/Limoges-ABC-ASVEL-Villeurbanne-48.jpg 1500w\" sizes=\"(max-width: 960px) 100vw, 960px\" \/><\/a>\n\t\t\t<\/dt><\/dl><br style=\"clear: both\" \/><dl class='gallery-item'>\n\t\t\t<dt class='gallery-icon portrait'>\n\t\t\t\t<a href='https:\/\/limogesabc.com\/wp-content\/uploads\/2020\/02\/Limoges-ABC-ASVEL-Villeurbanne-49.jpg'><img loading=\"lazy\" decoding=\"async\" width=\"679\" height=\"1024\" src=\"https:\/\/limogesabc.com\/wp-content\/uploads\/2020\/02\/Limoges-ABC-ASVEL-Villeurbanne-49-679x1024.jpg\" class=\"attachment-large size-large\" alt=\"\" srcset=\"https:\/\/limogesabc.com\/wp-content\/uploads\/2020\/02\/Limoges-ABC-ASVEL-Villeurbanne-49-679x1024.jpg 679w, https:\/\/limogesabc.com\/wp-content\/uploads\/2020\/02\/Limoges-ABC-ASVEL-Villeurbanne-49-199x300.jpg 199w, https:\/\/limogesabc.com\/wp-content\/uploads\/2020\/02\/Limoges-ABC-ASVEL-Villeurbanne-49-768x1159.jpg 768w, https:\/\/limogesabc.com\/wp-content\/uploads\/2020\/02\/Limoges-ABC-ASVEL-Villeurbanne-49.jpg 994w\" sizes=\"(max-width: 679px) 100vw, 679px\" \/><\/a>\n\t\t\t<\/dt><\/dl><dl class='gallery-item'>\n\t\t\t<dt class='gallery-icon landscape'>\n\t\t\t\t<a href='https:\/\/limogesabc.com\/wp-content\/uploads\/2020\/02\/Limoges-ABC-ASVEL-Villeurbanne-50.jpg'><img loading=\"lazy\" decoding=\"async\" width=\"960\" height=\"578\" src=\"https:\/\/limogesabc.com\/wp-content\/uploads\/2020\/02\/Limoges-ABC-ASVEL-Villeurbanne-50-1024x616.jpg\" class=\"attachment-large size-large\" alt=\"\" srcset=\"https:\/\/limogesabc.com\/wp-content\/uploads\/2020\/02\/Limoges-ABC-ASVEL-Villeurbanne-50-1024x616.jpg 1024w, https:\/\/limogesabc.com\/wp-content\/uploads\/2020\/02\/Limoges-ABC-ASVEL-Villeurbanne-50-300x181.jpg 300w, https:\/\/limogesabc.com\/wp-content\/uploads\/2020\/02\/Limoges-ABC-ASVEL-Villeurbanne-50-768x462.jpg 768w, https:\/\/limogesabc.com\/wp-content\/uploads\/2020\/02\/Limoges-ABC-ASVEL-Villeurbanne-50-1320x795.jpg 1320w, https:\/\/limogesabc.com\/wp-content\/uploads\/2020\/02\/Limoges-ABC-ASVEL-Villeurbanne-50.jpg 1500w\" sizes=\"(max-width: 960px) 100vw, 960px\" \/><\/a>\n\t\t\t<\/dt><\/dl><dl class='gallery-item'>\n\t\t\t<dt class='gallery-icon landscape'>\n\t\t\t\t<a href='https:\/\/limogesabc.com\/wp-content\/uploads\/2020\/02\/Limoges-ABC-ASVEL-Villeurbanne-51.jpg'><img loading=\"lazy\" decoding=\"async\" width=\"960\" height=\"574\" src=\"https:\/\/limogesabc.com\/wp-content\/uploads\/2020\/02\/Limoges-ABC-ASVEL-Villeurbanne-51-1024x612.jpg\" class=\"attachment-large size-large\" alt=\"\" srcset=\"https:\/\/limogesabc.com\/wp-content\/uploads\/2020\/02\/Limoges-ABC-ASVEL-Villeurbanne-51-1024x612.jpg 1024w, https:\/\/limogesabc.com\/wp-content\/uploads\/2020\/02\/Limoges-ABC-ASVEL-Villeurbanne-51-300x179.jpg 300w, https:\/\/limogesabc.com\/wp-content\/uploads\/2020\/02\/Limoges-ABC-ASVEL-Villeurbanne-51-768x459.jpg 768w, https:\/\/limogesabc.com\/wp-content\/uploads\/2020\/02\/Limoges-ABC-ASVEL-Villeurbanne-51-1320x788.jpg 1320w, https:\/\/limogesabc.com\/wp-content\/uploads\/2020\/02\/Limoges-ABC-ASVEL-Villeurbanne-51.jpg 1500w\" sizes=\"(max-width: 960px) 100vw, 960px\" \/><\/a>\n\t\t\t<\/dt><\/dl><br style=\"clear: both\" \/>\n\t\t<\/div>\n\n","protected":false},"excerpt":{"rendered":"<p>De l&#8217;art, si c&#8217;en est un, de souffler le chaud et le froid &#8230; Le chaud \u00e0 Monaco, le froid contre Villeurbanne. Apr\u00e8s avoir men\u00e9 de quinze points \u00e0 la 30&#8242; (62-47), les limougeaudes ont compl\u00e9tement perdu les p\u00e9dales pour s&#8217;incliner au terme d&#8217;une prolongation (74-76). Il est certain qu&#8217;on ne peut pas perdre un&#8230; <\/p>\n<div class=\"clear\"><\/div>\n<p><a href=\"https:\/\/limogesabc.com\/index.php\/defaite-amere-74-76-face-a-villeurbanne\/\" class=\"excerpt-read-more\">Lire plus<\/a><\/p>\n","protected":false},"author":3,"featured_media":12180,"comment_status":"closed","ping_status":"closed","sticky":false,"template":"","format":"standard","meta":{"_mi_skip_tracking":false,"_exactmetrics_sitenote_active":false,"_exactmetrics_sitenote_note":"","_exactmetrics_sitenote_category":0,"_monsterinsights_skip_tracking":false,"_monsterinsights_sitenote_active":false,"_monsterinsights_sitenote_note":"","_monsterinsights_sitenote_category":0,"footnotes":""},"categories":[79,90],"tags":[],"class_list":["post-12179","post","type-post","status-publish","format-standard","has-post-thumbnail","hentry","category-actualites","category-nf1"],"aioseo_notices":[],"_links":{"self":[{"href":"https:\/\/limogesabc.com\/index.php\/wp-json\/wp\/v2\/posts\/12179","targetHints":{"allow":["GET"]}}],"collection":[{"href":"https:\/\/limogesabc.com\/index.php\/wp-json\/wp\/v2\/posts"}],"about":[{"href":"https:\/\/limogesabc.com\/index.php\/wp-json\/wp\/v2\/types\/post"}],"author":[{"embeddable":true,"href":"https:\/\/limogesabc.com\/index.php\/wp-json\/wp\/v2\/users\/3"}],"replies":[{"embeddable":true,"href":"https:\/\/limogesabc.com\/index.php\/wp-json\/wp\/v2\/comments?post=12179"}],"version-history":[{"count":6,"href":"https:\/\/limogesabc.com\/index.php\/wp-json\/wp\/v2\/posts\/12179\/revisions"}],"predecessor-version":[{"id":12245,"href":"https:\/\/limogesabc.com\/index.php\/wp-json\/wp\/v2\/posts\/12179\/revisions\/12245"}],"wp:featuredmedia":[{"embeddable":true,"href":"https:\/\/limogesabc.com\/index.php\/wp-json\/wp\/v2\/media\/12180"}],"wp:attachment":[{"href":"https:\/\/limogesabc.com\/index.php\/wp-json\/wp\/v2\/media?parent=12179"}],"wp:term":[{"taxonomy":"category","embeddable":true,"href":"https:\/\/limogesabc.com\/index.php\/wp-json\/wp\/v2\/categories?post=12179"},{"taxonomy":"post_tag","embeddable":true,"href":"https:\/\/limogesabc.com\/index.php\/wp-json\/wp\/v2\/tags?post=12179"}],"curies":[{"name":"wp","href":"https:\/\/api.w.org\/{rel}","templated":true}]}}