{"id":12423,"date":"2020-03-01T03:34:31","date_gmt":"2020-03-01T02:34:31","guid":{"rendered":"http:\/\/limogesabc.com\/?p=12423"},"modified":"2020-03-01T13:52:28","modified_gmt":"2020-03-01T12:52:28","slug":"les-u18-elite-en-quete-de-qualification","status":"publish","type":"post","link":"https:\/\/limogesabc.com\/index.php\/les-u18-elite-en-quete-de-qualification\/","title":{"rendered":"Ce dimanche &#8230; Coupe pour les U18 en 1\/8 \u00e0 La Souterraine \u00e0 14h30. Championnat pour les NF3 Salle Mu&#8217; \u00e0 15h30."},"content":{"rendered":"<p>C&#8217;est week-end Coupe de France pour nos U18 Elite qui se d\u00e9placent \u00e0 \u2026 La Souterraine, Gymnase de La Parondelle. La CTC Pays Ouest Creuse, appuy\u00e9e par le Comit\u00e9 de Basket de la Creuse, a obtenu l&#8217;organisation du Plateau des 1\/16 et 1\/8 de Coupe de France. Ce Plateau rassemble <b>quatre \u00e9quipes U18<\/b> <strong>Elite<\/strong> <span style=\"color: #003366;\"><strong>C&#8217;Chartes Basket F\u00e9minin<\/strong><\/span> (U18 Elite, groupe B), <strong><span style=\"color: #003366;\">Angers UFAB 49<\/span> <\/strong>(groupe A, m\u00eame poule que Limoges), B<strong><span style=\"color: #003366;\">asket Club Saint-Paul Rez\u00e9<\/span><\/strong> (U18 Elite, groupe B, actuelle 1er de sa Poule) et bien s\u00fbr le <span style=\"color: #003366;\"><strong>Limoges ABC<em> en Limousin<\/em><\/strong> <\/span>(U18 Elite, groupe A).<\/p>\n<p>Le Limoges ABC rencontrait Chartres Basket F\u00e9minin samedi apr\u00e8s-midi et s&#8217;est qualifi\u00e9 sans probl\u00e8me en \u00e9cartant les chartraines 65-35 (17-7 ; 11-37 ; 55-26 ; 65-35). Dans l&#8217;autre rencontre \u00e0 20h, Angers UFAB 49 a battu Basket Club Saint-Paul Rez\u00e9 74-53.<\/p>\n<p>Les deux vainqueurs, Limoges et Angers, s&#8217;affronteront ce dimanche en 1\/8\u00e8 de Finale \u00e0 <span style=\"color: #ff0000;\">14h30<\/span>, toujours \u00e0 La Souterraine.<strong><span style=\"color: #993300;\"> #Allezlesfilles<\/span><\/strong><\/p>\n<hr \/>\n<p><span style=\"color: #800080;\">Ce dimanche \u00e0 <span style=\"color: #ff0000;\">15h30<\/span>, match important aussi en NF3, notre \u00e9quipe accueillant Smash Vend\u00e9e. Une rencontre d\u00e9cisive dans notre lutte pour le maintien ! <span style=\"color: #000000;\"><strong>#onnel\u00e2cherien <\/strong><em>Buvette ouverte et paraitrait m\u00eame qu&#8217;il y aurait des cr\u00eapes<\/em>\u00a0<\/span><\/span><\/p>\n<hr \/>\n<p>&nbsp;<\/p>\n","protected":false},"excerpt":{"rendered":"<p>C&#8217;est week-end Coupe de France pour nos U18 Elite qui se d\u00e9placent \u00e0 \u2026 La Souterraine, Gymnase de La Parondelle. La CTC Pays Ouest Creuse, appuy\u00e9e par le Comit\u00e9 de Basket de la Creuse, a obtenu l&#8217;organisation du Plateau des 1\/16 et 1\/8 de Coupe de France. Ce Plateau rassemble quatre \u00e9quipes U18 Elite C&#8217;Chartes&#8230; <\/p>\n<div class=\"clear\"><\/div>\n<p><a href=\"https:\/\/limogesabc.com\/index.php\/les-u18-elite-en-quete-de-qualification\/\" class=\"excerpt-read-more\">Lire plus<\/a><\/p>\n","protected":false},"author":2,"featured_media":12439,"comment_status":"closed","ping_status":"closed","sticky":false,"template":"","format":"standard","meta":{"_mi_skip_tracking":false,"_exactmetrics_sitenote_active":false,"_exactmetrics_sitenote_note":"","_exactmetrics_sitenote_category":0,"_monsterinsights_skip_tracking":false,"_monsterinsights_sitenote_active":false,"_monsterinsights_sitenote_note":"","_monsterinsights_sitenote_category":0,"footnotes":""},"categories":[79,91],"tags":[],"class_list":["post-12423","post","type-post","status-publish","format-standard","has-post-thumbnail","hentry","category-actualites","category-pole_formation"],"aioseo_notices":[],"_links":{"self":[{"href":"https:\/\/limogesabc.com\/index.php\/wp-json\/wp\/v2\/posts\/12423","targetHints":{"allow":["GET"]}}],"collection":[{"href":"https:\/\/limogesabc.com\/index.php\/wp-json\/wp\/v2\/posts"}],"about":[{"href":"https:\/\/limogesabc.com\/index.php\/wp-json\/wp\/v2\/types\/post"}],"author":[{"embeddable":true,"href":"https:\/\/limogesabc.com\/index.php\/wp-json\/wp\/v2\/users\/2"}],"replies":[{"embeddable":true,"href":"https:\/\/limogesabc.com\/index.php\/wp-json\/wp\/v2\/comments?post=12423"}],"version-history":[{"count":7,"href":"https:\/\/limogesabc.com\/index.php\/wp-json\/wp\/v2\/posts\/12423\/revisions"}],"predecessor-version":[{"id":12445,"href":"https:\/\/limogesabc.com\/index.php\/wp-json\/wp\/v2\/posts\/12423\/revisions\/12445"}],"wp:featuredmedia":[{"embeddable":true,"href":"https:\/\/limogesabc.com\/index.php\/wp-json\/wp\/v2\/media\/12439"}],"wp:attachment":[{"href":"https:\/\/limogesabc.com\/index.php\/wp-json\/wp\/v2\/media?parent=12423"}],"wp:term":[{"taxonomy":"category","embeddable":true,"href":"https:\/\/limogesabc.com\/index.php\/wp-json\/wp\/v2\/categories?post=12423"},{"taxonomy":"post_tag","embeddable":true,"href":"https:\/\/limogesabc.com\/index.php\/wp-json\/wp\/v2\/tags?post=12423"}],"curies":[{"name":"wp","href":"https:\/\/api.w.org\/{rel}","templated":true}]}}