{"id":12462,"date":"2020-03-07T16:25:51","date_gmt":"2020-03-07T15:25:51","guid":{"rendered":"http:\/\/limogesabc.com\/?p=12462"},"modified":"2020-03-07T17:28:31","modified_gmt":"2020-03-07T16:28:31","slug":"samedi-la-nf1-a-roanne-dimanche-la-nf3-salle-mu","status":"publish","type":"post","link":"https:\/\/limogesabc.com\/index.php\/samedi-la-nf1-a-roanne-dimanche-la-nf3-salle-mu\/","title":{"rendered":"Ce soir la NF1 est \u00e0 Roanne, Dimanche la NF3 Salle Mu&#8217;"},"content":{"rendered":"<p><strong>Samedi 7 mars<\/strong>, les filles de NF1 se d\u00e9placent \u00e0 Roanne (match \u00e0 20h) pour un nouveau p\u00e9riple difficile apr\u00e8s celui de Colomiers. M\u00eame si Roanne (4\u00e8me) a perdu quasiment toutes ses ambitions de Final Four en perdant largement le week-end dernier 67-48 \u00e0 Feytiat &#8211; ceci conjugu\u00e9 \u00e0 notre d\u00e9faite \u00e0 Colomiers &#8211; les roannaises ont de l&#8217;amour propre et ne voudront bien s\u00fbr pas l\u00e2cher chez elles. Nous devons assurer cette fin de saison comme il faut et pr\u00e9parer au mieux nos deux prochaines rencontres \u00e0 domicile les samedi 14 mars (FC Lyon) et samedi 21 mars (Nice). Questeline C\u00e9lestin est absente (arr\u00eat maladie).<\/p>\n<p><strong>Dimanche 8 mars,<\/strong> c&#8217;est aussi la Journ\u00e9e internationale des droits des femmes. Nous nous associons \u00e0 cette Journ\u00e9e bien s\u00fbr, inaugur\u00e9e hier \u00e0 Limoges par une tr\u00e8s belle conf\u00e9rence et que nous saluerons \u00e0 notre fa\u00e7on ce week-end (surprise). Mais le rendez-vous sportif est <strong>\u00e0 15h30 Salle Mu&#8217;<\/strong> contre Avrill\u00e9 qui est bien positionn\u00e9 en milieu de tableau. Nous venons d&#8217;enchainer trois victoires de suite mais comme nos adversaires ne trainent pas en route, il faut gagner les matches et attendre les faux pas devant. Ce week-end, une victoire contre Avrill\u00e9 nous rapprocherait de la 8\u00e8me place et du maintien en fin de saison sachant que Marzy (7\u00e8me) accueille Saran (8\u00e8me) et que nous nous rapprocherions forc\u00e8ment \u00e0 un point du perdant. Nous allons \u00e0 Marzy le 22 mars et \u00e0 Saran le 5 avril. Allez les filles !<\/p>\n<p>Quant <strong>aux U18 Elite<\/strong>, elles se d\u00e9placent \u00e0 Roche Vend\u00e9e pour gagner et reprendre le point average (d\u00e9faite 62-65 \u00e0 l&#8217;aller), ce qui leur permettrait de passer devant Roche Vend\u00e9e et de r\u00e9cup\u00e9rer la 4\u00e8me place.<\/p>\n","protected":false},"excerpt":{"rendered":"<p>Samedi 7 mars, les filles de NF1 se d\u00e9placent \u00e0 Roanne (match \u00e0 20h) pour un nouveau p\u00e9riple difficile apr\u00e8s celui de Colomiers. M\u00eame si Roanne (4\u00e8me) a perdu quasiment toutes ses ambitions de Final Four en perdant largement le week-end dernier 67-48 \u00e0 Feytiat &#8211; ceci conjugu\u00e9 \u00e0 notre d\u00e9faite \u00e0 Colomiers &#8211; les&#8230; <\/p>\n<div class=\"clear\"><\/div>\n<p><a href=\"https:\/\/limogesabc.com\/index.php\/samedi-la-nf1-a-roanne-dimanche-la-nf3-salle-mu\/\" class=\"excerpt-read-more\">Lire plus<\/a><\/p>\n","protected":false},"author":2,"featured_media":12298,"comment_status":"closed","ping_status":"closed","sticky":false,"template":"","format":"standard","meta":{"_mi_skip_tracking":false,"_exactmetrics_sitenote_active":false,"_exactmetrics_sitenote_note":"","_exactmetrics_sitenote_category":0,"_monsterinsights_skip_tracking":false,"_monsterinsights_sitenote_active":false,"_monsterinsights_sitenote_note":"","_monsterinsights_sitenote_category":0,"footnotes":""},"categories":[79,90],"tags":[],"class_list":["post-12462","post","type-post","status-publish","format-standard","has-post-thumbnail","hentry","category-actualites","category-nf1"],"aioseo_notices":[],"_links":{"self":[{"href":"https:\/\/limogesabc.com\/index.php\/wp-json\/wp\/v2\/posts\/12462","targetHints":{"allow":["GET"]}}],"collection":[{"href":"https:\/\/limogesabc.com\/index.php\/wp-json\/wp\/v2\/posts"}],"about":[{"href":"https:\/\/limogesabc.com\/index.php\/wp-json\/wp\/v2\/types\/post"}],"author":[{"embeddable":true,"href":"https:\/\/limogesabc.com\/index.php\/wp-json\/wp\/v2\/users\/2"}],"replies":[{"embeddable":true,"href":"https:\/\/limogesabc.com\/index.php\/wp-json\/wp\/v2\/comments?post=12462"}],"version-history":[{"count":5,"href":"https:\/\/limogesabc.com\/index.php\/wp-json\/wp\/v2\/posts\/12462\/revisions"}],"predecessor-version":[{"id":12500,"href":"https:\/\/limogesabc.com\/index.php\/wp-json\/wp\/v2\/posts\/12462\/revisions\/12500"}],"wp:featuredmedia":[{"embeddable":true,"href":"https:\/\/limogesabc.com\/index.php\/wp-json\/wp\/v2\/media\/12298"}],"wp:attachment":[{"href":"https:\/\/limogesabc.com\/index.php\/wp-json\/wp\/v2\/media?parent=12462"}],"wp:term":[{"taxonomy":"category","embeddable":true,"href":"https:\/\/limogesabc.com\/index.php\/wp-json\/wp\/v2\/categories?post=12462"},{"taxonomy":"post_tag","embeddable":true,"href":"https:\/\/limogesabc.com\/index.php\/wp-json\/wp\/v2\/tags?post=12462"}],"curies":[{"name":"wp","href":"https:\/\/api.w.org\/{rel}","templated":true}]}}