{"id":12515,"date":"2020-03-10T10:22:12","date_gmt":"2020-03-10T09:22:12","guid":{"rendered":"http:\/\/limogesabc.com\/?p=12515"},"modified":"2020-03-12T09:54:40","modified_gmt":"2020-03-12T08:54:40","slug":"nf1-ce-samedi-vs-lyon-a-20h","status":"publish","type":"post","link":"https:\/\/limogesabc.com\/index.php\/nf1-ce-samedi-vs-lyon-a-20h\/","title":{"rendered":"Match NF1 : Limoges ABC &#8211; Lyon samedi 20h"},"content":{"rendered":"<p><strong>Ce samedi 14 mars<\/strong>, le Limoges ABC rencontrera le FC Lyon ASVEL F\u00e9minin, l&#8217;\u00e9quipe B de l&#8217;ASVEL. <span style=\"color: #000000;\">Une rencontre qui aura lieu,<\/span> sauf nouvelle d\u00e9cision minist\u00e9rielle ou pr\u00e9fectorale d&#8217;ici samedi. La Salle-des-S\u0153urs-de-la-Rivi\u00e8re ayant une capacit\u00e9 d&#8217;accueil de 877 places, elle n&#8217;est pas concern\u00e9e sur ce point par les directives en cours limitant la jauge \u00e0 moins de 1000 personnes. Pour autant, nous prendrons un certain nombre de mesures d&#8217;usage simples sur un principe \u00e9vident de pr\u00e9caution. Elles n&#8217;impacteront pas directement la rencontre. Nous vous appelons donc \u00e0 venir nombreux et nombreuses soutenir les joueuses.<\/p>\n<p><strong>Le FC Lyon ASVEL<\/strong> est aujourd&#8217;hui juste devant nous au classement mais n&#8217;aura pas de point bonus Coupe de France et donc nous sommes de fait \u00e0 \u00e9galit\u00e9 avec ce point glan\u00e9 par notre qualification en 1\/4 de Finale. 10 victoires pour Lyon en Championnat dont celle du match aller contre nous (76-69). Nous avons une revanche \u00e0 prendre et un point average de sept \u00e0 aller chercher. La victoire de samedi \u00e0 Roanne a prouv\u00e9 une nouvelle fois que nous \u00e9tions parmi les meilleures \u00e9quipes de ce championnat et que nous pouvions bien terminer cette saison. Apr\u00e8s cette rencontre, il restera encore deux matches \u00e0 domicile (21 mars vs Nice et 4 avril vs Caluire) et un d\u00e9placement le 28 mars au Poin\u00e7onnet. Une belle fin de saison nous permettrait de bien pr\u00e9parer la ou les rencontre(s) de Coupe de France \u00e0 Carmaux. Mais pour l&#8217;instant, place \u00e0 ce match \u00e0 domicile parrain\u00e9 par <strong>Intermarch\u00e9 Ventadour. <\/strong><span style=\"color: #000000;\">David Fleurier donnera le coup d&#8217;envoi de la rencontre.<\/span><\/p>\n<p><strong>Limoges ABC <em>en Limousin<\/em> :<\/strong> Johnson, Ndir, Irabe, C\u00e9lestin, Breuil, Bousbaa, Mendes, Degrelle, Jez. <span style=\"color: #003366;\">Coach : R\u00e9gis Racine. Assistant : Romain Leclaircie<\/span><\/p>\n<p><span style=\"color: #003366;\"><strong>Communiqu\u00e9 Ligue Nouvelle-Aquitaine (11 mars 2020) : <\/strong>&#8221; <\/span><em><span style=\"color: #003366;\">Pierre Dufau, Pr\u00e9sident de la Ligue Nouvelle-Aquitaine, \u00e9tait ce mercredi matin en Conf\u00e9rence t\u00e9l\u00e9phonique avec le Pr\u00e9sident de la FFBB, Jean-Pierre Siutat, \u00e0 propos des risques li\u00e9s au Covid-19 et des implications sur nos championnats. Le Pr\u00e9sident de la Ligue a propos\u00e9 ce soir une concertation territoriale en visio-conf\u00e9rence aux Pr\u00e9sidents des Comit\u00e9s d\u00e9partementaux de Nouvelle-Aquitaine. Dans le cadre des pr\u00e9conisations et des directives du Ministre des sports, Mme Roxana Maracineanu, la Ligue Nouvelle-Aquitaine et les Comit\u00e9s conviennent en concertation que toutes les rencontres d\u00e9partementales et r\u00e9gionales se d\u00e9rouleront ce week-end, dans la limite de la jauge des 1000 personnes. Pr\u00e9vention des risques et continuit\u00e9 sportive.&#8221;<\/span><span style=\"color: #003366;\"><br \/>\n<\/span><\/em><\/p>\n","protected":false},"excerpt":{"rendered":"<p>Ce samedi 14 mars, le Limoges ABC rencontrera le FC Lyon ASVEL F\u00e9minin, l&#8217;\u00e9quipe B de l&#8217;ASVEL. Une rencontre qui aura lieu, sauf nouvelle d\u00e9cision minist\u00e9rielle ou pr\u00e9fectorale d&#8217;ici samedi. La Salle-des-S\u0153urs-de-la-Rivi\u00e8re ayant une capacit\u00e9 d&#8217;accueil de 877 places, elle n&#8217;est pas concern\u00e9e sur ce point par les directives en cours limitant la jauge \u00e0&#8230; <\/p>\n<div class=\"clear\"><\/div>\n<p><a href=\"https:\/\/limogesabc.com\/index.php\/nf1-ce-samedi-vs-lyon-a-20h\/\" class=\"excerpt-read-more\">Lire plus<\/a><\/p>\n","protected":false},"author":2,"featured_media":12512,"comment_status":"closed","ping_status":"closed","sticky":false,"template":"","format":"standard","meta":{"_mi_skip_tracking":false,"_exactmetrics_sitenote_active":false,"_exactmetrics_sitenote_note":"","_exactmetrics_sitenote_category":0,"_monsterinsights_skip_tracking":false,"_monsterinsights_sitenote_active":false,"_monsterinsights_sitenote_note":"","_monsterinsights_sitenote_category":0,"footnotes":""},"categories":[79,90],"tags":[],"class_list":["post-12515","post","type-post","status-publish","format-standard","has-post-thumbnail","hentry","category-actualites","category-nf1"],"aioseo_notices":[],"_links":{"self":[{"href":"https:\/\/limogesabc.com\/index.php\/wp-json\/wp\/v2\/posts\/12515","targetHints":{"allow":["GET"]}}],"collection":[{"href":"https:\/\/limogesabc.com\/index.php\/wp-json\/wp\/v2\/posts"}],"about":[{"href":"https:\/\/limogesabc.com\/index.php\/wp-json\/wp\/v2\/types\/post"}],"author":[{"embeddable":true,"href":"https:\/\/limogesabc.com\/index.php\/wp-json\/wp\/v2\/users\/2"}],"replies":[{"embeddable":true,"href":"https:\/\/limogesabc.com\/index.php\/wp-json\/wp\/v2\/comments?post=12515"}],"version-history":[{"count":10,"href":"https:\/\/limogesabc.com\/index.php\/wp-json\/wp\/v2\/posts\/12515\/revisions"}],"predecessor-version":[{"id":12526,"href":"https:\/\/limogesabc.com\/index.php\/wp-json\/wp\/v2\/posts\/12515\/revisions\/12526"}],"wp:featuredmedia":[{"embeddable":true,"href":"https:\/\/limogesabc.com\/index.php\/wp-json\/wp\/v2\/media\/12512"}],"wp:attachment":[{"href":"https:\/\/limogesabc.com\/index.php\/wp-json\/wp\/v2\/media?parent=12515"}],"wp:term":[{"taxonomy":"category","embeddable":true,"href":"https:\/\/limogesabc.com\/index.php\/wp-json\/wp\/v2\/categories?post=12515"},{"taxonomy":"post_tag","embeddable":true,"href":"https:\/\/limogesabc.com\/index.php\/wp-json\/wp\/v2\/tags?post=12515"}],"curies":[{"name":"wp","href":"https:\/\/api.w.org\/{rel}","templated":true}]}}