{"id":12662,"date":"2020-05-01T23:00:09","date_gmt":"2020-05-01T21:00:09","guid":{"rendered":"http:\/\/limogesabc.com\/?p=12662"},"modified":"2020-05-02T15:24:07","modified_gmt":"2020-05-02T13:24:07","slug":"deconfinement-et-gymnases-rien-avant-le-2-juin","status":"publish","type":"post","link":"https:\/\/limogesabc.com\/index.php\/deconfinement-et-gymnases-rien-avant-le-2-juin\/","title":{"rendered":"D\u00e9confinement et Gymnases : rien avant le 2 juin, au minimum"},"content":{"rendered":"<p>Les pouvoirs publics et les collectivit\u00e9s \u00e9tudient les conditions dans lesquelles sera possible la r\u00e9ouverture des \u00e9quipements sportifs, indoor (ex. gymnases), outdoor (ex. terrains), les piscines. Pr\u00e9sente au sein du groupe de travail, l&#8217;<strong>ANDES<\/strong> (Association Nationale des Elus en Charge du Sport) annonce la publication prochaine d&#8217;un &#8220;Guide Equipements&#8221; qui indiquera <strong>les conditions d&#8217;utilisation<\/strong> d&#8217;apr\u00e8s confinement. Un rendez-vous national est pr\u00e9vu le 28 mai afin de prendre, ou non, de nouvelles dispositions en fonction de la situation sanitaire \u00e0 date. En attendant, les gymnases et lieux clos resteront ferm\u00e9s.<\/p>\n<p>La reprise des activit\u00e9s sportives se fera en plusieurs phases \u00e0 partir du lundi 11 mai. Mais pour les pratiques d\u2019int\u00e9rieur,<strong> il n&#8217;y a pas d&#8217;autorisation de pratique jusqu&#8217;au 2 juin minimum <\/strong>pour l&#8217;instant sauf pour :<br \/>\n\u2022 les sportifs de haut-niveau dans les \u00e9quipements sportifs en lien avec les collectivit\u00e9s en respectant la distanciation sociale<br \/>\n\u2022 Les scolaires dont les associations et les moniteurs mis \u00e0 disposition par les villes pourront intervenir aupr\u00e8s des \u00e9coles dans le cadre des activit\u00e9s scolaires et p\u00e9riscolaires.<\/p>\n<p>D&#8217;ici le 2 juin au minimum, il n&#8217;y aura donc pas d&#8217;autorisation d&#8217;ouverture des gymnases, ladite autorisation revenant in fine aux gestionnaires desdits \u00e9quipements. Attendons et respectons les consignes.<\/p>\n<p>Infos : <a href=\"http:\/\/www.andes.fr\/279548\/coronavirus-plan-de-reprise-des-activites-sportives-dans-le-cadre-du-deconfinement\/\">http:\/\/www.andes.fr\/279548\/coronavirus-plan-de-reprise-des-activites-sportives-dans-le-cadre-du-deconfinement\/<\/a><\/p>\n<h5>2 mai 2020 &#8211; Photo d&#8217;illustration, match Salle Mu&#8217;<\/h5>\n","protected":false},"excerpt":{"rendered":"<p>Les pouvoirs publics et les collectivit\u00e9s \u00e9tudient les conditions dans lesquelles sera possible la r\u00e9ouverture des \u00e9quipements sportifs, indoor (ex. gymnases), outdoor (ex. terrains), les piscines. Pr\u00e9sente au sein du groupe de travail, l&#8217;ANDES (Association Nationale des Elus en Charge du Sport) annonce la publication prochaine d&#8217;un &#8220;Guide Equipements&#8221; qui indiquera les conditions d&#8217;utilisation d&#8217;apr\u00e8s&#8230; <\/p>\n<div class=\"clear\"><\/div>\n<p><a href=\"https:\/\/limogesabc.com\/index.php\/deconfinement-et-gymnases-rien-avant-le-2-juin\/\" class=\"excerpt-read-more\">Lire plus<\/a><\/p>\n","protected":false},"author":2,"featured_media":12663,"comment_status":"closed","ping_status":"closed","sticky":false,"template":"","format":"standard","meta":{"_mi_skip_tracking":false,"_exactmetrics_sitenote_active":false,"_exactmetrics_sitenote_note":"","_exactmetrics_sitenote_category":0,"_monsterinsights_skip_tracking":false,"_monsterinsights_sitenote_active":false,"_monsterinsights_sitenote_note":"","_monsterinsights_sitenote_category":0,"footnotes":""},"categories":[79],"tags":[],"class_list":["post-12662","post","type-post","status-publish","format-standard","has-post-thumbnail","hentry","category-actualites"],"aioseo_notices":[],"_links":{"self":[{"href":"https:\/\/limogesabc.com\/index.php\/wp-json\/wp\/v2\/posts\/12662","targetHints":{"allow":["GET"]}}],"collection":[{"href":"https:\/\/limogesabc.com\/index.php\/wp-json\/wp\/v2\/posts"}],"about":[{"href":"https:\/\/limogesabc.com\/index.php\/wp-json\/wp\/v2\/types\/post"}],"author":[{"embeddable":true,"href":"https:\/\/limogesabc.com\/index.php\/wp-json\/wp\/v2\/users\/2"}],"replies":[{"embeddable":true,"href":"https:\/\/limogesabc.com\/index.php\/wp-json\/wp\/v2\/comments?post=12662"}],"version-history":[{"count":5,"href":"https:\/\/limogesabc.com\/index.php\/wp-json\/wp\/v2\/posts\/12662\/revisions"}],"predecessor-version":[{"id":12668,"href":"https:\/\/limogesabc.com\/index.php\/wp-json\/wp\/v2\/posts\/12662\/revisions\/12668"}],"wp:featuredmedia":[{"embeddable":true,"href":"https:\/\/limogesabc.com\/index.php\/wp-json\/wp\/v2\/media\/12663"}],"wp:attachment":[{"href":"https:\/\/limogesabc.com\/index.php\/wp-json\/wp\/v2\/media?parent=12662"}],"wp:term":[{"taxonomy":"category","embeddable":true,"href":"https:\/\/limogesabc.com\/index.php\/wp-json\/wp\/v2\/categories?post=12662"},{"taxonomy":"post_tag","embeddable":true,"href":"https:\/\/limogesabc.com\/index.php\/wp-json\/wp\/v2\/tags?post=12662"}],"curies":[{"name":"wp","href":"https:\/\/api.w.org\/{rel}","templated":true}]}}