{"id":12676,"date":"2020-05-07T15:37:54","date_gmt":"2020-05-07T13:37:54","guid":{"rendered":"http:\/\/limogesabc.com\/?p=12676"},"modified":"2020-05-07T16:54:22","modified_gmt":"2020-05-07T14:54:22","slug":"au-fur-et-a-mesure-nous-sommes-montes-en-puissance-le-credit-mutuel-banquier-et-mutualiste","status":"publish","type":"post","link":"https:\/\/limogesabc.com\/index.php\/au-fur-et-a-mesure-nous-sommes-montes-en-puissance-le-credit-mutuel-banquier-et-mutualiste\/","title":{"rendered":"&#8220;Au fur et \u00e0 mesure, nous sommes mont\u00e9s en puissance &#8230;&#8221; Le Cr\u00e9dit Mutuel, banquier et mutualiste"},"content":{"rendered":"<p><span style=\"color: #003366;\">Partenaire historique du Limoges ABC &#8211; <strong>premier partenaire du club \u00e0 sa cr\u00e9ation en 1983<\/strong> &#8211; le Cr\u00e9dit Mutuel est toujours \u00e0 nos c\u00f4t\u00e9s. Revenu en 2005-2006 en partenariat, le Cr\u00e9dit Mutuel a \u00e9t\u00e9 notre partenaire officiel, pr\u00e9sent sur les maillots de l&#8217;\u00e9quipe premi\u00e8re, de juin 2006 \u00e0 juin 2018, soit douze ans de proximit\u00e9 et du temps de se connaitre ! Apr\u00e8s une parenth\u00e8se en 2018-2019 (l&#8217;ann\u00e9e NF2), retour \u00e0 nos c\u00f4t\u00e9s la saison derni\u00e8re pour une nouvelle \u00e9tape \u00e0 \u00e9crire \u2026 <\/span><\/p>\n<p><span style=\"color: #003366;\">Au-del\u00e0, nous avons un autre lien avec le Cr\u00e9dit Mutuel via sa <strong>Fondation<\/strong> qui nous a soutenu en 2019 sur un projet d&#8217;investissement de mat\u00e9riel, un fauteuil handibasket. Nous avons donc conduit ensemble beaucoup de projets. Nous avons souhait\u00e9 rencontrer cette semaine d&#8217;une part M. Pascal Lienard, Directeur territorial Limousin du Cr\u00e9dit Mutuel Loire Atlantique Centre Ouest et d&#8217;autre part Mme Chantal Dubois-Thuillier, Pr\u00e9sidente de la Fondation du Cr\u00e9dit Mutuel Loire Atlantique Centre Ouest. <strong>Reportage.<\/strong><\/span><\/p>\n<h3 style=\"text-align: center;\"><strong>Nous sommes mont\u00e9s en puissance en d\u00e9veloppant le t\u00e9l\u00e9 travail<\/strong><\/h3>\n<p>\u00ab <em>Nous sommes pr\u00eats \u00e0 recevoir les clients, analyser leurs besoins. Il en sera ainsi tout au long des mois qui viennent<\/em> \u00bb. De son bureau de la Place Jourdan, <strong>Pascal Lienard<\/strong> met la derni\u00e8re main aux protocoles de d\u00e9confinement. Le Directeur territorial Limousin du Cr\u00e9dit Mutuel Loire Atlantique Centre Ouest veut accueillir ses soci\u00e9taires dans les meilleures conditions de s\u00e9curit\u00e9 sanitaire. \u00ab <i>Les masques seront obligatoires pour acc\u00e9der aux agences. A d\u00e9faut, nous aurons dans un premier temps une approche par t\u00e9l\u00e9phonie<\/i>. <em>Les consignes en Agence seront \u00e9galement strictes pour respecter les mesures barri\u00e8res et les distances.<\/em> \u00bb<\/p>\n<p>\u00ab <em>Depuis mi-mars, nous avons eu plusieurs phases. La premi\u00e8re a \u00e9t\u00e9 d\u2019assurer une continuit\u00e9 de service. Dans nos Agences, nous avons travaill\u00e9, rideau baiss\u00e9, effectif all\u00e9g\u00e9. Au fur et \u00e0 mesure, nous sommes mont\u00e9s en puissance en d\u00e9veloppant le t\u00e9l\u00e9 travail. Nous avons d\u00fb d\u00e9placer du mat\u00e9riel, d\u00e9velopper des sp\u00e9cificit\u00e9s, s\u00e9curiser les outils, g\u00e9rer les flux. Aujourd\u2019hui, plus du 1\/3 de nos personnels sont en t\u00e9l\u00e9 travail. Nous avons gard\u00e9 le contact avec nos clients et m\u00eame contact\u00e9 des personnes qui ne donnaient pas de nouvelles. Pour nos r\u00e9unions, nous avons privil\u00e9gi\u00e9 l\u2019audio car la visio mobilise \u00e9norm\u00e9ment de bande passante.<\/em> \u00bb<\/p>\n<p>La crise g\u00e9n\u00e8re bien s\u00fbr beaucoup de dossiers \u00e9manant des entreprises, notamment les pr\u00eats garantis par l\u2019Etat (PGE) qui permettent une respiration en tr\u00e9sorerie pour les entreprises les plus touch\u00e9es. \u00ab <em>Nous avons r\u00e9pondu dans l\u2019urgence pour instruire ces dossiers. Nos charg\u00e9s d\u2019affaires ont g\u00e9r\u00e9 les demandes, analys\u00e9 les besoins r\u00e9els de l\u2019entreprise, ses capacit\u00e9s de remboursement. Aujourd\u2019hui notre taux d\u2019accord sur les PGE est d\u2019environ 96 %.<\/em> \u00bb<\/p>\n<h3 style=\"text-align: center;\"><strong>Nous avons livr\u00e9 7000 masques au CHU, aux m\u00e9decins et aux infirmi\u00e8res<\/strong><\/h3>\n<p>Le dernier volet de cette p\u00e9riode est social et mutualiste. <strong>Chantal Dubois-Thuillier<\/strong> est Pr\u00e9sidente de la Fondation du Cr\u00e9dit Mutuel Loire Atlantique Centre Ouest. Elle a \u0153uvr\u00e9, avec Pascal Lienard et les Directeurs des caisses, pour aider les personnels du CHU de Limoges, les m\u00e9decins et les infirmi\u00e8res lib\u00e9rales du Limousin. \u00ab <em>Nous leur avons distribu\u00e9 7.000 masques que nous avons achet\u00e9 via un de nos clients nantais. Pour nous c\u2019\u00e9tait une \u00e9vidence d\u2019apporter notre soutien \u00e0 ces personnes qui ne se sont pas pos\u00e9 la question du risque. Nous leur devons une reconnaissance profonde. Nous n\u2019avons fait qu\u2019exprimer nos valeurs d\u2019aide et de partage sur notre territoire et nous avons fait la m\u00eame chose pour le Poitou et pour la Loire-Atlantique.<\/em> \u00bb La responsabilit\u00e9 sociale mutualiste, une signature de l\u2019entreprise Cr\u00e9dit Mutuel.<\/p>\n<p>Cette crise peut-elle d\u00e9boucher sur une crise financi\u00e8re ? <strong>Pascal Lienard<\/strong> ne le pense pas. \u00ab <em>Le risque est actuellement \u00e9conomique et industriel. Depuis la crise de 2007\/2008, les banques ont renforc\u00e9 leurs fonds propres et ont aujourd\u2019hui de bons ratios de solvabilit\u00e9 qui devraient \u00e9viter une crise financi\u00e8re. Mais nous sommes, comme tous les acteurs \u00e9conomiques, d\u00e9pendants de la sant\u00e9 de nos clients<\/em> \u00bb<\/p>\n<h5><span style=\"color: #003366;\">Merci \u00e0 nos partenaires et \u00e0 bient\u00f4t.<\/span><br \/>\n<span style=\"color: #003366;\">7 mai 2020<\/span><\/h5>\n","protected":false},"excerpt":{"rendered":"<p>Partenaire historique du Limoges ABC &#8211; premier partenaire du club \u00e0 sa cr\u00e9ation en 1983 &#8211; le Cr\u00e9dit Mutuel est toujours \u00e0 nos c\u00f4t\u00e9s. Revenu en 2005-2006 en partenariat, le Cr\u00e9dit Mutuel a \u00e9t\u00e9 notre partenaire officiel, pr\u00e9sent sur les maillots de l&#8217;\u00e9quipe premi\u00e8re, de juin 2006 \u00e0 juin 2018, soit douze ans de proximit\u00e9&#8230; <\/p>\n<div class=\"clear\"><\/div>\n<p><a href=\"https:\/\/limogesabc.com\/index.php\/au-fur-et-a-mesure-nous-sommes-montes-en-puissance-le-credit-mutuel-banquier-et-mutualiste\/\" class=\"excerpt-read-more\">Lire plus<\/a><\/p>\n","protected":false},"author":2,"featured_media":12678,"comment_status":"closed","ping_status":"closed","sticky":false,"template":"","format":"standard","meta":{"_mi_skip_tracking":false,"_exactmetrics_sitenote_active":false,"_exactmetrics_sitenote_note":"","_exactmetrics_sitenote_category":0,"_monsterinsights_skip_tracking":false,"_monsterinsights_sitenote_active":false,"_monsterinsights_sitenote_note":"","_monsterinsights_sitenote_category":0,"footnotes":""},"categories":[79,110],"tags":[],"class_list":["post-12676","post","type-post","status-publish","format-standard","has-post-thumbnail","hentry","category-actualites","category-partenariats"],"aioseo_notices":[],"_links":{"self":[{"href":"https:\/\/limogesabc.com\/index.php\/wp-json\/wp\/v2\/posts\/12676","targetHints":{"allow":["GET"]}}],"collection":[{"href":"https:\/\/limogesabc.com\/index.php\/wp-json\/wp\/v2\/posts"}],"about":[{"href":"https:\/\/limogesabc.com\/index.php\/wp-json\/wp\/v2\/types\/post"}],"author":[{"embeddable":true,"href":"https:\/\/limogesabc.com\/index.php\/wp-json\/wp\/v2\/users\/2"}],"replies":[{"embeddable":true,"href":"https:\/\/limogesabc.com\/index.php\/wp-json\/wp\/v2\/comments?post=12676"}],"version-history":[{"count":3,"href":"https:\/\/limogesabc.com\/index.php\/wp-json\/wp\/v2\/posts\/12676\/revisions"}],"predecessor-version":[{"id":12681,"href":"https:\/\/limogesabc.com\/index.php\/wp-json\/wp\/v2\/posts\/12676\/revisions\/12681"}],"wp:featuredmedia":[{"embeddable":true,"href":"https:\/\/limogesabc.com\/index.php\/wp-json\/wp\/v2\/media\/12678"}],"wp:attachment":[{"href":"https:\/\/limogesabc.com\/index.php\/wp-json\/wp\/v2\/media?parent=12676"}],"wp:term":[{"taxonomy":"category","embeddable":true,"href":"https:\/\/limogesabc.com\/index.php\/wp-json\/wp\/v2\/categories?post=12676"},{"taxonomy":"post_tag","embeddable":true,"href":"https:\/\/limogesabc.com\/index.php\/wp-json\/wp\/v2\/tags?post=12676"}],"curies":[{"name":"wp","href":"https:\/\/api.w.org\/{rel}","templated":true}]}}