{"id":12687,"date":"2020-05-09T09:52:31","date_gmt":"2020-05-09T07:52:31","guid":{"rendered":"http:\/\/limogesabc.com\/?p=12687"},"modified":"2020-05-09T10:09:26","modified_gmt":"2020-05-09T08:09:26","slug":"sylvie-rozette-adjointe-au-maire-de-limoges-ceux-qui-vont-sen-sortir-le-mieux-sont-ceux-qui-seront-prets-a-se-reinventer","status":"publish","type":"post","link":"https:\/\/limogesabc.com\/index.php\/sylvie-rozette-adjointe-au-maire-de-limoges-ceux-qui-vont-sen-sortir-le-mieux-sont-ceux-qui-seront-prets-a-se-reinventer\/","title":{"rendered":"Sylvie Rozette, Adjointe au Maire de Limoges : &#8220;Ceux qui vont s&#8217;en sortir le mieux sont ceux qui seront pr\u00eats \u00e0 se r\u00e9inventer&#8221;"},"content":{"rendered":"<p><span style=\"color: #003366;\">Sylvie Rozette, vous \u00eates adjointe au Maire de la Ville de Limoges, en charge des sports. Vous avez aussi, \u00e0 ce titre, d\u2019importantes responsabilit\u00e9s nationales. D\u2019une part \u00e0 l\u2019ANDES, vice-pr\u00e9sidente de la commission Sports professionnels, r\u00e9f\u00e9rente pour la Ligue nationale de basket (LNB) et membre du Groupe qui travaille sur l\u2019\u00e9volution du calendrier LNB, r\u00e9f\u00e9rente d\u00e9partementale des \u00e9lus au sport. Et d\u2019autre part \u00e0 France Urbaine, l\u2019association des \u00e9lus des grandes villes et des m\u00e9tropoles.<\/span><\/p>\n<p><span style=\"color: #003366;\">Par votre mandat local, vous \u00eates tr\u00e8s active sur les dossiers de la collectivit\u00e9 et, par vos responsabilit\u00e9s nationales, vous \u00eates au c\u0153ur des d\u00e9bats et des d\u00e9cisions qui concernent les collectivit\u00e9s, le sport et le basket professionnel. Merci d\u2019avoir accept\u00e9 de r\u00e9pondre \u00e0 nos questions sur la crise sanitaire et ses impacts sur le sport, les collectivit\u00e9s, les clubs, le mouvement sportif, avant la premi\u00e8re \u00e9tape de d\u00e9confinement ce lundi.<\/span><\/p>\n<p>&nbsp;<\/p>\n<p><span style=\"color: #800000;\"><strong>Limoges ABC : <\/strong>Tout d\u2019abord, comment la Ville de Limoges a-t-elle g\u00e9r\u00e9e, et g\u00e8re-t-elle, la crise sanitaire concernant les Ressources Humaines et les \u00e9quipements sportifs ?<\/span><br \/>\n<span style=\"color: #800080;\"><span style=\"color: #333300;\"><strong>Sylvie Rozette :<\/strong> <\/span>I<\/span>l y a eu trois phases, le confinement puis la gestion du confinement puis la gestion du d\u00e9confinement. Nous avons commenc\u00e9 par faire un \u00e9tat des ressources humaines et des personnes dont nous avions besoin. Les cadres de la Direction des sports sont toujours rest\u00e9s actifs en t\u00e9l\u00e9 travail avec une ou deux visioconf\u00e9rences par jour et une fois par semaine avec moi pour la gestion des affaires courantes et les points nationaux. On s\u2019est adapt\u00e9s dans un tr\u00e8s bon \u00e9tat d\u2019esprit, avec beaucoup de volontaires lorsqu\u2019il s\u2019est agi notamment de red\u00e9ployer les personnes sur des missions d\u2019int\u00e9r\u00eat g\u00e9n\u00e9ral. Les personnels ont \u00e9t\u00e9 red\u00e9ploy\u00e9s sur l\u2019entretien des \u00e9quipements sportifs mais aussi des missions hors sportives, portages de repas, pr\u00e9sence sur les halles et march\u00e9s, mise sous pli et distribution des masques.<\/p>\n<p style=\"text-align: center;\"><span style=\"color: #ff6600;\"><strong><span style=\"font-size: 14pt;\">Une forte implication des agents, une id\u00e9e de service public<\/span><\/strong><\/span><\/p>\n<p style=\"text-align: left;\"><span style=\"color: #800000;\"><strong>Limoges ABC :<\/strong> Quelles sont les principales difficult\u00e9s rencontr\u00e9es, les remises en cause n\u00e9cessaires mais aussi les bonnes surprises ou les bons comportements ?<\/span><br \/>\n<span style=\"color: #333300;\"><strong>Sylvie Rozette : <\/strong><\/span>Je retiens d\u00e9j\u00e0 un aspect tr\u00e8s positif, c\u2019est la forte implication des agents, leur \u00ab esprit sportif \u00bb et la solidarit\u00e9 sur les d\u00e9cisions, l\u2019envie de participer, une id\u00e9e de service public qui m\u2019a fait plaisir pour imaginer toutes les solutions d\u2019organisation possibles. Je dois souligner aussi que les associations sportives ont bien compris les messages, ce qui \u00e9tait possible et ce qui ne l\u2019\u00e9tait pas. Ce sont deux belles satisfactions. Pour information d\u2019ailleurs, mardi, mercredi et jeudi prochains nous avons trois cr\u00e9neaux horaires pour \u00e9changer et dialoguer avec les associations.<br \/>\nLes principales difficult\u00e9s tiennent surtout aux directives gouvernementales et m\u00eame \u00e0 certaines F\u00e9d\u00e9rations qui ont tendance \u00e0 oublier que les collectivit\u00e9s sont les propri\u00e9taires des \u00e9quipements. On ne peut pas dire aux collectivit\u00e9s \u00ab d\u00e9brouillez-vous \u00bb, il faut que chacun se remette en cause<\/p>\n<p style=\"text-align: center;\"><span style=\"color: #ff6600; font-size: 14pt;\"><strong>Pendant trois prochaines semaines, il ne faut pas \u00ab se louper \u00bb<\/strong><\/span><\/p>\n<p><span style=\"color: #800000;\"><strong>Limoges ABC :\u00a0<\/strong> Comment va se passer la sortie, douce et partielle, du d\u00e9confinement, autant que la lisibilit\u00e9 le permette ?<\/span><br \/>\n<span style=\"color: #333300;\"><strong>Sylvie Rozette :<\/strong> <\/span>C\u2019est \u00e0 mon sens le moment le plus compliqu\u00e9 de la crise. Nous avons trois semaines d\u00e9cisives pour la suite o\u00f9 il ne faut pas \u00ab se louper \u00bb. C\u2019est la responsabilit\u00e9 individuelle de chacun. C\u2019est une semi-libert\u00e9 qui est propos\u00e9e. Si les gens jouent le jeu intelligemment, \u00e7a pourra fonctionner. Nous sommes en zone verte. Donc \u00e0 compter de lundi, le Parc des Sports de Beaublanc et celui de Saint-Lazare seront ouverts mais uniquement pour une pratique individuelle libre en respectant les mesures de s\u00e9curit\u00e9 pour toutes les activit\u00e9s. Nous allons refaire un affichage en ce sens rappelant les contraintes. R\u00e9ouverture du Golf municipal mardi 12 mai avec une priorit\u00e9 pour les adh\u00e9rents. Mais jusqu\u2019\u00e0 d\u00e9but juin a minima, les directives de l\u2019Etat s\u2019appliquent, pas de sport en indoor, les gymnases restent ferm\u00e9s et pas de pratique collective club en ext\u00e9rieur. Il n\u2019y aura pas de location de mat\u00e9riel et les vestiaires seront ferm\u00e9s. En outre, nous allons proposer des cours de remise en forme dans les parcs de la ville, toujours avec moins de dix personnes et les mesures de s\u00e9curit\u00e9 sanitaire.<\/p>\n<p><span style=\"color: #800000;\"><strong>Limoges ABC :<\/strong> La question de la responsabilit\u00e9 des \u00e9lus est au c\u0153ur des d\u00e9cisions des collectivit\u00e9s locales. Pouvez-vous nous en situer les grands enjeux ?<\/span><br \/>\n<span style=\"color: #333300;\"><strong>Sylvie Rozette :<\/strong><\/span> Sur cette question importante et tr\u00e8s complexe, l\u2019ANDES et les parlementaires ont demand\u00e9 \u00e0 l\u2019Etat \u00e0 ce qu\u2019un texte soit vot\u00e9 pour d\u00e9charger la responsabilit\u00e9 des \u00e9lus face \u00e0 ces contraintes. Aujourd\u2019hui la responsabilit\u00e9 du Maire est engag\u00e9e avec des cons\u00e9quences qui peuvent \u00eatre tr\u00e8s importantes. Je ne suis pas trop inqui\u00e8te pour le sport mais beaucoup plus sur la question de l\u2019ouverture des piscines qui est tr\u00e8s compliqu\u00e9e. Avec France Urbaine, nous avons demand\u00e9 au Directeur de Cabinet du Ministre des Sports qu\u2019il y ait une directive nationale sur cette question. Toujours sur la responsabilit\u00e9 des \u00e9lus, il y a d\u2019autres domaines o\u00f9 c\u2019est aussi tr\u00e8s compliqu\u00e9, les \u00e9coles par exemple.<\/p>\n<p style=\"text-align: center;\"><span style=\"font-size: 14pt;\"><strong><span style=\"color: #ff6600;\">N<\/span><span style=\"color: #ff6600;\">ous accompagnerons les clubs malgr\u00e9 l\u2019accroissement des charges<\/span><\/strong><\/span><\/p>\n<p><span style=\"color: #800000;\"><strong>Limoges ABC :<\/strong> Comment la Ville de Limoges va-t-elle se situer dans le soutien et l\u2019accompagnement des clubs sportifs ?<\/span><br \/>\n<span style=\"color: #333300;\"><strong>Sylvie Rozette :<\/strong> <\/span>La Ville de Limoges a d\u00e9pens\u00e9 \u00e0 ce jour plus d\u20191 M\u20ac pour g\u00e9rer la crise, entre achats de fournitures et am\u00e9nagement d\u2019\u00e9quipements notamment. A cela s\u2019ajoute une perte de recettes propres. Il peut aussi exister aussi de vrais leviers d\u2019aides indirectes pour de nombreux am\u00e9nagements qui sont aujourd\u2019hui contraints par le cadre juridique. D\u2019o\u00f9 le travail qui est fait avec l\u2019ANDES et France Urbaine pour demander des assouplissements au gouvernement. C\u2019est une urgence dans ce contexte. Les ordonnances du gouvernement sur le droit du travail en sont un bon exemple.<br \/>\nNous ne sommes pas une ville riche mais nous souhaitons accompagner les clubs et, en l\u2019\u00e9tat, si nous maintenons les subventions ce sera bien. Pour les associations sportives, j\u2019ai m\u00eame propos\u00e9 que les subventions soient maintenues lorsqu\u2019elles auraient pu baisser et que celles qui \u00e9taient pr\u00e9vues \u00e0 la hausse soient confirm\u00e9es \u00e0 la hausse. De m\u00eame pour les Tournois qui \u00e9taient aid\u00e9s par la Ville, sur pr\u00e9sentations des factures, les frais engag\u00e9s pour le Tournoi seront pris en charge. Nous avons la chance d\u2019avoir vot\u00e9 notre budget en d\u00e9cembre ce qui va nous permettre de verser les subventions des clubs car elles ont \u00e9t\u00e9 budg\u00e9tis\u00e9es. D\u2019autres collectivit\u00e9s ailleurs ne les ont pas vot\u00e9es et elles vont devoir faire des coupes franches.<\/p>\n<p><span style=\"color: #000000;\">Il<\/span> faut arriver \u00e0 faire le tri entre les orientations gouvernementales et les desiderata des f\u00e9d\u00e9rations, mais c\u2019est essentiellement du bon sens. Il faut faire de la p\u00e9dagogie, \u00eatre clair et le plus pr\u00e9cis possible. Il faut que les consignes soient claires pour qu\u2019elles soient bien int\u00e9gr\u00e9es et que les clubs gardent confiance. Mais il ne faudra pas faire de copier-coller. Ceux qui vont s\u2019en sortir le mieux sont ceux qui seront pr\u00eats \u00e0 se r\u00e9 inventer.<\/p>\n<p>&nbsp;<\/p>\n<p style=\"text-align: center;\"><span style=\"color: #ff6600; font-size: 14pt;\"><strong>Le Pr\u00e9sident de la FFBB a \u00e9t\u00e9 le premier \u00e0 se mettre dans la boucle<\/strong><\/span><\/p>\n<p><span style=\"color: #800000;\"><strong>Limoges ABC :<\/strong> Comment cette crise est-elle g\u00e9r\u00e9e par les \u00e9lus des collectivit\u00e9s et comment l\u2019ANDES a-t-elle travaill\u00e9 avec le mouvement sportif ?<\/span><br \/>\n<span style=\"color: #333300;\"><strong>Sylvie Rozette :<\/strong> <\/span>L\u2019id\u00e9e premi\u00e8re de l\u2019ANDES a \u00e9t\u00e9 de dire aux F\u00e9d\u00e9rations et \u00e0 l\u2019Etat : \u00ab <em>Attention, travaillez avec les collectivit\u00e9s car elles sont propri\u00e9taires des installations sportives et n\u2019imaginez pas des choses qui ne seront pas faisables localement. Int\u00e9grez-nous d\u00e8s le d\u00e9part dans la boucle.<\/em> \u00bb Ensuite on a fait des retours d\u2019exp\u00e9riences, des \u00e9changes de bonnes pratiques. L\u2019id\u00e9e g\u00e9n\u00e9rale \u00e9tant de faire remonter de la base toutes les difficult\u00e9s que nous pouvions rencontrer dans nos collectivit\u00e9s pour la reprise de pratiques sportives s\u00e9curis\u00e9es.<br \/>\nEn revanche, certaines F\u00e9d\u00e9rations ont eu tendance \u00e0 se replier sur elles-m\u00eames et sur leurs probl\u00e8mes internes d\u2019organisation, de questions juridiques, de ch\u00f4mage partiel, ou de gestion des RH. Ce qui ne fut pas le cas du Pr\u00e9sident de la FFBB ! Jean-Pierre Siutat a \u00e9t\u00e9 le premier \u00e0 se mettre dans la boucle avec les collectivit\u00e9s en organisant une visioconf\u00e9rence avec l\u2019ANDES, \u00e0 laquelle j\u2019ai particip\u00e9. Tous n\u2019ont pas \u00e9t\u00e9 aussi r\u00e9actifs.<\/p>\n<p style=\"text-align: center;\"><span style=\"font-size: 14pt;\"><strong><span style=\"color: #ff6600;\">S\u00e9curiser une reprise dans de bonnes conditions en septembre<\/span><\/strong><\/span><\/p>\n<p><span style=\"color: #800000;\"><strong>Limoges ABC :<\/strong> Quelles sont les informations, \u00e0 date du lundi 11 mai, notamment les calendriers de d\u00e9confinement et les contraintes ?<\/span><br \/>\n<span style=\"color: #333300;\"><strong>Sylvie Rozette :<\/strong> <\/span>Nous sommes sur des points d\u2019\u00e9tape. Nous nous donnons d\u00e9j\u00e0 dix jours pour voir comment se passe le d\u00e9confinement. Le calendrier national est pour l\u2019instant sur des annonces fin mai pour une nouvelle \u00e9tape au mardi 2 juin. Ce qui se projette aujourd\u2019hui c\u2019est qu\u2019il n\u2019y aura pas de reprise en indoor a priori avant mi-ao\u00fbt. Mais ce qui sera d\u00e9terminant c\u2019est notre comportement et notre niveau de responsabilit\u00e9 individuelle. L\u2019id\u00e9e principale est de s\u00e9curiser une reprise dans de bonnes conditions au mois de septembre. Il ne faut pas vouloir aller trop vite.<\/p>\n<p style=\"text-align: center;\"><span style=\"color: #ff6600; font-size: 14pt;\"><strong>Ce temps doit servir aux associations pour se r\u00e9inventer<\/strong><\/span><\/p>\n<p><span style=\"color: #800000;\"><strong>Limoges ABC :<\/strong> Quelles cons\u00e9quences majeures imaginez-vous pour le sport (notamment sports collectifs), sa pratique, les championnats, le public dans les salles et les stades ?<\/span><br \/>\n<span style=\"color: #333300;\"><strong>Sylvie Rozette :<\/strong> <\/span>Il y a deux axes, le sport amateur et le sport professionnel.<br \/>\nLe sport professionnel est tr\u00e8s contraint par les jauges et les recettes de billetterie. La crise va alourdir la gestion des clubs, il va falloir revoir les mod\u00e8les \u00e9conomiques et j\u2019esp\u00e8re que les syndicats de joueurs, de coaches et surtout d\u2019agents vont pouvoir se parler et revoir les montants des salaires des pros. Sinon, on sera sur des mod\u00e8les qui ne pourront pas tenir. Le partenariat priv\u00e9 est fragilis\u00e9 et les collectivit\u00e9s vont l\u2019\u00eatre aussi avec des charges suppl\u00e9mentaires importantes. On entre dans une p\u00e9riode de r\u00e9cession. Le sport est une \u00e9conomie et celle du sport professionnel va souffrir.<\/p>\n<p><strong>Le mod\u00e8le associatif du sport amateur risque lui aussi d\u2019\u00eatre fragilis\u00e9.<\/strong> On a bien vu que beaucoup de gens s\u2019\u00e9taient remis au sport. On parle de bien-\u00eatre, de sport sant\u00e9, il va y avoir une carte \u00e0 jouer. Les associations vont devoir se diversifier. Si on parle du basket, le 3&#215;3 devrait prendre une place plus importante parce que c\u2019est une pratique en nombre plus r\u00e9duit, essentiellement en ext\u00e9rieur. Comme d\u2019ailleurs le foot \u00e0 5 ou le rugby \u00e0 7. Je pense, pour le professionnel et l\u2019amateur, qu\u2019il va \u00eatre essentiel de retrouver du lien social, de se retrouver, de se revoir. Ce temps doit servir aux associations pour se r\u00e9inventer. L\u2019essentiel c\u2019est d\u2019aborder la rentr\u00e9e dans les meilleures conditions et \u00e7a se travaille maintenant.<\/p>\n<h5>9 mai 2020<\/h5>\n","protected":false},"excerpt":{"rendered":"<p>Sylvie Rozette, vous \u00eates adjointe au Maire de la Ville de Limoges, en charge des sports. Vous avez aussi, \u00e0 ce titre, d\u2019importantes responsabilit\u00e9s nationales. D\u2019une part \u00e0 l\u2019ANDES, vice-pr\u00e9sidente de la commission Sports professionnels, r\u00e9f\u00e9rente pour la Ligue nationale de basket (LNB) et membre du Groupe qui travaille sur l\u2019\u00e9volution du calendrier LNB, r\u00e9f\u00e9rente&#8230; <\/p>\n<div class=\"clear\"><\/div>\n<p><a href=\"https:\/\/limogesabc.com\/index.php\/sylvie-rozette-adjointe-au-maire-de-limoges-ceux-qui-vont-sen-sortir-le-mieux-sont-ceux-qui-seront-prets-a-se-reinventer\/\" class=\"excerpt-read-more\">Lire plus<\/a><\/p>\n","protected":false},"author":2,"featured_media":12683,"comment_status":"closed","ping_status":"closed","sticky":false,"template":"","format":"standard","meta":{"_mi_skip_tracking":false,"_exactmetrics_sitenote_active":false,"_exactmetrics_sitenote_note":"","_exactmetrics_sitenote_category":0,"_monsterinsights_skip_tracking":false,"_monsterinsights_sitenote_active":false,"_monsterinsights_sitenote_note":"","_monsterinsights_sitenote_category":0,"footnotes":""},"categories":[79,110],"tags":[],"class_list":["post-12687","post","type-post","status-publish","format-standard","has-post-thumbnail","hentry","category-actualites","category-partenariats"],"aioseo_notices":[],"_links":{"self":[{"href":"https:\/\/limogesabc.com\/index.php\/wp-json\/wp\/v2\/posts\/12687","targetHints":{"allow":["GET"]}}],"collection":[{"href":"https:\/\/limogesabc.com\/index.php\/wp-json\/wp\/v2\/posts"}],"about":[{"href":"https:\/\/limogesabc.com\/index.php\/wp-json\/wp\/v2\/types\/post"}],"author":[{"embeddable":true,"href":"https:\/\/limogesabc.com\/index.php\/wp-json\/wp\/v2\/users\/2"}],"replies":[{"embeddable":true,"href":"https:\/\/limogesabc.com\/index.php\/wp-json\/wp\/v2\/comments?post=12687"}],"version-history":[{"count":4,"href":"https:\/\/limogesabc.com\/index.php\/wp-json\/wp\/v2\/posts\/12687\/revisions"}],"predecessor-version":[{"id":12691,"href":"https:\/\/limogesabc.com\/index.php\/wp-json\/wp\/v2\/posts\/12687\/revisions\/12691"}],"wp:featuredmedia":[{"embeddable":true,"href":"https:\/\/limogesabc.com\/index.php\/wp-json\/wp\/v2\/media\/12683"}],"wp:attachment":[{"href":"https:\/\/limogesabc.com\/index.php\/wp-json\/wp\/v2\/media?parent=12687"}],"wp:term":[{"taxonomy":"category","embeddable":true,"href":"https:\/\/limogesabc.com\/index.php\/wp-json\/wp\/v2\/categories?post=12687"},{"taxonomy":"post_tag","embeddable":true,"href":"https:\/\/limogesabc.com\/index.php\/wp-json\/wp\/v2\/tags?post=12687"}],"curies":[{"name":"wp","href":"https:\/\/api.w.org\/{rel}","templated":true}]}}