{"id":12707,"date":"2020-05-11T10:05:22","date_gmt":"2020-05-11T08:05:22","guid":{"rendered":"http:\/\/limogesabc.com\/?p=12707"},"modified":"2020-05-11T14:07:09","modified_gmt":"2020-05-11T12:07:09","slug":"nf1-camille-et-clementine-avec-une-equipe-qui-prend-forme","status":"publish","type":"post","link":"https:\/\/limogesabc.com\/index.php\/nf1-camille-et-clementine-avec-une-equipe-qui-prend-forme\/","title":{"rendered":"NF1 : Camille et Cl\u00e9mentine, avec une \u00e9quipe qui prend forme"},"content":{"rendered":"<p><span style=\"color: #003366;\">Les championnats ont \u00e9t\u00e9 interrompus le 14 mars. Apr\u00e8s huit semaines de confinement et une crise sanitaire majeure, nous ne savons pas quand nous pourrons remettre les pieds sur les parquets ni si la saison 2020-2021 reprendra en temps et heure (19 septembre) sans probl\u00e8me. Cette situation va laisser de durables cicatrices dans le sport, professionnel ou amateur, et les sports collectifs sont directement impact\u00e9s. Mais pendant l\u2019incertitude, les travaux continuent !<\/span><\/p>\n<p><span style=\"color: #003366;\">Avec ce d\u00e9confinement progressif que nous souhaitons responsable et maitris\u00e9, nous publions aujourd\u2019hui une premi\u00e8re annonce de renouvellements et de signatures en NF1. Comme chaque ann\u00e9e, nous communiquons uniquement les accords valid\u00e9s. Les autres viendront plus tard. Notre \u00e9quipe se construit dans la dur\u00e9e.<\/span><\/p>\n<p style=\"text-align: center;\"><span style=\"color: #993300;\"><strong>Un staff technique stable et exp\u00e9riment\u00e9<\/strong><\/span><\/p>\n<p>Les deux coachs, R\u00e9gis Racine et son assistant Romain Leclaircie, seront de nouveau aux manettes de la NF1 la saison prochaine. Notre pr\u00e9parateur physique, Jean-Christophe Lamargot, \u00ab <em>est ravi<\/em> \u00bb de continuer lui aussi l\u2019aventure. C\u2019est un bel atout pour avancer, en \u00e9quipe, avec un staff exp\u00e9riment\u00e9 et solidaire. Nous reviendrons dans les prochains jours en interview avec chacun d\u2019eux sur les objectifs et les ambitions de cette saison.<br \/>\n<strong>Coach NF1 :<\/strong> <span style=\"color: #003366;\"><strong>R\u00e9gis Racine<\/strong><\/span> \/\/ <strong>Assistant NF1 : <span style=\"color: #003366;\">Romain Leclaircie<\/span><\/strong> \/\/ <strong>Pr\u00e9parateur physique NF1 :<\/strong> <span style=\"color: #003366;\"><strong>Jean-Christophe Lamargot<\/strong><\/span><\/p>\n<p style=\"text-align: center;\"><strong><span style=\"color: #993300;\">Les signatures confirm\u00e9es (\u00e9quipe NF1)<\/span><\/strong><\/p>\n<p>La capitaine, <span style=\"color: #003366;\"><strong>M\u00e9lissa Mendes<\/strong><\/span> (poste 2-3, 1,78 m, 1988), arriv\u00e9e en 2018, repart avec le Limoges ABC apr\u00e8s deux saisons qui ont donn\u00e9 totale satisfaction au coach, R\u00e9gis Racine : \u00ab <em>M\u00e9lissa, c\u2019est notre force tranquille et co-capitaine, la souche de cette \u00e9quipe durant deux ans, par sa pr\u00e9sence et par ses actes. Construire, c&#8217;est d&#8217;abord penser \u00e0 elle, on en ressort que des qualit\u00e9s. Mon objectif sera de lui donner l&#8217;opportunit\u00e9 de mettre en lumi\u00e8re ses qualit\u00e9s intrins\u00e8ques. Nous continuons l&#8217;aventure et je ne m&#8217;en porte pas plus mal !<\/em> \u00bb<\/p>\n<p><span style=\"color: #003366;\"><strong>Linda Bousbaa<\/strong><\/span> (poste 1, 1,64 m, 1991), revenue avec beaucoup de plaisir au club l\u2019an dernier apr\u00e8s quelques ann\u00e9es de d\u00e9paysement et un arr\u00eat d\u2019un an, \u00e0 la suite d\u2019une blessure, confirme sa signature. \u00ab <em>De la continuit\u00e9, pour apporter toute son exp\u00e9rience. Un socle important pour ce nouveau groupe.<\/em> \u00bb se f\u00e9licite le coach R\u00e9gis Racine, tr\u00e8s satisfait d\u2019une saison derni\u00e8re qu\u2019il qualifie de \u00ab <em>remise \u00e0 niveau<\/em> \u00bb de la meneuse.<\/p>\n<p><span style=\"color: #003366;\"><strong>Johanna Breuil<\/strong> <\/span>(poste 1-2, 1,67 m, 2000), la jeune meneuse arriv\u00e9e en 2015 d\u2019Aurillac, reste avec nous. Johanna est devenue une presque limougeaude, aurillacoise en confinement bien s\u00fbr \u2026, et le coach attend d\u2019elle \u00ab <em>de la confirmation et de la progression dans mes demandes. Je maintiens ma confiance.<\/em> \u00bb Johanna aura aussi un r\u00f4le important \u00e0 la m\u00e8ne de l\u2019\u00e9quipe NF3, \u00e0 l&#8217;identique de la saison derni\u00e8re.<\/p>\n<p>Pas tout \u00e0 fait nouvelle dans le groupe, la p\u00e9rigourdine <span style=\"color: #003366;\"><strong>Samantha Peytour<\/strong><\/span> (poste 5, 1,87 m, 2002), U18 Elite l\u2019an dernier avec l\u2019\u00e9quipe de Romain Leclaircie, auteure de quelques piges en \u00e9quipe premi\u00e8re, arrive cette fois avec un statut de joueuse NF1, pour pouvoir progresser \u00e0 ce niveau. R\u00e9gis Racine : \u00ab <em>Elle doit grandir et servir de &#8220;vitrine&#8221; pour ses anciennes co\u00e9quipi\u00e8res<\/em>. \u00bb. Un beau challenge.<\/p>\n<p style=\"text-align: center;\"><span style=\"color: #993300;\"><strong>Les signatures confirm\u00e9es (NF3 et NF1)<\/strong><\/span><\/p>\n<p><span style=\"color: #003366;\">La structuration de l\u2019\u00e9quipe sera pr\u00e9cis\u00e9e au fur et \u00e0 mesure. Le groupe NF1 sera \u00e9largi par le coach \u00e0 des joueuses de confiance qui auront aussi des missions importantes sur l\u2019\u00e9quipe NF3.<\/span><\/p>\n<p><span style=\"color: #003366;\"><strong>Am\u00e9lia Moukoko<\/strong> <\/span>(poste 4, 1,78 m, 1998) est arriv\u00e9e au club en 2015 en U18 Elite, comme Johanna. Elle est donc elle aussi un t\u00e9moin de l\u2019histoire du Limoges ABC, pass\u00e9e des U18 Elite \u00e0 la NF3 et bien s\u00fbr \u00e0 la NF2 avec un Titre de Championne de France (2019) et \u00e0 la NF1 o\u00f9 elle a fait plusieurs piges int\u00e9ressantes, notamment en fin de saison derni\u00e8re. Elle doublera NF3-NF1.<\/p>\n<p><span style=\"color: #003366;\"><strong>A\u00efcha NDir<\/strong><\/span> (poste 3, 1,80 m, 2002) est arriv\u00e9e l\u2019an dernier en provenance de la NF2 de Nantes Rez\u00e9 (Centre de Formation) et a int\u00e9gr\u00e9 le groupe NF1 tout en jouant en U18 Elite et en NF3. Pour sa premi\u00e8re saison en seniores, elle doublera NF3-NF1 avec, comme cette ann\u00e9e, un double projet avec sa formation Paces \u00e0 l\u2019Universit\u00e9 de Limoges.<\/p>\n<p style=\"text-align: center;\"><span style=\"color: #993300;\"><strong>Deux arriv\u00e9es confirm\u00e9es (\u00e9quipe NF1)<\/strong><\/span><\/p>\n<p><span style=\"color: #003366;\"><strong>Camille Cabaton<\/strong> <\/span>(poste 2, 1,73 m, 1992) est la premi\u00e8re bonne nouvelle de cette avant saison. La joueuse de LF2, native de Haute-Loire, a fait ses classes en Championnats de France pendant cinq ans \u00e0 Montbrison (de la NF3 \u00e0 la LF2) puis \u00e0 Toulouse (LF2 \u00e9galement, play-offs) puis \u00e0 La Glacerie (LF2, 2018-2019). Elle se blesse (rupture des ligaments crois\u00e9s en mars 2019), reprend l\u2019entrainement le 9 mars 2020 avec un club de LF2 et puis \u2026 le coronavirus stoppe les championnats. \u00ab <em>Mon objectif est de pouvoir performer, aussi bien en attaque qu\u2019en d\u00e9fense, et d\u2019apporter mon exp\u00e9rience \u00e0 l&#8217;\u00e9quipe.<\/em> \u00bb Camille nous dira pourquoi elle a choisi Limoges dans une interview \u00e0 paraitre en d\u00e9but de semaine. En attendant, le coach s\u2019en r\u00e9jouit : \u00ab <em>C\u2019\u00e9tait une volont\u00e9 pour ma part d&#8217;avoir une joueuse touche \u00e0 tout, revancharde, agressive et impulsant une \u00e9nergie naturelle, Camille est un maillon indispensable pour mon nouveau dispositif.<\/em> \u00bb<\/p>\n<p><strong><span style=\"color: #003366;\">Cl\u00e9mentine Chauveau<\/span> <\/strong>(poste 4, 1,87 m, 2002) va faire ses grands d\u00e9buts en NF1. La jeune int\u00e9rieure, qui n\u2019a pas encore 18 ans, est pleine de promesses. Venue de Roche Vend\u00e9e Basket o\u00f9 elle \u00e9voluait dans l\u2019\u00e9quipe NF2 (Centre de formation), elle est bien connue de R\u00e9gis Racine qui a souhait\u00e9 l\u2019int\u00e9grer \u00e0 son groupe : \u00ab <em>C&#8217;est une joueuse en fin de cursus de formation. J\u2019ai eu la chance de pouvoir \u00e9valuer sa progression chaque intersaison. Elle rentre parfaitement dans le profil de joueuse que je souhaite pour notre \u00e9quipe.<\/em> \u00bb<\/p>\n<p style=\"text-align: center;\"><span style=\"color: #993300;\"><strong>Deux d\u00e9parts confirm\u00e9s<\/strong><\/span><\/p>\n<p>Apr\u00e8s deux belles ann\u00e9es, et un titre de Championne de France en tant que capitaine de l\u2019\u00e9quipe NF2, co-capitaine cette saison en NF1, <span style=\"color: #003366;\"><strong>Questeline C\u00e9lestin<\/strong> <\/span>quitte Limoges. Nous la laisserons, dans une interview \u00e0 para\u00eetre, annoncer son nouveau club et son nouveau challenge. Son coach gardera le contact, \u00e0 n\u2019en pas douter, et la suivra dans ses futurs projets. Il lui rend d\u00e9j\u00e0 un bel hommage : \u00ab <em>Questeline est et restera ind\u00e9l\u00e9bile \u00e0 notre r\u00e9ussite et notre retour en lumi\u00e8re sur ces deux derni\u00e8res ann\u00e9es.<\/em> \u00bb<\/p>\n<p>Et de deux d\u00e9parts, avec notre serbo-canadienne <span style=\"color: #003366;\"><strong>Silvana Jez<\/strong><\/span>. Elle n\u2019a pas mis longtemps \u00e0 s\u00e9duire le public de la Salle Mu\u2019 par son large sourire et sa bonne humeur communicative. Siki est partie de Limoges d\u00e8s les premiers jours du confinement. Actuellement en famille au Canada, elle sait que Limoges est une terre d\u2019accueil. R\u00e9gis Racine : \u00ab <em>Elle \u00e9tait aussi dans la continuit\u00e9, un fait rare, les \u00e9trang\u00e8res passant souvent aussi vite qu&#8217;elles n&#8217;arrivent. Elle \u00e9tait de toutes les batailles pour notre reconqu\u00eate depuis deux ans. On s&#8217;attache souvent aux gens qui portent le sourire sur elle, une fraicheur de vivre que l&#8217;on n\u2019oubliera pas !<\/em> \u00bb<\/p>\n<p><span style=\"color: #003366;\"><strong>Huit joueuses annonc\u00e9es<\/strong> et d\u2019autres signatures qui devraient arriver prochainement. Le Limoges ABC se pr\u00e9sentera en bon ordre et avec ambitions. Dans les prochains jours et jusqu\u2019\u00e0 fin mai au moins, nous allons vous pr\u00e9senter les joueuses, donner la parole au coach et \u00e0 ses assistants, annoncer au fur et \u00e0 mesure les nouvelles recrues. Chacune d\u2019elles travaillent d\u00e9j\u00e0 pour gommer, autant que possible, une p\u00e9riode de plusieurs mois sans basket. Mais d\u00e9j\u00e0, semble poindre une belle envie d\u2019en d\u00e9coudre. Soyons ambitieux et innovants. <strong>#AllezLABC<\/strong><\/span><\/p>\n<h5><span style=\"color: #003366;\">11 mai 2020 &#8211; <span style=\"color: #000000;\"><em>Photo : de G \u00e0 D, Cl\u00e9mentine Chauveau et Camille Cabaton<\/em><\/span><\/span><\/h5>\n","protected":false},"excerpt":{"rendered":"<p>Les championnats ont \u00e9t\u00e9 interrompus le 14 mars. Apr\u00e8s huit semaines de confinement et une crise sanitaire majeure, nous ne savons pas quand nous pourrons remettre les pieds sur les parquets ni si la saison 2020-2021 reprendra en temps et heure (19 septembre) sans probl\u00e8me. Cette situation va laisser de durables cicatrices dans le sport,&#8230; <\/p>\n<div class=\"clear\"><\/div>\n<p><a href=\"https:\/\/limogesabc.com\/index.php\/nf1-camille-et-clementine-avec-une-equipe-qui-prend-forme\/\" class=\"excerpt-read-more\">Lire plus<\/a><\/p>\n","protected":false},"author":2,"featured_media":12704,"comment_status":"closed","ping_status":"closed","sticky":false,"template":"","format":"standard","meta":{"_mi_skip_tracking":false,"_exactmetrics_sitenote_active":false,"_exactmetrics_sitenote_note":"","_exactmetrics_sitenote_category":0,"_monsterinsights_skip_tracking":false,"_monsterinsights_sitenote_active":false,"_monsterinsights_sitenote_note":"","_monsterinsights_sitenote_category":0,"footnotes":""},"categories":[79,90],"tags":[],"class_list":["post-12707","post","type-post","status-publish","format-standard","has-post-thumbnail","hentry","category-actualites","category-nf1"],"aioseo_notices":[],"_links":{"self":[{"href":"https:\/\/limogesabc.com\/index.php\/wp-json\/wp\/v2\/posts\/12707","targetHints":{"allow":["GET"]}}],"collection":[{"href":"https:\/\/limogesabc.com\/index.php\/wp-json\/wp\/v2\/posts"}],"about":[{"href":"https:\/\/limogesabc.com\/index.php\/wp-json\/wp\/v2\/types\/post"}],"author":[{"embeddable":true,"href":"https:\/\/limogesabc.com\/index.php\/wp-json\/wp\/v2\/users\/2"}],"replies":[{"embeddable":true,"href":"https:\/\/limogesabc.com\/index.php\/wp-json\/wp\/v2\/comments?post=12707"}],"version-history":[{"count":3,"href":"https:\/\/limogesabc.com\/index.php\/wp-json\/wp\/v2\/posts\/12707\/revisions"}],"predecessor-version":[{"id":12711,"href":"https:\/\/limogesabc.com\/index.php\/wp-json\/wp\/v2\/posts\/12707\/revisions\/12711"}],"wp:featuredmedia":[{"embeddable":true,"href":"https:\/\/limogesabc.com\/index.php\/wp-json\/wp\/v2\/media\/12704"}],"wp:attachment":[{"href":"https:\/\/limogesabc.com\/index.php\/wp-json\/wp\/v2\/media?parent=12707"}],"wp:term":[{"taxonomy":"category","embeddable":true,"href":"https:\/\/limogesabc.com\/index.php\/wp-json\/wp\/v2\/categories?post=12707"},{"taxonomy":"post_tag","embeddable":true,"href":"https:\/\/limogesabc.com\/index.php\/wp-json\/wp\/v2\/tags?post=12707"}],"curies":[{"name":"wp","href":"https:\/\/api.w.org\/{rel}","templated":true}]}}