{"id":12739,"date":"2020-05-15T18:18:25","date_gmt":"2020-05-15T16:18:25","guid":{"rendered":"http:\/\/limogesabc.com\/?p=12739"},"modified":"2020-05-15T18:25:50","modified_gmt":"2020-05-15T16:25:50","slug":"une-eternite-apres-reunion-des-coaches-au-siege-en-secutite-sanitaire","status":"publish","type":"post","link":"https:\/\/limogesabc.com\/index.php\/une-eternite-apres-reunion-des-coaches-au-siege-en-secutite-sanitaire\/","title":{"rendered":"Une \u00e9ternit\u00e9 apr\u00e8s &#8230; R\u00e9union des coaches au si\u00e8ge, en s\u00e9cutit\u00e9 sanitaire"},"content":{"rendered":"<p>C&#8217;est la premi\u00e8re fois que <span style=\"color: #003366;\">R\u00e9gis Racine, Romain Leclaircie et Jean-Christophe Lamargot<\/span> reposaient les pieds \u00e0 la Salle Mu&#8217; depuis deux mois. Autant dire une \u00e9ternit\u00e9. A la Salle Mu&#8217; ? Plus exactement au si\u00e8ge du club puisque le gymnase est toujours administrativement ferm\u00e9. A l&#8217;entr\u00e9e, deux affiches rappelant les consignes Covid-19, du gel hydroalcoolique, du d\u00e9sinfectant, des masques.<\/p>\n<p>Le Pr\u00e9sident <span style=\"color: #003366;\">Jean-Paul Robert<\/span> a remis \u00e0 chaque coach deux masques en tissu et r\u00e9utilisables, sigl\u00e9s &#8220;Limoges ABC&#8221;. R\u00e9alis\u00e9s par notre partenaire <span style=\"color: #003366;\">Bernard Blaizeau<\/span>, &#8220;Lou KASATCHE&#8221;. Le gel vient de &#8220;La Distribution M\u00e9dicale&#8221;, <span style=\"color: #003366;\">Sophie Vecchi<\/span>, partenaire du club. Circuits courts et partenariats.\u00a0La Salle de r\u00e9union a \u00e9t\u00e9 am\u00e9nag\u00e9e avec quatre espaces d\u00e9limit\u00e9s sur table pour garder la distanciation sociale.<\/p>\n<p><strong>La r\u00e9union s&#8217;est tenue entre techniciens.<\/strong> Elle avait pour objectif de faire un point sur la nouvelle \u00e9quipe et sur l&#8217;organisation des prochaines semaines, la pr\u00e9paration physique \u00e0 distance, les sc\u00e9narios de reprises, la gestion du groupe. La reprise des entra\u00eenements est pr\u00e9vue mardi 4 ao\u00fbt apr\u00e8s les traditionnels examens m\u00e9dicaux. La date de reprise des championnats nationaux FFBB est toujours le samedi 19 septembre. Sept petites semaines ne seront pas de trop, m\u00eame si on peut parier sur le professionnalisme des joueuses, pour gommer six mois sans comp\u00e9tition. Autant dire une \u00e9ternit\u00e9.<\/p>\n<div class=\"gdlr-shortcode-wrapper\"><div class=\"gdlr-gallery-item gdlr-item\" ><div class=\"gallery-column four columns\"><div class=\"gallery-item\"><a href=\"https:\/\/limogesabc.com\/index.php\/une-eternite-apres-reunion-des-coaches-au-siege-en-secutite-sanitaire\/larsenal-1\/\" title=\"L&#039;arsenal 1\" data-rel=\"fancybox\" ><img decoding=\"async\" src=\"https:\/\/limogesabc.com\/wp-content\/uploads\/2020\/05\/Larsenal-1-150x150.jpg\" alt=\"\" width=\"150\" height=\"150\" \/><\/a><span class=\"gallery-caption\"><\/span><\/div><\/div><div class=\"gallery-column four columns\"><div class=\"gallery-item\"><a href=\"https:\/\/limogesabc.com\/index.php\/une-eternite-apres-reunion-des-coaches-au-siege-en-secutite-sanitaire\/la-distanciation\/\" title=\"La distanciation\" data-rel=\"fancybox\" ><img decoding=\"async\" src=\"https:\/\/limogesabc.com\/wp-content\/uploads\/2020\/05\/La-distanciation-150x150.jpg\" alt=\"\" width=\"150\" height=\"150\" \/><\/a><span class=\"gallery-caption\"><\/span><\/div><\/div><div class=\"gallery-column four columns\"><div class=\"gallery-item\"><a href=\"https:\/\/limogesabc.com\/index.php\/une-eternite-apres-reunion-des-coaches-au-siege-en-secutite-sanitaire\/letage\/\" title=\"L&#039;\u00e9tage\" data-rel=\"fancybox\" ><img decoding=\"async\" src=\"https:\/\/limogesabc.com\/wp-content\/uploads\/2020\/05\/L\u00e9tage-150x150.jpg\" alt=\"\" width=\"150\" height=\"150\" \/><\/a><span class=\"gallery-caption\"><\/span><\/div><\/div><div class=\"clear\"><\/div><\/div><\/div>\n<h5>15 mai 2020<\/h5>\n","protected":false},"excerpt":{"rendered":"<p>C&#8217;est la premi\u00e8re fois que R\u00e9gis Racine, Romain Leclaircie et Jean-Christophe Lamargot reposaient les pieds \u00e0 la Salle Mu&#8217; depuis deux mois. Autant dire une \u00e9ternit\u00e9. A la Salle Mu&#8217; ? Plus exactement au si\u00e8ge du club puisque le gymnase est toujours administrativement ferm\u00e9. A l&#8217;entr\u00e9e, deux affiches rappelant les consignes Covid-19, du gel hydroalcoolique,&#8230; <\/p>\n<div class=\"clear\"><\/div>\n<p><a href=\"https:\/\/limogesabc.com\/index.php\/une-eternite-apres-reunion-des-coaches-au-siege-en-secutite-sanitaire\/\" class=\"excerpt-read-more\">Lire plus<\/a><\/p>\n","protected":false},"author":2,"featured_media":12740,"comment_status":"closed","ping_status":"closed","sticky":false,"template":"","format":"standard","meta":{"_mi_skip_tracking":false,"_exactmetrics_sitenote_active":false,"_exactmetrics_sitenote_note":"","_exactmetrics_sitenote_category":0,"_monsterinsights_skip_tracking":false,"_monsterinsights_sitenote_active":false,"_monsterinsights_sitenote_note":"","_monsterinsights_sitenote_category":0,"footnotes":""},"categories":[79,90,94,110],"tags":[],"class_list":["post-12739","post","type-post","status-publish","format-standard","has-post-thumbnail","hentry","category-actualites","category-nf1","category-club","category-partenariats"],"aioseo_notices":[],"_links":{"self":[{"href":"https:\/\/limogesabc.com\/index.php\/wp-json\/wp\/v2\/posts\/12739","targetHints":{"allow":["GET"]}}],"collection":[{"href":"https:\/\/limogesabc.com\/index.php\/wp-json\/wp\/v2\/posts"}],"about":[{"href":"https:\/\/limogesabc.com\/index.php\/wp-json\/wp\/v2\/types\/post"}],"author":[{"embeddable":true,"href":"https:\/\/limogesabc.com\/index.php\/wp-json\/wp\/v2\/users\/2"}],"replies":[{"embeddable":true,"href":"https:\/\/limogesabc.com\/index.php\/wp-json\/wp\/v2\/comments?post=12739"}],"version-history":[{"count":7,"href":"https:\/\/limogesabc.com\/index.php\/wp-json\/wp\/v2\/posts\/12739\/revisions"}],"predecessor-version":[{"id":12750,"href":"https:\/\/limogesabc.com\/index.php\/wp-json\/wp\/v2\/posts\/12739\/revisions\/12750"}],"wp:featuredmedia":[{"embeddable":true,"href":"https:\/\/limogesabc.com\/index.php\/wp-json\/wp\/v2\/media\/12740"}],"wp:attachment":[{"href":"https:\/\/limogesabc.com\/index.php\/wp-json\/wp\/v2\/media?parent=12739"}],"wp:term":[{"taxonomy":"category","embeddable":true,"href":"https:\/\/limogesabc.com\/index.php\/wp-json\/wp\/v2\/categories?post=12739"},{"taxonomy":"post_tag","embeddable":true,"href":"https:\/\/limogesabc.com\/index.php\/wp-json\/wp\/v2\/tags?post=12739"}],"curies":[{"name":"wp","href":"https:\/\/api.w.org\/{rel}","templated":true}]}}