{"id":12829,"date":"2020-05-23T12:23:23","date_gmt":"2020-05-23T10:23:23","guid":{"rendered":"http:\/\/limogesabc.com\/?p=12829"},"modified":"2020-05-23T12:23:23","modified_gmt":"2020-05-23T10:23:23","slug":"questeline-celestin-mon-plus-beau-souvenir-cest-la-montee-et-le-titre","status":"publish","type":"post","link":"https:\/\/limogesabc.com\/index.php\/questeline-celestin-mon-plus-beau-souvenir-cest-la-montee-et-le-titre\/","title":{"rendered":"Questeline C\u00e9lestin : &#8220;Mon plus beau souvenir c&#8217;est la mont\u00e9e et le titre&#8221;"},"content":{"rendered":"<p><span style=\"color: #003366;\">Apr\u00e8s deux saisons pass\u00e9es au Limoges ABC, capitaine puis co-capitaine avec M\u00e9lissa, <strong>Questeline C\u00e9lestin<\/strong> revient sur son itin\u00e9raire basket et humain, sur les moments les plus sympathiques, ce titre d\u00e9croch\u00e9 en 2019 et notre bonne saison interrompue. Un petit mot tr\u00e8s sympathique et une d\u00e9dicace du coach <strong>R\u00e9gis Racine<\/strong> pour saluer celle qui a &#8220;port\u00e9 notre \u00e9quipe&#8221; et pour lui souhaiter bonne chance sportive et personnelle.<\/span><\/p>\n<p style=\"text-align: center;\"><span style=\"color: #800080; font-size: 14pt;\"><strong>Les filles, soyez pr\u00eates \u00e0 d\u00e9placer des montagnes !<\/strong><\/span><\/p>\n<p><strong><span style=\"color: #003366;\">Limoges ABC : La saison s\u2019est finie le vendredi 12 mars au soir, apr\u00e8s un entrainement. S\u00e9parations, confinement. Quel go\u00fbt bizarre ! Comment vis-tu ces moments douloureux ?<\/span><\/strong><br \/>\n<strong>Questeline C\u00e9lestin :<\/strong> Je consid\u00e8re que cette situation est arriv\u00e9e \u00e0 un moment o\u00f9, avec les filles, nous \u00e9tions soud\u00e9es pour nos objectifs de la saison. C&#8217;est dommage mais je pense que rien n&#8217;arrive par hasard, donc il y a forc\u00e9ment de bonnes choses \u00e0 en tirer.<\/p>\n<p><span style=\"color: #003366;\"><strong>LABC : Que retiendras-tu de ces deux saisons au Limoges ABC et comment as-tu v\u00e9cu ces deux ann\u00e9es ?<\/strong> <\/span><br \/>\n<strong>QC :<\/strong> Des hauts et des bas, beaucoup d&#8217;enseignements et de le\u00e7ons tir\u00e9es, m\u00eame \u00e0 mon \u00e2ge :). Je ressors de l\u00e0 plus forte et sachant encore davantage ce que je veux dans la vie. Donc merci \u00e0 tous : coach et assistant coach, les b\u00e9n\u00e9voles qui ont un grand c\u0153ur, tous ceux qui participent \u00e0 la vie du club.<\/p>\n<p><strong><span style=\"color: #003366;\">LABC : Question traditionnelle, quel est ton plus beau souvenir ?<\/span> <\/strong><br \/>\n<strong>QC :<\/strong> La mont\u00e9e en NF1, c&#8217;\u00e9tait notre objectif de la saison et en plus de \u00e7a, on finit Championnes de France avec un groupe que je n&#8217;oublierai jamais.<\/p>\n<p><span style=\"color: #003366;\"><strong>LABC : Tu \u00e9tais capitaine, le coach R\u00e9gis Racine t\u2019a fait confiance. As-tu un petit message \u00e0 lui adresser en priv\u00e9<\/strong> <\/span>\ud83d\ude0a <strong><span style=\"color: #003366;\">ainsi qu\u2019\u00e0 tes co\u00e9quipi\u00e8res \u2026 ?<\/span> <\/strong><br \/>\n<strong>QC :<\/strong> On s&#8217;est entendu d\u00e8s le d\u00e9part, on avait la m\u00eame vision quant aux objectifs. Je lui dirai merci de m&#8217;avoir support\u00e9e \ud83d\ude02. C&#8217;est un coach impliqu\u00e9, qui donne d&#8217;ailleurs trop de lui. Je lui souhaite de r\u00e9ussir et le meilleur dans sa vie professionnelle et personnelle.<br \/>\nAh les filles ! Quelle saison n&#8217;est-ce pas ? Soyez pr\u00eates \u00e0 d\u00e9placer des montagnes pour les futurs moments sur le terrain et en dehors. Je vous souhaite plein de bonnes choses et je sais que vous sortez de cette saison grandies.<\/p>\n<p style=\"text-align: center;\"><span style=\"color: #800080; font-size: 14pt;\"><strong>Je retiendrai l&#8217;amour des b\u00e9n\u00e9voles<\/strong><\/span><\/p>\n<p><span style=\"color: #003366;\"><strong>LABC : Un d\u00e9part c\u2019est aussi une rupture avec un club, les partenaires, les supporters. Quelles images vas-tu emporter dans tes bagages de ces personnes que tu auras crois\u00e9es ?<\/strong> <\/span><br \/>\n<strong>QC :<\/strong> Je retiendrai l&#8217;amour des b\u00e9n\u00e9voles, surtout une en particulier qui a toujours pris soin de nous. L&#8217;accompagnement des dirigeants, des sponsors tout au long des saisons, surtout leur fid\u00e9lit\u00e9 car ils ont cru en nous, et \u00e7a, c&#8217;est important. Merci aux supporters de nous avoir encourag\u00e9es et port\u00e9es, ils ont \u00e9t\u00e9 le 6e homme indispensable durant les matchs. Merci \u00e0 tous.<\/p>\n<p><span style=\"color: #003366;\"><strong>LABC : Et demain ? Peux-tu nous en dire plus sur ta destination, tes projets, ta formation en cours ?<\/strong> <\/span><br \/>\n<strong>QC :<\/strong> Je ne peux rien vous dire car rien n\u2019est encore fait mais Dieu est grand, alors tout ira pour le mieux. Je continue ma formation pour devenir travailleur social et mon projet professionnel \u00e0 long terme suit son cours.<\/p>\n<p>&nbsp;<\/p>\n<p><span style=\"color: #ff9900;\"><strong>Le mot du coach, R\u00e9gis Racine :<\/strong> <\/span><em>Les mots seront tr\u00e8s simples, notre capitaine durant deux ans, elle a port\u00e9 notre \u00e9quipe, r\u00e9veill\u00e9 des consciences par moment, une fougue parfaite pour nous emmener jusqu&#8217;au titre de Championnes de France (NF2). Questeline est et restera ind\u00e9l\u00e9bile \u00e0 notre r\u00e9ussite et notre retour en lumi\u00e8re sur ces deux derni\u00e8res ann\u00e9es. Je vais regretter ce c\u00f4t\u00e9 guerri\u00e8re et t\u00eatu \u00e0 l&#8217;objectif. Elle \u00e9tait aussi le puzzle central de notre r\u00e9ussite. Je lui souhaite une bonne 2\u00e8me partie de vie car elle a des objectifs pour l&#8217;accompagnement des gens et des enfants dans son pays. A titre personnel, j&#8217;aurai toujours un \u0153il attentif \u00e0 ses r\u00e9alisations de vie, bonne chance et bon courage \u00e0 elle.<\/em><\/p>\n<h5>23 mai 2020<\/h5>\n","protected":false},"excerpt":{"rendered":"<p>Apr\u00e8s deux saisons pass\u00e9es au Limoges ABC, capitaine puis co-capitaine avec M\u00e9lissa, Questeline C\u00e9lestin revient sur son itin\u00e9raire basket et humain, sur les moments les plus sympathiques, ce titre d\u00e9croch\u00e9 en 2019 et notre bonne saison interrompue. Un petit mot tr\u00e8s sympathique et une d\u00e9dicace du coach R\u00e9gis Racine pour saluer celle qui a &#8220;port\u00e9&#8230; <\/p>\n<div class=\"clear\"><\/div>\n<p><a href=\"https:\/\/limogesabc.com\/index.php\/questeline-celestin-mon-plus-beau-souvenir-cest-la-montee-et-le-titre\/\" class=\"excerpt-read-more\">Lire plus<\/a><\/p>\n","protected":false},"author":2,"featured_media":12830,"comment_status":"closed","ping_status":"closed","sticky":false,"template":"","format":"standard","meta":{"_mi_skip_tracking":false,"_exactmetrics_sitenote_active":false,"_exactmetrics_sitenote_note":"","_exactmetrics_sitenote_category":0,"_monsterinsights_skip_tracking":false,"_monsterinsights_sitenote_active":false,"_monsterinsights_sitenote_note":"","_monsterinsights_sitenote_category":0,"footnotes":""},"categories":[79,90],"tags":[],"class_list":["post-12829","post","type-post","status-publish","format-standard","has-post-thumbnail","hentry","category-actualites","category-nf1"],"aioseo_notices":[],"_links":{"self":[{"href":"https:\/\/limogesabc.com\/index.php\/wp-json\/wp\/v2\/posts\/12829","targetHints":{"allow":["GET"]}}],"collection":[{"href":"https:\/\/limogesabc.com\/index.php\/wp-json\/wp\/v2\/posts"}],"about":[{"href":"https:\/\/limogesabc.com\/index.php\/wp-json\/wp\/v2\/types\/post"}],"author":[{"embeddable":true,"href":"https:\/\/limogesabc.com\/index.php\/wp-json\/wp\/v2\/users\/2"}],"replies":[{"embeddable":true,"href":"https:\/\/limogesabc.com\/index.php\/wp-json\/wp\/v2\/comments?post=12829"}],"version-history":[{"count":1,"href":"https:\/\/limogesabc.com\/index.php\/wp-json\/wp\/v2\/posts\/12829\/revisions"}],"predecessor-version":[{"id":12831,"href":"https:\/\/limogesabc.com\/index.php\/wp-json\/wp\/v2\/posts\/12829\/revisions\/12831"}],"wp:featuredmedia":[{"embeddable":true,"href":"https:\/\/limogesabc.com\/index.php\/wp-json\/wp\/v2\/media\/12830"}],"wp:attachment":[{"href":"https:\/\/limogesabc.com\/index.php\/wp-json\/wp\/v2\/media?parent=12829"}],"wp:term":[{"taxonomy":"category","embeddable":true,"href":"https:\/\/limogesabc.com\/index.php\/wp-json\/wp\/v2\/categories?post=12829"},{"taxonomy":"post_tag","embeddable":true,"href":"https:\/\/limogesabc.com\/index.php\/wp-json\/wp\/v2\/tags?post=12829"}],"curies":[{"name":"wp","href":"https:\/\/api.w.org\/{rel}","templated":true}]}}