{"id":12842,"date":"2020-05-25T09:37:02","date_gmt":"2020-05-25T07:37:02","guid":{"rendered":"http:\/\/limogesabc.com\/?p=12842"},"modified":"2020-05-25T09:37:02","modified_gmt":"2020-05-25T07:37:02","slug":"je-mattend-a-un-niveau-plus-eleve-et-plus-physique-entre-deux-avec-clementine-chauveau","status":"publish","type":"post","link":"https:\/\/limogesabc.com\/index.php\/je-mattend-a-un-niveau-plus-eleve-et-plus-physique-entre-deux-avec-clementine-chauveau\/","title":{"rendered":"&#8220;Je m&#8217;attend \u00e0 un niveau plus \u00e9lev\u00e9 et plus physique&#8221;. Entre-Deux avec &#8230; Cl\u00e9mentine Chauveau"},"content":{"rendered":"<p><span style=\"color: #003366;\">Nous poursuivons notre s\u00e9rie d\u2019interview des joueuses et des coaches qui vont constituer le staff NF1 la saison prochaine. \u00ab <strong>Entre-Deux<\/strong> \u00bb nous conduit aujourd&#8217;hui \u00e0 rencontrer une nouvelle et tr\u00e8s jeune joueuse &#8211; elle n&#8217;a pas encore 18 ans &#8211; qui arrive du Centre de Formation de Roche Vend\u00e9e o\u00f9 elle \u00e9voluait en NF2 avec l&#8217;\u00e9quipe Espoirs. Int\u00e9rieure, poste 4, <strong>Cl\u00e9mentine Chauveau<\/strong> va apporter sa taille (1,86 m) dans la raquette limougeaude et progresser avec nous, aux c\u00f4t\u00e9s de Samantha qui a le m\u00eame \u00e2ge. <strong>Bienvenue Cl\u00e9mentine #13.\u00a0<\/strong><\/span><\/p>\n<p>&nbsp;<\/p>\n<p style=\"text-align: center;\"><span style=\"color: #800080; font-size: 14pt;\"><strong>J&#8217;ai jou\u00e9 en UElite et en NF2 durant deux ans \u00e0 Roche Vend\u00e9e<\/strong><\/span><\/p>\n<p><span style=\"color: #003366;\"><strong>Limoges ABC : Peux-tu nous raconter ton itin\u00e9raire sportif ? \u2026<\/strong><\/span><br \/>\n<span style=\"color: #800080;\"><strong>Cl\u00e9mentine Chauveau :<\/strong><\/span> J\u2019ai commenc\u00e9 le basket \u00e0 l\u2019\u00e2ge de cinq ans au M\u00fbrs-Erign\u00e9 Basket Club, club du Maine-et-Loire, pr\u00e8s de chez moi, pendant huit ans. Je suis pass\u00e9e ensuite par Brissac-Quinc\u00e9 pour une ann\u00e9e en U13. J\u2019ai ensuite int\u00e9gr\u00e9 le P\u00f4le Espoirs de Nantes durant deux ans o\u00f9 je jouais en Minimes France avec le club de l\u2019UFAB Angers puis j\u2019ai encha\u00een\u00e9 avec le Centre de formation de l\u2019UFAB pendant un an. J\u2019ai par la suite rejoint le club de Roche Vend\u00e9e et son Centre de formation o\u00f9 j\u2019ai jou\u00e9 en U18 Elite et en Championnat NF2 durant deux ans.<\/p>\n<p><strong><span style=\"color: #003366;\">LABC : Comment as-tu v\u00e9cu l\u2019arr\u00eat des championnats le 14 mars ? Et comment as-tu g\u00e9r\u00e9 les deux mois compliqu\u00e9s de confinement ?<\/span><\/strong><br \/>\n<span style=\"color: #800080;\"><strong>CC :<\/strong><\/span> J\u2019\u00e9tais forc\u00e9ment frustr\u00e9e par l\u2019arr\u00eat brutal de la saison. Il nous restait plusieurs \u00e9ch\u00e9ances importantes, notamment la Coupe de France U18 et il restait quelques belles rencontres en nationale 2. Mais comme tout le monde, il a fallu accepter de se confiner et continuer \u00e0 travailler chez soi. Le confinement m\u2019a permis de passer du temps avec ma famille puisque j\u2019\u00e9tais interne cette ann\u00e9e et j\u2019ai r\u00e9ussi \u00e0 trouver un rythme pour travailler les cours quotidiennement malgr\u00e9 la difficult\u00e9 des cours \u00e0 distance.<\/p>\n<p><span style=\"color: #003366;\"><strong>LABC : Qu\u2019est-ce qui t\u2019a s\u00e9duit et a confort\u00e9 ton choix de signer au Limoges ABC ?<\/strong><\/span><br \/>\n<span style=\"color: #800080;\"><strong>CC :<\/strong><\/span> J\u2019ai eu l\u2019occasion d\u2019\u00eatre entra\u00een\u00e9e par R\u00e9gis et Jean-Christophe sur des camps d\u2019\u00e9t\u00e9 et ce sont des personnes qui pourront me faire travailler. Limoges est aussi connue pour sa culture basket et ce c\u00f4t\u00e9-l\u00e0 m\u2019a aussi beaucoup plu. Je suis tr\u00e8s heureuse d\u2019arriver \u00e0 Limoges et j\u2019esp\u00e8re passer une tr\u00e8s belle ann\u00e9e sportive avec vous.<\/p>\n<p style=\"text-align: center;\"><span style=\"color: #800080; font-size: 14pt;\"><strong>Je suis quelqu&#8217;un de combative<\/strong><\/span><\/p>\n<p><span style=\"color: #003366;\"><strong>LABC : Tu ne connais pas le Championnat NF1. Qu\u2019attends-tu donc de ta prochaine saison et quelles sont tes ambitions ?<\/strong><\/span><br \/>\n<span style=\"color: #800080;\"><strong>CC :<\/strong><\/span> Je m\u2019attends \u00e0 un niveau soit \u00e9lev\u00e9 et plus physique par rapport \u00e0 la N2. Je vais rencontrer et jouer avec des joueuses qui ont de l\u2019exp\u00e9rience. Cela ne pourra m\u2019apporter que du plus pour durcir mon jeu. J\u2019esp\u00e8re ainsi pouvoir progresser chaque jour pour pouvoir gagner quelques minutes \u00e0 chaque match et montrer que je peux apporter \u00e0 l\u2019\u00e9quipe.<\/p>\n<p><span style=\"color: #003366;\"><strong>LABC : Quelles sont, de ton point de vue, tes principales qualit\u00e9s sur le parquet et les points sur lesquels tu as une marge de progression ?<\/strong><\/span><br \/>\n<span style=\"color: #800080;\"><strong>CC :<\/strong><\/span> Il est difficile de parler de ses qualit\u00e9s, mais je pourrais dire que je suis efficace sous les paniers, notamment pour les rebonds, et que je suis quelqu\u2019un de combative. Pour ma progression, je dois travailler mon c\u00f4t\u00e9 trop altruiste pour d\u00e9velopper mon jeu offensif et aussi sur mon physique pour durcir mon jeu.<\/p>\n<p><span style=\"color: #003366;\"><strong>LABC : Tu \u00e9tais en Terminale cette ann\u00e9e. As-tu la certitude de d\u00e9crocher le Bac ? Et vers quel cursus veux-tu t\u2019orienter l\u2019ann\u00e9e prochaine ?<\/strong><\/span><br \/>\n<strong><span style=\"color: #800080;\">CC :<\/span><\/strong> Oui, j\u2019aurai mon bac. J\u2019aimerai int\u00e9grer une Ecole d\u2019infirmi\u00e8re mais difficile d\u2019allier ces \u00e9tudes au basket alors je me dirigerai vers une Licence de biologie ou sciences de la vie et de la terre.<\/p>\n<p><span style=\"color: #993300;\"><strong>R\u00e9gis Racine :<\/strong> C&#8217;est une joueuse en fin de cursus de formation du c\u00f4t\u00e9 de Roche Vend\u00e9e. J&#8217;ai eu la chance de pouvoir \u00e9valuer sa progression chaque intersaison. Elle entre parfaitement dans le profil de joueuse que je souhaite pour notre \u00e9quipe. Poste 4, de grande taille, fuyante et capable de prendre des tirs. Le temps fera le reste afin de traverser les demandes d&#8217;une joueuse de NF1. C&#8217;est une \u00e9ponge avec de tr\u00e8s bonnes facult\u00e9s d&#8217;adaptations.<\/span><\/p>\n<h5>25 mai 2020 &#8211; Photo Olivier Sarre (match NF2, Salle Mu&#8217; le 30 mars 2019)<\/h5>\n","protected":false},"excerpt":{"rendered":"<p>Nous poursuivons notre s\u00e9rie d\u2019interview des joueuses et des coaches qui vont constituer le staff NF1 la saison prochaine. \u00ab Entre-Deux \u00bb nous conduit aujourd&#8217;hui \u00e0 rencontrer une nouvelle et tr\u00e8s jeune joueuse &#8211; elle n&#8217;a pas encore 18 ans &#8211; qui arrive du Centre de Formation de Roche Vend\u00e9e o\u00f9 elle \u00e9voluait en NF2&#8230; <\/p>\n<div class=\"clear\"><\/div>\n<p><a href=\"https:\/\/limogesabc.com\/index.php\/je-mattend-a-un-niveau-plus-eleve-et-plus-physique-entre-deux-avec-clementine-chauveau\/\" class=\"excerpt-read-more\">Lire plus<\/a><\/p>\n","protected":false},"author":2,"featured_media":10051,"comment_status":"closed","ping_status":"closed","sticky":false,"template":"","format":"standard","meta":{"_mi_skip_tracking":false,"_exactmetrics_sitenote_active":false,"_exactmetrics_sitenote_note":"","_exactmetrics_sitenote_category":0,"_monsterinsights_skip_tracking":false,"_monsterinsights_sitenote_active":false,"_monsterinsights_sitenote_note":"","_monsterinsights_sitenote_category":0,"footnotes":""},"categories":[79,90],"tags":[],"class_list":["post-12842","post","type-post","status-publish","format-standard","has-post-thumbnail","hentry","category-actualites","category-nf1"],"aioseo_notices":[],"_links":{"self":[{"href":"https:\/\/limogesabc.com\/index.php\/wp-json\/wp\/v2\/posts\/12842","targetHints":{"allow":["GET"]}}],"collection":[{"href":"https:\/\/limogesabc.com\/index.php\/wp-json\/wp\/v2\/posts"}],"about":[{"href":"https:\/\/limogesabc.com\/index.php\/wp-json\/wp\/v2\/types\/post"}],"author":[{"embeddable":true,"href":"https:\/\/limogesabc.com\/index.php\/wp-json\/wp\/v2\/users\/2"}],"replies":[{"embeddable":true,"href":"https:\/\/limogesabc.com\/index.php\/wp-json\/wp\/v2\/comments?post=12842"}],"version-history":[{"count":1,"href":"https:\/\/limogesabc.com\/index.php\/wp-json\/wp\/v2\/posts\/12842\/revisions"}],"predecessor-version":[{"id":12843,"href":"https:\/\/limogesabc.com\/index.php\/wp-json\/wp\/v2\/posts\/12842\/revisions\/12843"}],"wp:featuredmedia":[{"embeddable":true,"href":"https:\/\/limogesabc.com\/index.php\/wp-json\/wp\/v2\/media\/10051"}],"wp:attachment":[{"href":"https:\/\/limogesabc.com\/index.php\/wp-json\/wp\/v2\/media?parent=12842"}],"wp:term":[{"taxonomy":"category","embeddable":true,"href":"https:\/\/limogesabc.com\/index.php\/wp-json\/wp\/v2\/categories?post=12842"},{"taxonomy":"post_tag","embeddable":true,"href":"https:\/\/limogesabc.com\/index.php\/wp-json\/wp\/v2\/tags?post=12842"}],"curies":[{"name":"wp","href":"https:\/\/api.w.org\/{rel}","templated":true}]}}