{"id":12845,"date":"2020-05-27T22:50:51","date_gmt":"2020-05-27T20:50:51","guid":{"rendered":"http:\/\/limogesabc.com\/?p=12845"},"modified":"2020-05-27T23:32:05","modified_gmt":"2020-05-27T21:32:05","slug":"le-chapiteau-en-travaux","status":"publish","type":"post","link":"https:\/\/limogesabc.com\/index.php\/le-chapiteau-en-travaux\/","title":{"rendered":"Notre bar est tomb\u00e9 dans le panneau :-)"},"content":{"rendered":"<p>Celles et ceux qui diraient que nous sommes rest\u00e9s confin\u00e9(e)s devront en apporter la preuve ! Ce mercredi en tout cas, c&#8217;\u00e9tait branle-bas de combat pour la r\u00e9fection du chapiteau, c\u00f4t\u00e9 buvette du club. Samuel Vampouille et Ren\u00e9 Foucaud n&#8217;ont pas ch\u00f4m\u00e9 pour poser 22 m2 de plaques agglo derri\u00e8re le bar et l&#8217;espace buvette. Il y en avait besoin, depuis que la toile avait \u00e9t\u00e9 vandalis\u00e9e. Elle est r\u00e9par\u00e9e. D&#8217;ici la reprise automnale, nous allons d\u00e9corer les deux panneaux aux couleurs du club. Le bar se pr\u00e9pare \u00e0 la fin des mesures de distanciation \u2026 Pour mieux accueillir nos partenaires et supporters en servant toujours de bonnes bi\u00e8res, <em>\u00e0 consommer avec mod\u00e9ration \u00e9videmment<\/em>. Merci aux b\u00e9n\u00e9voles et \u00e0 bient\u00f4t les amigos.<\/p>\n<div class=\"gdlr-shortcode-wrapper\"><div class=\"gdlr-gallery-item gdlr-item\" ><div class=\"gallery-column four columns\"><div class=\"gallery-item\"><a href=\"https:\/\/limogesabc.com\/index.php\/le-chapiteau-en-travaux\/img_1470\/\" title=\"IMG_1470\" data-rel=\"fancybox\" ><img decoding=\"async\" src=\"https:\/\/limogesabc.com\/wp-content\/uploads\/2020\/05\/IMG_1470-150x150.jpg\" alt=\"\" width=\"150\" height=\"150\" \/><\/a><span class=\"gallery-caption\"><\/span><\/div><\/div><div class=\"gallery-column four columns\"><div class=\"gallery-item\"><a href=\"https:\/\/limogesabc.com\/index.php\/le-chapiteau-en-travaux\/img_1472-2\/\" title=\"IMG_1472\" data-rel=\"fancybox\" ><img decoding=\"async\" src=\"https:\/\/limogesabc.com\/wp-content\/uploads\/2020\/05\/IMG_1472-150x150.jpg\" alt=\"\" width=\"150\" height=\"150\" \/><\/a><span class=\"gallery-caption\"><\/span><\/div><\/div><div class=\"gallery-column four columns\"><div class=\"gallery-item\"><a href=\"https:\/\/limogesabc.com\/index.php\/le-chapiteau-en-travaux\/buvette-refait\/\" title=\"Buvette refait\" data-rel=\"fancybox\" ><img decoding=\"async\" src=\"https:\/\/limogesabc.com\/wp-content\/uploads\/2020\/05\/Buvette-refait-150x150.jpg\" alt=\"\" width=\"150\" height=\"150\" \/><\/a><span class=\"gallery-caption\"><\/span><\/div><\/div><div class=\"clear\"><\/div><\/div><\/div>\n<p>&nbsp;<\/p>\n","protected":false},"excerpt":{"rendered":"<p>Celles et ceux qui diraient que nous sommes rest\u00e9s confin\u00e9(e)s devront en apporter la preuve ! Ce mercredi en tout cas, c&#8217;\u00e9tait branle-bas de combat pour la r\u00e9fection du chapiteau, c\u00f4t\u00e9 buvette du club. Samuel Vampouille et Ren\u00e9 Foucaud n&#8217;ont pas ch\u00f4m\u00e9 pour poser 22 m2 de plaques agglo derri\u00e8re le bar et l&#8217;espace buvette&#8230;. <\/p>\n<div class=\"clear\"><\/div>\n<p><a href=\"https:\/\/limogesabc.com\/index.php\/le-chapiteau-en-travaux\/\" class=\"excerpt-read-more\">Lire plus<\/a><\/p>\n","protected":false},"author":2,"featured_media":12847,"comment_status":"closed","ping_status":"closed","sticky":false,"template":"","format":"standard","meta":{"_mi_skip_tracking":false,"_exactmetrics_sitenote_active":false,"_exactmetrics_sitenote_note":"","_exactmetrics_sitenote_category":0,"_monsterinsights_skip_tracking":false,"_monsterinsights_sitenote_active":false,"_monsterinsights_sitenote_note":"","_monsterinsights_sitenote_category":0,"footnotes":""},"categories":[79],"tags":[],"class_list":["post-12845","post","type-post","status-publish","format-standard","has-post-thumbnail","hentry","category-actualites"],"aioseo_notices":[],"_links":{"self":[{"href":"https:\/\/limogesabc.com\/index.php\/wp-json\/wp\/v2\/posts\/12845","targetHints":{"allow":["GET"]}}],"collection":[{"href":"https:\/\/limogesabc.com\/index.php\/wp-json\/wp\/v2\/posts"}],"about":[{"href":"https:\/\/limogesabc.com\/index.php\/wp-json\/wp\/v2\/types\/post"}],"author":[{"embeddable":true,"href":"https:\/\/limogesabc.com\/index.php\/wp-json\/wp\/v2\/users\/2"}],"replies":[{"embeddable":true,"href":"https:\/\/limogesabc.com\/index.php\/wp-json\/wp\/v2\/comments?post=12845"}],"version-history":[{"count":4,"href":"https:\/\/limogesabc.com\/index.php\/wp-json\/wp\/v2\/posts\/12845\/revisions"}],"predecessor-version":[{"id":12856,"href":"https:\/\/limogesabc.com\/index.php\/wp-json\/wp\/v2\/posts\/12845\/revisions\/12856"}],"wp:featuredmedia":[{"embeddable":true,"href":"https:\/\/limogesabc.com\/index.php\/wp-json\/wp\/v2\/media\/12847"}],"wp:attachment":[{"href":"https:\/\/limogesabc.com\/index.php\/wp-json\/wp\/v2\/media?parent=12845"}],"wp:term":[{"taxonomy":"category","embeddable":true,"href":"https:\/\/limogesabc.com\/index.php\/wp-json\/wp\/v2\/categories?post=12845"},{"taxonomy":"post_tag","embeddable":true,"href":"https:\/\/limogesabc.com\/index.php\/wp-json\/wp\/v2\/tags?post=12845"}],"curies":[{"name":"wp","href":"https:\/\/api.w.org\/{rel}","templated":true}]}}