{"id":12966,"date":"2020-08-01T09:50:50","date_gmt":"2020-08-01T07:50:50","guid":{"rendered":"http:\/\/limogesabc.com\/?p=12966"},"modified":"2020-08-01T10:39:49","modified_gmt":"2020-08-01T08:39:49","slug":"12966","status":"publish","type":"post","link":"https:\/\/limogesabc.com\/index.php\/12966\/","title":{"rendered":"&#8220;Nous allons \u00eatre une belle vitrine&#8221; J-2 &#8230; Entre-Deux avec R\u00e9gis Racine"},"content":{"rendered":"<p><span style=\"color: #003366;\">Le coach est notre invit\u00e9 \u00e0 deux jours de la reprise Salle Mu&#8217;. Le sevrage basket, <strong>R\u00e9gis Racine<\/strong> n&#8217;aime pas, pas du tout. Depuis gamin, c&#8217;est sur les parquets et dans les salles que l&#8217;ancien international vit sa vie \u00e0 cent \u00e0 l&#8217;heure, et m\u00eame beaucoup plus, avec<\/span><span style=\"color: #003366;\"> une sensibilit\u00e9 \u00e0 fleur de peau<\/span><span style=\"color: #003366;\">. &#8220;<\/span><em style=\"color: #003366;\">J&#8217;aime l&#8217;humain et on ne me le retirera pas<\/em><span style=\"color: #003366;\">&#8221; clame un R\u00e9gis Racine tr\u00e9pignant de ne pouvoir aider des personnes ou des amis vuln\u00e9rables. A l&#8217;image de ces combattants qui ont besoin d&#8217;adr\u00e9naline, de challenges et de fraternels partages, le coach bout et s&#8217;impatiente, acc\u00e9l\u00e8re. &#8220;<em>Monsieur Covid-19<\/em>&#8221; n&#8217;est pas son copain. Un peu pour tuer le temps et \u00e0 d\u00e9faut de pouvoir exterminer le virus, il s&#8217;est laiss\u00e9 pousser les cheveux et la barbe. &#8220;<\/span><em style=\"color: #003366;\">Aucun besoin de mettre de fortifiant<\/em><span style=\"color: #003366;\">&#8221; dit-il. Ce sera pareil cette saison. Les ingr\u00e9dients sont pr\u00eats. Le coach va fa\u00e7onner sa pr\u00e9paration comme un artisan, comme un compagnon. Son Tour de France approche. Il le sait depuis toujours. Depuis qu&#8217;il est n\u00e9 avec des cheveux (hahaha).<\/span><\/p>\n<p><span style=\"color: #003366;\">Interview passionnante d&#8217;un passionn\u00e9 pour qui le bonheur tient \u00e0 pas grand chose, mais \u00e0 tellement de choses.\u00a0<\/span><\/p>\n<p style=\"text-align: center;\"><span style=\"font-size: 18pt; color: #993366;\"><strong>&#8220;Je suis de ceux qui ne font rien par int\u00e9r\u00eat&#8221;<\/strong><\/span><\/p>\n<p><span style=\"color: #003366;\"><strong>Limoges ABC\u00a0: Quel bilan (\u00e0 froid) tirez-vous de cette derni\u00e8re saison, brusquement interrompue mi-mars\u00a0?<\/strong><\/span><\/p>\n<p><span style=\"color: #993366;\"><strong>R\u00e9gis Racine\u00a0: <\/strong><\/span>Avec l&#8217;objectivit\u00e9\u00a0d&#8217;un comp\u00e9titeur, je vous dirais que le bilan est \u00e0 deux visages. Pour une \u00e9quipe nouvellement dans<span style=\"color: #000000;\"> la <\/span>division, nous n&#8217;avons pas fr\u00e9mi sur le sujet du maintien et des matchs couperet d&#8217;une saison pouvant \u00eatre de tous les dangers.\u00a0Nous avons jou\u00e9 un r\u00f4le sur la premi\u00e8re partie de saison qui nous a\u00a0positionn\u00e9 dans le trio de t\u00eate en pouvant accrocher des \u00e9quipes bien plus arm\u00e9es que nous sur le papier. Notre \u00e9tiquette \u00ab\u00a0poil \u00e0 gratter\u00a0\u00bb \u00e9tait un bon moteur pour nous de challenge et d&#8217;objectif. A partir du moment o\u00f9 nous avons perdu quelques \u00e9l\u00e9ments en route, il nous est apparu des difficult\u00e9s d&#8217;organisation collective pour nous permettre de contr\u00f4ler nos matchs et esp\u00e9rer combattre sur la dur\u00e9e.<\/p>\n<p>La deuxi\u00e8me partie de saison est l&#8217;entit\u00e9 contraire de la premi\u00e8re. Nous avons fait pas mal de bricolage \u00e0 l&#8217;int\u00e9rieur de notre effectif. Heureusement nous avons pu compter sur notre formation U18 ainsi que sur du vivier NF3 pour augmenter notre profondeur de banc, de temps en temps avec r\u00e9ussite ! Mais aussi avec de grands moments de perte de rep\u00e8res pour nous permettre de finir les matchs. Pour ma part, je suis content pour nos jeunes d&#8217;avoir pu d\u00e9montrer leurs talents naissants et je compte dans notre dispositif ne pas oublier cette arme r\u00e9v\u00e9latrice pour le Limoges ABC.<\/p>\n<p>Cette saison s\u2019est interrompue au mois de mars apr\u00e8s une belle victoire surprenante du cot\u00e9 de Roanne, une pr\u00e9paration \u00e0 un 1\/4 de finale de Coupe de France qui n&#8217;est jamais sorti de terre.<\/p>\n<p>Comment ne pas \u00eatre finalement satisfait d&#8217;une bien belle saison de remont\u00e9e (5\u00e8me). Nous signerions tous les jours\u00a0! Je n&#8217;oublie pas les actrices qui ont compos\u00e9 le groupe, les valeurs et notre ADN. Je n&#8217;oublie pas le travail des coachs qui ont lutt\u00e9 avec moi durant la saison (Romain, Jean-Christophe), je n&#8217;oublie pas le soutien des coachs amateurs qui ont toujours eu le petit mot pour des encouragements, ce qui prouve l&#8217;implication et le ressenti commun de tous. Je n&#8217;oublie pas nos \u00e9changes, souvent n\u00e9cessaires, avec mes dirigeants pour nous permettre de garder les pieds sur terre dans les bons comme dans les moins bons moments.<\/p>\n<p><span style=\"color: #003366;\"><strong>LABC : Le confinement a marqu\u00e9 les personnes, les entreprises, les clubs. Comment vivez-vous l\u2019apr\u00e8s Covid ?<\/strong><\/span><\/p>\n<p><span style=\"color: #993366;\"><strong>RR\u00a0:<\/strong><\/span> Tous les secteurs d&#8217;activit\u00e9s ont \u00e9t\u00e9 impact\u00e9s car il a touch\u00e9 les gens qui composent notre soci\u00e9t\u00e9, d\u00e9stabilis\u00e9 ! paniqu\u00e9 ! A mon \u00e9chelle je me suis recentr\u00e9 sur les personnes essentielles \u00e0 ma vie et ceux qui ont de l&#8217;int\u00e9r\u00eat pour moi. Il y a finalement des gens qui te laissent sur le bord de route par int\u00e9r\u00eat ou par n\u00e9gligence, le faux reste chez les faux. J&#8217;ai de la famille tr\u00e8s proche qui a \u00e9t\u00e9 touch\u00e9e par le COVID-19, il y a eu de l&#8217;impuissance de ma part car la distance nous projette aussi de l&#8217;impuissance. Seul le t\u00e9l\u00e9phone m&#8217;a permis de garder le meilleur contact possible (France, Antilles).<\/p>\n<p>J&#8217;ai eu envie bien s\u00fbr \u00e0 certains moments de prendre mon t\u00e9l\u00e9phone pour avoir des nouvelles de nos partenaires. Recevoir quelques news et, r\u00e9ciproquement,\u00a0en donner n&#8217;est pas une obligation mais juste un peu d&#8217;humanisme. Je suis de ceux qui ne font rien par int\u00e9r\u00eat\u00a0mais il y a \u00e9norm\u00e9ment de personnes pour qui j&#8217;ai d\u00e9croch\u00e9 mon t\u00e9l\u00e9phone ou envoy\u00e9 un mail car ils \u00e9taient dans mon esprit. Vous pouvez imaginer que d\u00e8s la sortie autoris\u00e9e, je me suis pr\u00e9cipit\u00e9 vers ceux qui sont plus que de la relation de travail. J&#8217;aime l&#8217;humain et on ne me le retirera pas !!<\/p>\n<p><span style=\"color: #003366;\"><strong>LABC\u00a0: Il a fallu vite r\u00e9agir et pr\u00e9parer la saison prochaine. Sur quelles bases avez-vous construit le nouveau groupe NF1\u00a0?<\/strong><\/span><\/p>\n<p><strong><span style=\"color: #993366;\">RR\u00a0:<\/span><\/strong> J&#8217;ai eu beaucoup de temps pour faire un bilan de saison, \u00e9valuer nos besoins, \u00e9changer avec mes deux collaborateurs, d\u00e9biffer avec les joueuses pour enfin d\u00e9finir une strat\u00e9gie de recrutement.<\/p>\n<p>La p\u00e9riode de recrutement est commune \u00e0 toutes les \u00e9quipes, je n&#8217;ai rien fait de plus que les autres. Cependant l&#8217;objectif \u00e9tait clairement de rapporter de la plus-value \u00e0 notre groupe. Il fallait un changement n\u00e9cessaire pour redonner de l&#8217;allant \u00e0 cette \u00e9quipe, donner encore davantage de responsabilit\u00e9s \u00e0 notre formation, \u00e0 condition qu\u2019elle puisse saisir sa chance. Et continuer \u00e0 faire des coups de recrutement formateur pour \u00eatre comp\u00e9titifs dans les prochaines ann\u00e9es. Bien s\u00fbr, je me suis assur\u00e9 de garder un noyau dur pour la suite, et d\u2019injecter du sang neuf. L&#8217;atout formateur est important car c&#8217;est notre ADN. Mais nous entourer de pi\u00e8ces stabilisatrices permet aux nouveaux pions de s&#8217;installer avec plus de confiance et d&#8217;accompagnement.<\/p>\n<p style=\"text-align: center;\"><span style=\"color: #993366; font-size: 18pt;\"><strong>&#8220;Nous allons \u00eatre, je l&#8217;esp\u00e8re, une belle vitrine&#8221;<\/strong><\/span><\/p>\n<p><span style=\"color: #003366;\"><strong>LABC\u00a0: Etes-vous aujourd\u2019hui satisfait de l\u2019effectif\u00a0: un peu, moyennement, beaucoup\u00a0?\u00a0Et pourquoi\u00a0?<\/strong><\/span><\/p>\n<p><span style=\"color: #993366;\"><strong>RR\u00a0:<\/strong><\/span> Je suis aujourd&#8217;hui satisfait car nous sommes dans les premi\u00e8res phases de sa construction ! La situation et surtout la p\u00e9riode nous rappellent l&#8217;humilit\u00e9 qui doit \u00eatre engag\u00e9e quotidiennement. Je ne veux pas me tromper de discours avec mes filles et mes dirigeants sur le potentiel de notre \u00e9quipe \u00e0 ce jour. Nous allons combattre avec nos armes, \u00eatre je l&#8217;esp\u00e8re une belle vitrine qui repr\u00e9sente fi\u00e8rement le territoire. J&#8217;ai aussi eu la chance de discuter des volont\u00e9s et motivations de chacune, conna\u00eetre leur objectif \u00e0 court et moyen terme pour mettre en lumi\u00e8re notre collaboration de travail, nous allons parler le m\u00eame langage en termes de motivation individuelle et collective, le moteur sera davantage boost\u00e9 cette ann\u00e9e.<\/p>\n<p>Nous avons en plus commenc\u00e9, avec mes collaborateurs \u00e0 planifier et accompagner les joueuses sur diff\u00e9rents secteurs de besoins. Jean-Christophe s&#8217;occupe du suivi et de la programmation physique depuis d\u00e9j\u00e0 quelques semaines. Romain est sur le travail individuel au quotidien, pr\u00e9cieux pour g\u00e9n\u00e9rer une osmose de chaque instant. Une affaire tournant sur trois responsables techniques nous permettra de gagner un temps \u00e9norme.<\/p>\n<p><span style=\"color: #003366;\"><strong>LABC\u00a0: Comment va se passer la reprise, de ce qu\u2019on peut pr\u00e9voir bien s\u00fbr \u2026<\/strong><\/span><\/p>\n<p><span style=\"color: #993366;\"><strong>RR :<\/strong> <\/span>Je vous avoue que nous restons vigilants quant au protocole minist\u00e9riel et \u00e0 la situation d&#8217;\u00e9volution dans le pays. Nous avons bien s\u00fbr d\u00e9pos\u00e9 une date de reprise collective, en douceur, en d\u00e9but de semaine. Aucune surprise ! Nous avons une joueuse (Cl\u00e9mentine) qui aura la chance d&#8217;esp\u00e9rer repr\u00e9senter la France sur les prochaines comp\u00e9titions internationales, une autre joueuse (Khady) qui \u00e9tait aussi s\u00e9lectionn\u00e9e et qui ne pourra pas rejoindre le stage national au S\u00e9n\u00e9gal pour raisons sanitaires \u2026 Une pr\u00e9paration nous emmenant je l&#8217;esp\u00e8re jusqu\u2019\u00e0 la reprise officielle du samedi 19 septembre.<\/p>\n<p style=\"text-align: center;\"><span style=\"color: #993366; font-size: 18pt;\"><strong>&#8220;J&#8217;aime ce qui est en train de se passer&#8221;<\/strong><\/span><\/p>\n<p><span style=\"color: #003366;\"><strong>LABC\u00a0: C\u00f4t\u00e9 club, comment situez-vous le Limoges ABC aujourd\u2019hui, toutes \u00e9quipes, tous secteurs confondus\u00a0?<\/strong><\/span><\/p>\n<p><span style=\"color: #993366;\"><strong>RR\u00a0: <\/strong><\/span>J&#8217;ai v\u00e9cu trois \u00e9pisodes avec le LABC. Un premier en LF2 avec des orientations\u00a0professionnelles, une logistique bien diff\u00e9rente que la NF2 o\u00f9 je suis revenu aux affaires, une reconstruction sportive faite dans son enti\u00e8ret\u00e9 pour nous permettre de rebondir et ne pas s&#8217;engluer dans une spirale bien plus grande, finalement une belle r\u00e9compense au bout de ce chemin 2018-2019 avec ce premier titre de champion de France et une remont\u00e9e en NF1. Le club durant cette p\u00e9riode a gard\u00e9 le cap avec de bonnes assises et des r\u00e9flexions coh\u00e9rentes de gestion. Je vous dirais qu&#8217;ils ont eu raison de me signer (hahahahaha !!), dieu sait ce qui aurait pu advenir par la suite. Mais il est certain aujourd&#8217;hui que les d\u00e9cisions du sportif ont port\u00e9 leurs fruits. Le club s&#8217;entoure de personnes de confiance et d\u00e9finit une strat\u00e9gie. Cela va de mon assistant, Romain, de ses valeurs et comp\u00e9tences, jusqu\u2019aux cat\u00e9gories\u00a0de jeunes. J\u2019aime ce que je vois et ce qui est en train de se passer, le renouvellement est tr\u00e8s positif, les jeunes auront un suivi de qualit\u00e9, nous pourrons \u00e9changer de nos confrontations respectives, parler de nos besoins respectifs avec des rassemblements programm\u00e9s sur la dur\u00e9e de la saison. Je suis tr\u00e8s content de voir arriver et int\u00e9grer quatre coachs f\u00e9minines dans un club f\u00e9minin. Non seulement elles ont envie de partager leurs passions mais en plus elles d\u00e9gagent une vraie motivation et des contenus de qualit\u00e9 pour nos cat\u00e9gories de jeunes.<\/p>\n<p style=\"text-align: center;\"><span style=\"color: #993366; font-size: 18pt;\"><strong>&#8220;Un seul point m&#8217;anime, le plaisir&#8221;<\/strong><\/span><\/p>\n<p><span style=\"color: #003366;\"><strong>LABC\u00a0: Vous entamez votre troisi\u00e8me saison \u00e0 Limoges. Avec envie, impatience, d\u00e9termination, quel mot convient le mieux\u00a0?<\/strong><\/span><\/p>\n<p><span style=\"color: #993366;\"><strong>RR\u00a0:<\/strong> <\/span>Tous les \u00e9tats me d\u00e9finissent, mon envie de travailler, de donner le meilleur de moi-m\u00eame, l&#8217;envie de retrouver ma nouvelle \u00e9quipe. Je suis impatient\u00a0de retrouver ma famille LABC, de nous r\u00e9unir pour partager notre ambition de saison, je suis impatient de nous \u00e9valuer \u00e0 la concurrence, un championnat qui sera dense et g\u00e9n\u00e9reux, je suis impatient de former une \u00e9quipe comp\u00e9titive.<\/p>\n<p>Ma d\u00e9termination sera, je l&#8217;esp\u00e8re, communicative sur le reste de notre groupe, sur les \u00e9changes collectifs autour de nos cat\u00e9gories. Ma d\u00e9termination sera peut-\u00eatre canalis\u00e9e (soir de match, j&#8217;en doute !) afin que nous arrivions \u00e0 nos objectifs de vestiaire, pour arriver \u00e0 un seul vrai point qui m&#8217;anime aujourd&#8217;hui &#8220;LE PLAISIR&#8221;. Finalement il ne faudrait pas grand-chose pour \u00eatre heureux &#8230; &#8220;si bien accompagn\u00e9 !!&#8221;.<\/p>\n<p style=\"text-align: center;\"><span style=\"font-size: 18pt;\"><strong><span style=\"color: #993366;\">Du changement, sur le caillou\u00a0<\/span><\/strong><\/span><\/p>\n<p><span style=\"color: #003366;\"><strong>LABC : Avez-vous un message pour les partenaires du club et pour les supporters ?<\/strong><\/span><\/p>\n<p><span style=\"color: #993366;\"><strong>RR\u00a0:<\/strong> <\/span>J&#8217;ai pris le temps de me r\u00e9p\u00e9ter sur mes derniers messages vocaux et par mail aux partenaires. J&#8217;ai souffert avec eux car j&#8217;aurai souhait\u00e9 les aider davantage dans leurs qu\u00eates de ne pas sombrer \u00e0 cause de \u00ab Monsieur Covid-19 \u00bb. Je suis l\u00e0 pour eux. Lorsque je m&#8217;exprime, je pense \u00e0 notre \u00e9quipe de basket f\u00e9minin qui, \u00e0 n&#8217;en pas douter, fera le maximum pour sortir grand de nos combats du week-end. Que nos supporters et nos partenaires soient fiers de nous soutenir tout au long de cette nouvelle saison. Je vous dis \u00e0 tr\u00e8s vite !!<\/p>\n<p><strong><span style=\"color: #003366;\">LABC\u00a0: Le nouveau coach est avec les cheveux et la barbe \u2026 c\u2019est une nouvelle \u00e8re ?<\/span><\/strong><\/p>\n<p><strong><span style=\"color: #993366;\">RR :<\/span> <\/strong>On m&#8217;a dit, il y a quelques mois, qu&#8217;il fallait du changement, parfois nous n&#8217;avons pas trop le choix. Il faut aller de l&#8217;avant. Je ne peux pas dire que je n&#8217;avais pas de cheveux ! Aujourd&#8217;hui mes cheveux repoussent (hahahaha), aucun besoin de mettre de fortifiant, il suffit simplement d&#8217;\u00eatre sous pression !! hahaha ! Je voudrai juste rappeler \u00e0 tout le monde que je suis, il y a fort longtemps, n\u00e9 avec des cheveux sur le caillou. Les cheveux chez moi ce n&#8217;est qu&#8217;effet de mode. Cela me passera ! Pas de choc SVP ! Juste une nouvelle \u00e8re ! HAHAHAHA!!<\/p>\n<h5>31 juillet 2020<\/h5>\n","protected":false},"excerpt":{"rendered":"<p>Le coach est notre invit\u00e9 \u00e0 deux jours de la reprise Salle Mu&#8217;. Le sevrage basket, R\u00e9gis Racine n&#8217;aime pas, pas du tout. Depuis gamin, c&#8217;est sur les parquets et dans les salles que l&#8217;ancien international vit sa vie \u00e0 cent \u00e0 l&#8217;heure, et m\u00eame beaucoup plus, avec une sensibilit\u00e9 \u00e0 fleur de peau. &#8220;J&#8217;aime&#8230; <\/p>\n<div class=\"clear\"><\/div>\n<p><a href=\"https:\/\/limogesabc.com\/index.php\/12966\/\" class=\"excerpt-read-more\">Lire plus<\/a><\/p>\n","protected":false},"author":2,"featured_media":12975,"comment_status":"closed","ping_status":"closed","sticky":false,"template":"","format":"standard","meta":{"_mi_skip_tracking":false,"_exactmetrics_sitenote_active":false,"_exactmetrics_sitenote_note":"","_exactmetrics_sitenote_category":0,"_monsterinsights_skip_tracking":false,"_monsterinsights_sitenote_active":false,"_monsterinsights_sitenote_note":"","_monsterinsights_sitenote_category":0,"footnotes":""},"categories":[79,90],"tags":[],"class_list":["post-12966","post","type-post","status-publish","format-standard","has-post-thumbnail","hentry","category-actualites","category-nf1"],"aioseo_notices":[],"_links":{"self":[{"href":"https:\/\/limogesabc.com\/index.php\/wp-json\/wp\/v2\/posts\/12966","targetHints":{"allow":["GET"]}}],"collection":[{"href":"https:\/\/limogesabc.com\/index.php\/wp-json\/wp\/v2\/posts"}],"about":[{"href":"https:\/\/limogesabc.com\/index.php\/wp-json\/wp\/v2\/types\/post"}],"author":[{"embeddable":true,"href":"https:\/\/limogesabc.com\/index.php\/wp-json\/wp\/v2\/users\/2"}],"replies":[{"embeddable":true,"href":"https:\/\/limogesabc.com\/index.php\/wp-json\/wp\/v2\/comments?post=12966"}],"version-history":[{"count":7,"href":"https:\/\/limogesabc.com\/index.php\/wp-json\/wp\/v2\/posts\/12966\/revisions"}],"predecessor-version":[{"id":12977,"href":"https:\/\/limogesabc.com\/index.php\/wp-json\/wp\/v2\/posts\/12966\/revisions\/12977"}],"wp:featuredmedia":[{"embeddable":true,"href":"https:\/\/limogesabc.com\/index.php\/wp-json\/wp\/v2\/media\/12975"}],"wp:attachment":[{"href":"https:\/\/limogesabc.com\/index.php\/wp-json\/wp\/v2\/media?parent=12966"}],"wp:term":[{"taxonomy":"category","embeddable":true,"href":"https:\/\/limogesabc.com\/index.php\/wp-json\/wp\/v2\/categories?post=12966"},{"taxonomy":"post_tag","embeddable":true,"href":"https:\/\/limogesabc.com\/index.php\/wp-json\/wp\/v2\/tags?post=12966"}],"curies":[{"name":"wp","href":"https:\/\/api.w.org\/{rel}","templated":true}]}}