{"id":13017,"date":"2020-08-07T15:17:13","date_gmt":"2020-08-07T13:17:13","guid":{"rendered":"http:\/\/limogesabc.com\/?p=13017"},"modified":"2020-08-07T15:17:13","modified_gmt":"2020-08-07T13:17:13","slug":"la-reprise-dans-la-tres-bonne-humeur","status":"publish","type":"post","link":"https:\/\/limogesabc.com\/index.php\/la-reprise-dans-la-tres-bonne-humeur\/","title":{"rendered":"La reprise dans la (tr\u00e8s) bonne humeur"},"content":{"rendered":"<p>Cette semaine est marqu\u00e9e par la reprise des <strong>joueuses NF1<\/strong> sous la houlette des coaches <strong>R\u00e9gis Racine<\/strong> et <strong>Romain Leclaircie<\/strong> et du pr\u00e9parateur physique <strong>Jean-Christophe Lamargot.<\/strong> Onze filles, toutes valid\u00e9es m\u00e9dicalement bien s\u00fbr, \u00e9taient pr\u00e9sentes sur le parquet pour des s\u00e9ances dures mais justes \ud83d\ude42 et dict\u00e9es par les conditions sanitaires mais aussi climatiques (la chaleur &#8230;). Autant dire que le travail est plomb\u00e9 mais l&#8217;ambiance ne l&#8217;est pas ! C&#8217;est sourires et envies sur les visages \u00e0 telle enseigne que le coach est plut\u00f4t satisfait de ces quelques premi\u00e8res heures de parquet. Tout va bien pour l&#8217;instant, sauf &#8230; qu&#8217;il nous manque la pr\u00e9sence de <strong>Khady Sene,<\/strong> toujours bloqu\u00e9e aux Etats-Unis, comme tant d&#8217;autres &#8230; Tout est tent\u00e9 pour la faire venir \u00e0 Limoges dans les d\u00e9lais les plus courts.<\/p>\n<p><span style=\"color: #003366;\">Les entra\u00eenements continuent tout le mois d&#8217;ao\u00fbt avec un premier match amical pr\u00e9vu \u00e0 Colomiers le samedi 29 ao\u00fbt (heure \u00e0 fixer). Tournoi au Poin\u00e7onnet le week-end des 5 et 6 septembre. Match Salle Mu&#8217; contre Brive le samedi 12 septembre. L&#8217;ensemble \u00e0 compl\u00e9ter le cas \u00e9ch\u00e9ant.<\/span><\/p>\n<p>Les abonnements sont \u00e0 <strong>55 \u20ac<\/strong> (inchang\u00e9) et les entr\u00e9es \u00e0 <strong>6 \u20ac<\/strong> et 3 \u20ac (tarif inchang\u00e9s \u00e9galement).<\/p>\n<div class=\"gdlr-shortcode-wrapper\"><div class=\"gdlr-gallery-item gdlr-item\" ><div class=\"gallery-column three columns\"><div class=\"gallery-item\"><a href=\"https:\/\/limogesabc.com\/index.php\/la-reprise-dans-la-tres-bonne-humeur\/photo-reprise-1\/\" title=\"Photo reprise 1\" data-rel=\"fancybox\" ><img decoding=\"async\" src=\"https:\/\/limogesabc.com\/wp-content\/uploads\/2020\/08\/Photo-reprise-1-150x150.jpg\" alt=\"\" width=\"150\" height=\"150\" \/><\/a><span class=\"gallery-caption\"><\/span><\/div><\/div><div class=\"gallery-column three columns\"><div class=\"gallery-item\"><a href=\"https:\/\/limogesabc.com\/index.php\/la-reprise-dans-la-tres-bonne-humeur\/photo-reprise-4\/\" title=\"Photo reprise 4\" data-rel=\"fancybox\" ><img decoding=\"async\" src=\"https:\/\/limogesabc.com\/wp-content\/uploads\/2020\/08\/Photo-reprise-4-150x150.jpg\" alt=\"\" width=\"150\" height=\"150\" \/><\/a><span class=\"gallery-caption\"><\/span><\/div><\/div><div class=\"gallery-column three columns\"><div class=\"gallery-item\"><a href=\"https:\/\/limogesabc.com\/index.php\/la-reprise-dans-la-tres-bonne-humeur\/photo-reprise-5\/\" title=\"Photo reprise 5\" data-rel=\"fancybox\" ><img decoding=\"async\" src=\"https:\/\/limogesabc.com\/wp-content\/uploads\/2020\/08\/Photo-reprise-5-150x150.jpg\" alt=\"\" width=\"150\" height=\"150\" \/><\/a><span class=\"gallery-caption\"><\/span><\/div><\/div><div class=\"gallery-column three columns\"><div class=\"gallery-item\"><a href=\"https:\/\/limogesabc.com\/index.php\/la-reprise-dans-la-tres-bonne-humeur\/photo-reprise-6\/\" title=\"Photo reprise 6\" data-rel=\"fancybox\" ><img loading=\"lazy\" decoding=\"async\" src=\"https:\/\/limogesabc.com\/wp-content\/uploads\/2020\/08\/Photo-reprise-6-150x150.jpg\" alt=\"\" width=\"150\" height=\"150\" \/><\/a><span class=\"gallery-caption\"><\/span><\/div><\/div><div class=\"clear\"><\/div><div class=\"gallery-column three columns\"><div class=\"gallery-item\"><a href=\"https:\/\/limogesabc.com\/index.php\/la-reprise-dans-la-tres-bonne-humeur\/photo-reprise-7\/\" title=\"Photo reprise 7\" data-rel=\"fancybox\" ><img loading=\"lazy\" decoding=\"async\" src=\"https:\/\/limogesabc.com\/wp-content\/uploads\/2020\/08\/Photo-reprise-7-150x150.jpg\" alt=\"\" width=\"150\" height=\"150\" \/><\/a><span class=\"gallery-caption\"><\/span><\/div><\/div><div class=\"gallery-column three columns\"><div class=\"gallery-item\"><a href=\"https:\/\/limogesabc.com\/index.php\/la-reprise-dans-la-tres-bonne-humeur\/photo-reprise-8\/\" title=\"Photo reprise 8\" data-rel=\"fancybox\" ><img loading=\"lazy\" decoding=\"async\" src=\"https:\/\/limogesabc.com\/wp-content\/uploads\/2020\/08\/Photo-reprise-8-150x150.jpg\" alt=\"\" width=\"150\" height=\"150\" \/><\/a><span class=\"gallery-caption\"><\/span><\/div><\/div><div class=\"gallery-column three columns\"><div class=\"gallery-item\"><a href=\"https:\/\/limogesabc.com\/index.php\/la-reprise-dans-la-tres-bonne-humeur\/photo-reprise-9\/\" title=\"Photo reprise 9\" data-rel=\"fancybox\" ><img loading=\"lazy\" decoding=\"async\" src=\"https:\/\/limogesabc.com\/wp-content\/uploads\/2020\/08\/Photo-reprise-9-150x150.jpg\" alt=\"\" width=\"150\" height=\"150\" \/><\/a><span class=\"gallery-caption\"><\/span><\/div><\/div><div class=\"gallery-column three columns\"><div class=\"gallery-item\"><a href=\"https:\/\/limogesabc.com\/index.php\/la-reprise-dans-la-tres-bonne-humeur\/photo-reprise-3\/\" title=\"Photo reprise 3\" data-rel=\"fancybox\" ><img loading=\"lazy\" decoding=\"async\" src=\"https:\/\/limogesabc.com\/wp-content\/uploads\/2020\/08\/Photo-reprise-3-150x150.jpg\" alt=\"\" width=\"150\" height=\"150\" \/><\/a><span class=\"gallery-caption\"><\/span><\/div><\/div><div class=\"clear\"><\/div><\/div><\/div>\n<p>&nbsp;<\/p>\n","protected":false},"excerpt":{"rendered":"<p>Cette semaine est marqu\u00e9e par la reprise des joueuses NF1 sous la houlette des coaches R\u00e9gis Racine et Romain Leclaircie et du pr\u00e9parateur physique Jean-Christophe Lamargot. Onze filles, toutes valid\u00e9es m\u00e9dicalement bien s\u00fbr, \u00e9taient pr\u00e9sentes sur le parquet pour des s\u00e9ances dures mais justes \ud83d\ude42 et dict\u00e9es par les conditions sanitaires mais aussi climatiques (la&#8230; <\/p>\n<div class=\"clear\"><\/div>\n<p><a href=\"https:\/\/limogesabc.com\/index.php\/la-reprise-dans-la-tres-bonne-humeur\/\" class=\"excerpt-read-more\">Lire plus<\/a><\/p>\n","protected":false},"author":2,"featured_media":13019,"comment_status":"closed","ping_status":"closed","sticky":false,"template":"","format":"standard","meta":{"_mi_skip_tracking":false,"_exactmetrics_sitenote_active":false,"_exactmetrics_sitenote_note":"","_exactmetrics_sitenote_category":0,"_monsterinsights_skip_tracking":false,"_monsterinsights_sitenote_active":false,"_monsterinsights_sitenote_note":"","_monsterinsights_sitenote_category":0,"footnotes":""},"categories":[79,90],"tags":[],"class_list":["post-13017","post","type-post","status-publish","format-standard","has-post-thumbnail","hentry","category-actualites","category-nf1"],"aioseo_notices":[],"_links":{"self":[{"href":"https:\/\/limogesabc.com\/index.php\/wp-json\/wp\/v2\/posts\/13017","targetHints":{"allow":["GET"]}}],"collection":[{"href":"https:\/\/limogesabc.com\/index.php\/wp-json\/wp\/v2\/posts"}],"about":[{"href":"https:\/\/limogesabc.com\/index.php\/wp-json\/wp\/v2\/types\/post"}],"author":[{"embeddable":true,"href":"https:\/\/limogesabc.com\/index.php\/wp-json\/wp\/v2\/users\/2"}],"replies":[{"embeddable":true,"href":"https:\/\/limogesabc.com\/index.php\/wp-json\/wp\/v2\/comments?post=13017"}],"version-history":[{"count":2,"href":"https:\/\/limogesabc.com\/index.php\/wp-json\/wp\/v2\/posts\/13017\/revisions"}],"predecessor-version":[{"id":13028,"href":"https:\/\/limogesabc.com\/index.php\/wp-json\/wp\/v2\/posts\/13017\/revisions\/13028"}],"wp:featuredmedia":[{"embeddable":true,"href":"https:\/\/limogesabc.com\/index.php\/wp-json\/wp\/v2\/media\/13019"}],"wp:attachment":[{"href":"https:\/\/limogesabc.com\/index.php\/wp-json\/wp\/v2\/media?parent=13017"}],"wp:term":[{"taxonomy":"category","embeddable":true,"href":"https:\/\/limogesabc.com\/index.php\/wp-json\/wp\/v2\/categories?post=13017"},{"taxonomy":"post_tag","embeddable":true,"href":"https:\/\/limogesabc.com\/index.php\/wp-json\/wp\/v2\/tags?post=13017"}],"curies":[{"name":"wp","href":"https:\/\/api.w.org\/{rel}","templated":true}]}}