{"id":13030,"date":"2020-08-15T11:15:17","date_gmt":"2020-08-15T09:15:17","guid":{"rendered":"http:\/\/limogesabc.com\/?p=13030"},"modified":"2020-08-15T11:16:18","modified_gmt":"2020-08-15T09:16:18","slug":"le-limoges-abc-investit-les-quartiers-dete","status":"publish","type":"post","link":"https:\/\/limogesabc.com\/index.php\/le-limoges-abc-investit-les-quartiers-dete\/","title":{"rendered":"Le Limoges ABC investit les &#8220;Quartiers d&#8217;\u00e9t\u00e9&#8221;"},"content":{"rendered":"<p>Non sans mal, avec une affluence r\u00e9duite de deux fois quatre personnes, et personne \u00e0 Beaubreuil pour la premi\u00e8re s\u00e9ance mardi, le Limoges ABC r\u00e9pond pr\u00e9sent pour l&#8217;op\u00e9ration nationale \u00ab <strong>Quartiers d\u2019\u00e9t\u00e9 2020<\/strong> \u00bb. Cette op\u00e9ration, pilot\u00e9e par l&#8217;Etat et relay\u00e9e par les Pr\u00e9fets dans une vingtaine de quartiers en France, propose des animations sportives, culturelles et ludiques. Pour nous, ce sera du basket ! Les coaches <strong>R\u00e9gis Racine<\/strong> et <strong>Romain Leclaircie<\/strong> conduisent des s\u00e9ances sur 1\/2 terrain \u00e0 L&#8217;Aurence (Parc du Talweg) et \u00e0 Beaubreuil (City Stade).<\/p>\n<p>Le Limoges ABC \u00e9tait deux mardis de suite au Val-de-L\u2019Aurence avec R\u00e9gis Racine et Romain Leclaircie. Les rendez-vous \u00e0 Beaubreuil semblent plus compliqu\u00e9s \u00e0 mettre en place. L\u2019op\u00e9ration est reconduite les mardis \u00e0 Beaubreuil et les jeudis au Val-de-L&#8217;Aurence jusqu\u2019\u00e0 fin ao\u00fbt, toujours de 14h \u00e0 16h.<\/p>\n<div class=\"gdlr-shortcode-wrapper\"><div class=\"gdlr-gallery-item gdlr-item\" ><div class=\"gallery-column one-fifth column\"><div class=\"gallery-item\"><a href=\"https:\/\/limogesabc.com\/index.php\/le-limoges-abc-investit-les-quartiers-dete\/laurence-8\/\" title=\"L&#039;Aurence 8\" data-rel=\"fancybox\" ><img decoding=\"async\" src=\"https:\/\/limogesabc.com\/wp-content\/uploads\/2020\/08\/LAurence-8-150x150.jpg\" alt=\"\" width=\"150\" height=\"150\" \/><\/a><span class=\"gallery-caption\"><\/span><\/div><\/div><div class=\"gallery-column one-fifth column\"><div class=\"gallery-item\"><a href=\"https:\/\/limogesabc.com\/index.php\/le-limoges-abc-investit-les-quartiers-dete\/laurence-et-pluie\/\" title=\"L&#039;Aurence et pluie\" data-rel=\"fancybox\" ><img decoding=\"async\" src=\"https:\/\/limogesabc.com\/wp-content\/uploads\/2020\/08\/LAurence-et-pluie-150x150.jpg\" alt=\"\" width=\"150\" height=\"150\" \/><\/a><span class=\"gallery-caption\"><\/span><\/div><\/div><div class=\"gallery-column one-fifth column\"><div class=\"gallery-item\"><a href=\"https:\/\/limogesabc.com\/index.php\/le-limoges-abc-investit-les-quartiers-dete\/groupe-laurence\/\" title=\"Groupe L&#039;Aurence\" data-rel=\"fancybox\" ><img decoding=\"async\" src=\"https:\/\/limogesabc.com\/wp-content\/uploads\/2020\/08\/Groupe-LAurence-150x150.jpg\" alt=\"\" width=\"150\" height=\"150\" \/><\/a><span class=\"gallery-caption\"><\/span><\/div><\/div><div class=\"gallery-column one-fifth column\"><div class=\"gallery-item\"><a href=\"https:\/\/limogesabc.com\/index.php\/le-limoges-abc-investit-les-quartiers-dete\/rr-laurence\/\" title=\"RR L&#039;Aurence\" data-rel=\"fancybox\" ><img loading=\"lazy\" decoding=\"async\" src=\"https:\/\/limogesabc.com\/wp-content\/uploads\/2020\/08\/RR-LAurence-150x150.jpg\" alt=\"\" width=\"150\" height=\"150\" \/><\/a><span class=\"gallery-caption\"><\/span><\/div><\/div><div class=\"gallery-column one-fifth column\"><div class=\"gallery-item\"><a href=\"https:\/\/limogesabc.com\/index.php\/le-limoges-abc-investit-les-quartiers-dete\/laurence-1\/\" title=\"L&#039;Aurence 1\" data-rel=\"fancybox\" ><img loading=\"lazy\" decoding=\"async\" src=\"https:\/\/limogesabc.com\/wp-content\/uploads\/2020\/08\/LAurence-1-150x150.jpg\" alt=\"\" width=\"150\" height=\"150\" \/><\/a><span class=\"gallery-caption\"><\/span><\/div><\/div><div class=\"clear\"><\/div><\/div><\/div>\n<h6>15 ao\u00fbt 2020<\/h6>\n","protected":false},"excerpt":{"rendered":"<p>Non sans mal, avec une affluence r\u00e9duite de deux fois quatre personnes, et personne \u00e0 Beaubreuil pour la premi\u00e8re s\u00e9ance mardi, le Limoges ABC r\u00e9pond pr\u00e9sent pour l&#8217;op\u00e9ration nationale \u00ab Quartiers d\u2019\u00e9t\u00e9 2020 \u00bb. Cette op\u00e9ration, pilot\u00e9e par l&#8217;Etat et relay\u00e9e par les Pr\u00e9fets dans une vingtaine de quartiers en France, propose des animations sportives,&#8230; <\/p>\n<div class=\"clear\"><\/div>\n<p><a href=\"https:\/\/limogesabc.com\/index.php\/le-limoges-abc-investit-les-quartiers-dete\/\" class=\"excerpt-read-more\">Lire plus<\/a><\/p>\n","protected":false},"author":2,"featured_media":13033,"comment_status":"closed","ping_status":"closed","sticky":false,"template":"","format":"standard","meta":{"_mi_skip_tracking":false,"_exactmetrics_sitenote_active":false,"_exactmetrics_sitenote_note":"","_exactmetrics_sitenote_category":0,"_monsterinsights_skip_tracking":false,"_monsterinsights_sitenote_active":false,"_monsterinsights_sitenote_note":"","_monsterinsights_sitenote_category":0,"footnotes":""},"categories":[79,104],"tags":[],"class_list":["post-13030","post","type-post","status-publish","format-standard","has-post-thumbnail","hentry","category-actualites","category-labc-citoyen"],"aioseo_notices":[],"_links":{"self":[{"href":"https:\/\/limogesabc.com\/index.php\/wp-json\/wp\/v2\/posts\/13030","targetHints":{"allow":["GET"]}}],"collection":[{"href":"https:\/\/limogesabc.com\/index.php\/wp-json\/wp\/v2\/posts"}],"about":[{"href":"https:\/\/limogesabc.com\/index.php\/wp-json\/wp\/v2\/types\/post"}],"author":[{"embeddable":true,"href":"https:\/\/limogesabc.com\/index.php\/wp-json\/wp\/v2\/users\/2"}],"replies":[{"embeddable":true,"href":"https:\/\/limogesabc.com\/index.php\/wp-json\/wp\/v2\/comments?post=13030"}],"version-history":[{"count":2,"href":"https:\/\/limogesabc.com\/index.php\/wp-json\/wp\/v2\/posts\/13030\/revisions"}],"predecessor-version":[{"id":13038,"href":"https:\/\/limogesabc.com\/index.php\/wp-json\/wp\/v2\/posts\/13030\/revisions\/13038"}],"wp:featuredmedia":[{"embeddable":true,"href":"https:\/\/limogesabc.com\/index.php\/wp-json\/wp\/v2\/media\/13033"}],"wp:attachment":[{"href":"https:\/\/limogesabc.com\/index.php\/wp-json\/wp\/v2\/media?parent=13030"}],"wp:term":[{"taxonomy":"category","embeddable":true,"href":"https:\/\/limogesabc.com\/index.php\/wp-json\/wp\/v2\/categories?post=13030"},{"taxonomy":"post_tag","embeddable":true,"href":"https:\/\/limogesabc.com\/index.php\/wp-json\/wp\/v2\/tags?post=13030"}],"curies":[{"name":"wp","href":"https:\/\/api.w.org\/{rel}","templated":true}]}}