{"id":13470,"date":"2020-10-16T07:58:31","date_gmt":"2020-10-16T05:58:31","guid":{"rendered":"http:\/\/limogesabc.com\/?p=13470"},"modified":"2020-10-16T07:58:31","modified_gmt":"2020-10-16T05:58:31","slug":"villeurbanne-limoges-abc-a-18h-ce-samedi","status":"publish","type":"post","link":"https:\/\/limogesabc.com\/index.php\/villeurbanne-limoges-abc-a-18h-ce-samedi\/","title":{"rendered":"Villeurbanne &#8211; Limoges ABC \u00e0 18h ce samedi"},"content":{"rendered":"<p>Ce samedi, nos joueuses se d\u00e9placent \u00e0 Villeurbanne pour affronter les locales<strong> \u00e0 18h<\/strong>. Les r\u00e9centes dispositions concernant la crise sanitaire nous permettent donc de jouer la rencontre car nous pourrons quitter la m\u00e9tropole lyonnaise avant l&#8217;heure limite (21h) d&#8217;autorisation des d\u00e9placements. Apr\u00e8s le report du match contre Feytiat le week-end dernier, les limougeaudes vont reprendre la comp\u00e9tition et tenter de remporter leur seconde victoire \u00e0 l&#8217;ext\u00e9rieur. Le groupe est pr\u00eat. Allez les filles !<\/p>\n<p><span style=\"color: #003366;\"><strong>ASVEL Villeurbanne &#8211; Limoges ABC<br \/>\nLimoges ABC <em>en Limousin<\/em>\u00a0 :<\/strong> Johnson ; Irabe ; Peytour ; Breuil ; Cabaton ; Bousbaa ; Mendes ; Chauveau ; Ndir ; Sene ; Marti ; Drame (<em>effectif non communiqu\u00e9 ce jour<\/em>). <strong>Entraineur :<\/strong> R\u00e9gis Racine<\/span><\/p>\n<p><span style=\"font-size: 10pt;\">Photo d&#8217;illustration, match au Poin\u00e7onnet.\u00a0<\/span><\/p>\n<h6>16 octobre 2020<\/h6>\n","protected":false},"excerpt":{"rendered":"<p>Ce samedi, nos joueuses se d\u00e9placent \u00e0 Villeurbanne pour affronter les locales \u00e0 18h. Les r\u00e9centes dispositions concernant la crise sanitaire nous permettent donc de jouer la rencontre car nous pourrons quitter la m\u00e9tropole lyonnaise avant l&#8217;heure limite (21h) d&#8217;autorisation des d\u00e9placements. Apr\u00e8s le report du match contre Feytiat le week-end dernier, les limougeaudes vont&#8230; <\/p>\n<div class=\"clear\"><\/div>\n<p><a href=\"https:\/\/limogesabc.com\/index.php\/villeurbanne-limoges-abc-a-18h-ce-samedi\/\" class=\"excerpt-read-more\">Lire plus<\/a><\/p>\n","protected":false},"author":2,"featured_media":13466,"comment_status":"closed","ping_status":"closed","sticky":false,"template":"","format":"standard","meta":{"_mi_skip_tracking":false,"_exactmetrics_sitenote_active":false,"_exactmetrics_sitenote_note":"","_exactmetrics_sitenote_category":0,"_monsterinsights_skip_tracking":false,"_monsterinsights_sitenote_active":false,"_monsterinsights_sitenote_note":"","_monsterinsights_sitenote_category":0,"footnotes":""},"categories":[79],"tags":[],"class_list":["post-13470","post","type-post","status-publish","format-standard","has-post-thumbnail","hentry","category-actualites"],"aioseo_notices":[],"_links":{"self":[{"href":"https:\/\/limogesabc.com\/index.php\/wp-json\/wp\/v2\/posts\/13470","targetHints":{"allow":["GET"]}}],"collection":[{"href":"https:\/\/limogesabc.com\/index.php\/wp-json\/wp\/v2\/posts"}],"about":[{"href":"https:\/\/limogesabc.com\/index.php\/wp-json\/wp\/v2\/types\/post"}],"author":[{"embeddable":true,"href":"https:\/\/limogesabc.com\/index.php\/wp-json\/wp\/v2\/users\/2"}],"replies":[{"embeddable":true,"href":"https:\/\/limogesabc.com\/index.php\/wp-json\/wp\/v2\/comments?post=13470"}],"version-history":[{"count":3,"href":"https:\/\/limogesabc.com\/index.php\/wp-json\/wp\/v2\/posts\/13470\/revisions"}],"predecessor-version":[{"id":13474,"href":"https:\/\/limogesabc.com\/index.php\/wp-json\/wp\/v2\/posts\/13470\/revisions\/13474"}],"wp:featuredmedia":[{"embeddable":true,"href":"https:\/\/limogesabc.com\/index.php\/wp-json\/wp\/v2\/media\/13466"}],"wp:attachment":[{"href":"https:\/\/limogesabc.com\/index.php\/wp-json\/wp\/v2\/media?parent=13470"}],"wp:term":[{"taxonomy":"category","embeddable":true,"href":"https:\/\/limogesabc.com\/index.php\/wp-json\/wp\/v2\/categories?post=13470"},{"taxonomy":"post_tag","embeddable":true,"href":"https:\/\/limogesabc.com\/index.php\/wp-json\/wp\/v2\/tags?post=13470"}],"curies":[{"name":"wp","href":"https:\/\/api.w.org\/{rel}","templated":true}]}}