{"id":13664,"date":"2020-12-10T23:59:29","date_gmt":"2020-12-10T22:59:29","guid":{"rendered":"http:\/\/limogesabc.com\/?p=13664"},"modified":"2020-12-11T09:13:09","modified_gmt":"2020-12-11T08:13:09","slug":"les-jeunes-en-jachere-le-sport-en-berne","status":"publish","type":"post","link":"https:\/\/limogesabc.com\/index.php\/les-jeunes-en-jachere-le-sport-en-berne\/","title":{"rendered":"Les jeunes en jach\u00e8re, le sport en berne"},"content":{"rendered":"<p><span style=\"color: #800080;\"><em>Les U18 Elite sur le rond central de la Salle Mu&#8217;, c&#8217;\u00e9tait le jeudi 29 octobre 2020 \u00e0 18h. Et cette photo est celle du dernier entra\u00eenement collectif de l&#8217;ann\u00e9e pour toutes nos \u00e9quipes Limoges ABC. Qui l&#8217;aurait cru ce soir-l\u00e0 ?<\/em><\/span><\/p>\n<p><span style=\"color: #003366;\"><strong>Tous les jeunes sportifs<\/strong><\/span> (mineurs, moins de 18 ans) attendaient le mardi 15 d\u00e9cembre pour reprendre le sport en gymnase. Eh bien \u2026 il va falloir attendre trois semaines de plus. <span style=\"color: #003366;\">Trois semaines, sous r\u00e9serve<\/span> &#8230; Trois semaines qui feront dix semaines d&#8217;arr\u00eat depuis le 30 octobre. Le premier ministre a en effet repouss\u00e9 au <span style=\"color: #003366;\"><strong>jeudi 7 janvier<\/strong> <\/span>ce retour dans les gymnases, comme celui du public dans les salles. Le sport souffre, souffre, souffre.<\/p>\n<p><span style=\"color: #003366;\">Nous ne sommes pas \u00e9pid\u00e9miologistes et il ne nous appartient pas de porter un jugement. La situation est de toute fa\u00e7on tr\u00e8s compliqu\u00e9e. Mais vivement la reprise, vivement le basket, le gymnase, le ballon et tout ce qui fait notre vie de sportif et de citoyen, d&#8217;entrepreneur ou de musicien, de personne libre et active sur cette plan\u00e8te. Vivement que nous puissions respirer sans masque, se taper une bise, boire un verre, aller au concert, reprendre la route en minibus, et tout \u00e7a et tout \u00e7a. Vivement que le sport reprenne sa place dans nos vies.\u00a0<\/span><\/p>\n<p><span style=\"color: #003366;\"><strong>La date de reprise des seniors<\/strong> (entra\u00eenement en gymnase) <\/span>est pour l&#8217;instant maintenue au 20 janvier 2021 et la reprise des comp\u00e9titions est <em>pour l&#8217;instant<\/em> programm\u00e9e le week-end du 13-14 f\u00e9vrier. <span style=\"color: #003366;\"><strong>Les dates de reprise des championnats jeunes<\/strong><\/span> seront pr\u00e9cis\u00e9es dans quelques jours par les diff\u00e9rentes instances et \u00e0 tous les niveaux, national, r\u00e9gional et d\u00e9partemental. La fin de saison est d\u00e9j\u00e0 valid\u00e9e, ce sera le week-end des 26-27 juin 2021.<\/p>\n<p><span style=\"color: #003366;\"><strong>Toutes les instances se r\u00e9uniront donc la semaine prochaine<\/strong> <\/span>pour \u00e9tablir notamment le nouveau format des comp\u00e9titions, les r\u00e8gles d\u2019accession\/rel\u00e9gation et la phase de comp\u00e9tition o\u00f9 elles s\u2019appliquent (fin de la phase A\/R, fin des play-off ou play down, \u2026), les modalit\u00e9s d\u2019attribution des \u00e9ventuels titres &#8230;. Elles devront imp\u00e9rativement remettre tous ces \u00e9l\u00e9ments avant la fin d\u00e9cembre aux instances de tutelle. N<span style=\"color: #003366;\">ous saurons alors exactement sur quelles bases se d\u00e9roulera notre saison de basket, selon tous les cas de figure possible, pour tous les niveaux et toutes les divisions f\u00e9d\u00e9rales confondues.<\/span> Un exercice sur un fil !<\/p>\n<h6>10 d\u00e9cembre 2020<\/h6>\n","protected":false},"excerpt":{"rendered":"<p>Les U18 Elite sur le rond central de la Salle Mu&#8217;, c&#8217;\u00e9tait le jeudi 29 octobre 2020 \u00e0 18h. Et cette photo est celle du dernier entra\u00eenement collectif de l&#8217;ann\u00e9e pour toutes nos \u00e9quipes Limoges ABC. Qui l&#8217;aurait cru ce soir-l\u00e0 ? Tous les jeunes sportifs (mineurs, moins de 18 ans) attendaient le mardi 15&#8230; <\/p>\n<div class=\"clear\"><\/div>\n<p><a href=\"https:\/\/limogesabc.com\/index.php\/les-jeunes-en-jachere-le-sport-en-berne\/\" class=\"excerpt-read-more\">Lire plus<\/a><\/p>\n","protected":false},"author":2,"featured_media":13665,"comment_status":"closed","ping_status":"closed","sticky":false,"template":"","format":"standard","meta":{"_mi_skip_tracking":false,"_exactmetrics_sitenote_active":false,"_exactmetrics_sitenote_note":"","_exactmetrics_sitenote_category":0,"_monsterinsights_skip_tracking":false,"_monsterinsights_sitenote_active":false,"_monsterinsights_sitenote_note":"","_monsterinsights_sitenote_category":0,"footnotes":""},"categories":[79,81],"tags":[],"class_list":["post-13664","post","type-post","status-publish","format-standard","has-post-thumbnail","hentry","category-actualites","category-tout"],"aioseo_notices":[],"_links":{"self":[{"href":"https:\/\/limogesabc.com\/index.php\/wp-json\/wp\/v2\/posts\/13664","targetHints":{"allow":["GET"]}}],"collection":[{"href":"https:\/\/limogesabc.com\/index.php\/wp-json\/wp\/v2\/posts"}],"about":[{"href":"https:\/\/limogesabc.com\/index.php\/wp-json\/wp\/v2\/types\/post"}],"author":[{"embeddable":true,"href":"https:\/\/limogesabc.com\/index.php\/wp-json\/wp\/v2\/users\/2"}],"replies":[{"embeddable":true,"href":"https:\/\/limogesabc.com\/index.php\/wp-json\/wp\/v2\/comments?post=13664"}],"version-history":[{"count":4,"href":"https:\/\/limogesabc.com\/index.php\/wp-json\/wp\/v2\/posts\/13664\/revisions"}],"predecessor-version":[{"id":13669,"href":"https:\/\/limogesabc.com\/index.php\/wp-json\/wp\/v2\/posts\/13664\/revisions\/13669"}],"wp:featuredmedia":[{"embeddable":true,"href":"https:\/\/limogesabc.com\/index.php\/wp-json\/wp\/v2\/media\/13665"}],"wp:attachment":[{"href":"https:\/\/limogesabc.com\/index.php\/wp-json\/wp\/v2\/media?parent=13664"}],"wp:term":[{"taxonomy":"category","embeddable":true,"href":"https:\/\/limogesabc.com\/index.php\/wp-json\/wp\/v2\/categories?post=13664"},{"taxonomy":"post_tag","embeddable":true,"href":"https:\/\/limogesabc.com\/index.php\/wp-json\/wp\/v2\/tags?post=13664"}],"curies":[{"name":"wp","href":"https:\/\/api.w.org\/{rel}","templated":true}]}}