{"id":13670,"date":"2020-12-11T19:41:45","date_gmt":"2020-12-11T18:41:45","guid":{"rendered":"http:\/\/limogesabc.com\/?p=13670"},"modified":"2020-12-12T14:56:19","modified_gmt":"2020-12-12T13:56:19","slug":"les-jeunes-finalement-epargnes-le-basket-revient-dans-les-salles","status":"publish","type":"post","link":"https:\/\/limogesabc.com\/index.php\/les-jeunes-finalement-epargnes-le-basket-revient-dans-les-salles\/","title":{"rendered":"Les jeunes finalement \u00e9pargn\u00e9s, le basket revient dans les salles !"},"content":{"rendered":"<p><span style=\"color: #003366;\">Les arbitrages de la journ\u00e9e entre Minist\u00e8re ont donn\u00e9 lieu \u00e0 une surprise<\/span> <span style=\"color: #003366;\">et elle est bonne.<\/span> Alors que les jeunes (mineurs, moins de 18 ans) devaient reprendre le 15 d\u00e9cembre dans les &#8220;Etablissements Recevant du Public&#8221; dont les gymnases, Jean Castex annon\u00e7ait <strong>hier soir<\/strong> le maintien de la fermeture desdits \u00e9tablissements jusqu&#8217;au sept janvier. Patatras.<\/p>\n<p><strong>Quand la nuit porte conseil &#8230;<\/strong> Il a fallu 24 heures au gouvernement pour changer d&#8217;avis afin de &#8221;\u00a0<i>porter une attention particuli\u00e8re \u00e0 l\u2019activit\u00e9 physique et sportive des mineurs&#8221;.\u00a0\u00a0<\/i>Heureux coup de th\u00e9\u00e2tre ce vendredi soir avec ce <a href=\"https:\/\/www.sports.gouv.fr\/accueil-du-site\/article\/application-des-decisions-sanitaires-pour-le-sport\">communiqu\u00e9 de presse<\/a> qui autorise &#8221; <span style=\"color: #003366;\">le retour des mineurs dans les \u00e9quipements sportifs couverts avec une pratique encadr\u00e9e, \u00e0 partir du 15 d\u00e9cembre, dans le respect des protocoles sanitaires applicables<\/span>.&#8221; <strong>Les pr\u00e9cisions sont les suivantes :<\/strong>\u00a0 &#8220;<span style=\"color: #003366;\">La pratique sportive ne sera plus limit\u00e9e ni en dur\u00e9e ni en p\u00e9rim\u00e8tre mais devra s\u2019effectuer dans le respect des horaires du couvre-feu (retour \u00e0 domicile au plus tard \u00e0 20h). Seule une pratique sans proximit\u00e9 avec les autres sportifs est autoris\u00e9e, ce qui exclut les pratiques sportives avec contacts.<\/span>&#8221;<\/p>\n<p><a href=\"https:\/\/www.sports.gouv.fr\/accueil-du-site\/article\/application-des-decisions-sanitaires-pour-le-sport\"><span style=\"color: #800080;\">LIRE :<\/span> Le communiqu\u00e9 officiel du Minist\u00e8re des Sports<\/a><\/p>\n<p><span style=\"color: #003366;\"><strong>R\u00e9sultat imm\u00e9diat :<\/strong> <\/span>les entrainements reprennent Salle Mu&#8217; (*) d\u00e8s mardi selon un planning \u00e0 fixer et dans le cadre des <a href=\"https:\/\/sports.gouv.fr\/IMG\/pdf\/protocolesanitairereprisesportmineurs.pdf\">contraintes sanitaires \u00e9nonc\u00e9es (lien)<\/a> mais aussi des contraintes horaires du couvre-feu. Ca va faire un bien fou \u00e0 toutes nos basketteuses et \u00e0 tous les sportifs de toutes les disciplines.<\/p>\n<p><span style=\"color: #003366;\"><strong>Organisation Club :<\/strong><\/span> Une visio-conf\u00e9rence se tient ce samedi matin avec les coaches du secteur jeune. Ordre du jour : Informations partag\u00e9es sur la situation, Gestion de la semaine d\u2019entra\u00eenement du 15 d\u00e9cembre, Point sur les contacts avec les joueuses, Pr\u00e9vention des blessures et sensibilisation pour la reprise. Une r\u00e9union qui tombe \u00e0 pic.<\/p>\n<p><span style=\"color: #800080;\"><strong>Pour les Seniores :<\/strong><\/span> &#8220;<span style=\"color: #003366;\">La pratique sportive des majeurs reste prohib\u00e9e<\/span>&#8221; dans les gymnases jusqu&#8217;au 20 janvier. Dans l&#8217;espace public, elle est possible &#8220;<span style=\"color: #003366;\">dans le respect du couvre-feu (retour au domicile \u00e0 20 h maximum) et dans la limite de 6 personnes (y compris si l\u2019activit\u00e9 est encadr\u00e9e par un \u00e9ducateur dipl\u00f4m\u00e9).&#8221;<\/span><\/p>\n<h6>(*) La Ville de Limoges, propri\u00e9taire de l&#8217;\u00e9tablissement, a valid\u00e9 l&#8217;ouverture du gymnase d\u00e8s mardi<\/h6>\n<h6>11 d\u00e9cembre 2020<\/h6>\n","protected":false},"excerpt":{"rendered":"<p>Les arbitrages de la journ\u00e9e entre Minist\u00e8re ont donn\u00e9 lieu \u00e0 une surprise et elle est bonne. Alors que les jeunes (mineurs, moins de 18 ans) devaient reprendre le 15 d\u00e9cembre dans les &#8220;Etablissements Recevant du Public&#8221; dont les gymnases, Jean Castex annon\u00e7ait hier soir le maintien de la fermeture desdits \u00e9tablissements jusqu&#8217;au sept janvier&#8230;. <\/p>\n<div class=\"clear\"><\/div>\n<p><a href=\"https:\/\/limogesabc.com\/index.php\/les-jeunes-finalement-epargnes-le-basket-revient-dans-les-salles\/\" class=\"excerpt-read-more\">Lire plus<\/a><\/p>\n","protected":false},"author":2,"featured_media":13561,"comment_status":"closed","ping_status":"closed","sticky":false,"template":"","format":"standard","meta":{"_mi_skip_tracking":false,"_exactmetrics_sitenote_active":false,"_exactmetrics_sitenote_note":"","_exactmetrics_sitenote_category":0,"_monsterinsights_skip_tracking":false,"_monsterinsights_sitenote_active":false,"_monsterinsights_sitenote_note":"","_monsterinsights_sitenote_category":0,"footnotes":""},"categories":[79],"tags":[],"class_list":["post-13670","post","type-post","status-publish","format-standard","has-post-thumbnail","hentry","category-actualites"],"aioseo_notices":[],"_links":{"self":[{"href":"https:\/\/limogesabc.com\/index.php\/wp-json\/wp\/v2\/posts\/13670","targetHints":{"allow":["GET"]}}],"collection":[{"href":"https:\/\/limogesabc.com\/index.php\/wp-json\/wp\/v2\/posts"}],"about":[{"href":"https:\/\/limogesabc.com\/index.php\/wp-json\/wp\/v2\/types\/post"}],"author":[{"embeddable":true,"href":"https:\/\/limogesabc.com\/index.php\/wp-json\/wp\/v2\/users\/2"}],"replies":[{"embeddable":true,"href":"https:\/\/limogesabc.com\/index.php\/wp-json\/wp\/v2\/comments?post=13670"}],"version-history":[{"count":10,"href":"https:\/\/limogesabc.com\/index.php\/wp-json\/wp\/v2\/posts\/13670\/revisions"}],"predecessor-version":[{"id":13686,"href":"https:\/\/limogesabc.com\/index.php\/wp-json\/wp\/v2\/posts\/13670\/revisions\/13686"}],"wp:featuredmedia":[{"embeddable":true,"href":"https:\/\/limogesabc.com\/index.php\/wp-json\/wp\/v2\/media\/13561"}],"wp:attachment":[{"href":"https:\/\/limogesabc.com\/index.php\/wp-json\/wp\/v2\/media?parent=13670"}],"wp:term":[{"taxonomy":"category","embeddable":true,"href":"https:\/\/limogesabc.com\/index.php\/wp-json\/wp\/v2\/categories?post=13670"},{"taxonomy":"post_tag","embeddable":true,"href":"https:\/\/limogesabc.com\/index.php\/wp-json\/wp\/v2\/tags?post=13670"}],"curies":[{"name":"wp","href":"https:\/\/api.w.org\/{rel}","templated":true}]}}