{"id":13681,"date":"2020-12-12T12:51:16","date_gmt":"2020-12-12T11:51:16","guid":{"rendered":"http:\/\/limogesabc.com\/?p=13681"},"modified":"2020-12-12T14:59:54","modified_gmt":"2020-12-12T13:59:54","slug":"les-coaches-bossent-ca-sent-bon-la-reprise","status":"publish","type":"post","link":"https:\/\/limogesabc.com\/index.php\/les-coaches-bossent-ca-sent-bon-la-reprise\/","title":{"rendered":"Les coaches bossent, \u00e7a sent bon la reprise"},"content":{"rendered":"<p>La bonne nouvelle d\u2019hier, c&#8217;est l\u2019annonce d\u2019une reprise en gymnase pour les mineurs, d\u00e8s mardi 15 d\u00e9cembre.<\/p>\n<p>Les coaches du Secteur Jeune \u00e9taient r\u00e9unis ce matin en visio-conf\u00e9rence, \u00e0 l&#8217;initiative de Romain Leclarcie, pour prendre les infos des r\u00e8glementations et <a href=\"https:\/\/sports.gouv.fr\/IMG\/pdf\/protocolesanitairereprisesportmineurs.pdf\">contraintes sanitaires<\/a>, \u00e9voquer les risques physiques de la reprise, et pr\u00e9parer ce retour au jeu tellement attendu ! La Ville de Limoges, propri\u00e9taire du gymnase, a valid\u00e9 ce matin l&#8217;ouverture de la Salle Mu&#8217; dans les conditions sanitaires exig\u00e9es. Les vestiaires restent ferm\u00e9s.<\/p>\n<p>Vive la reprise et merci aux coaches pour leur implication sur leurs \u00e9quipes.<\/p>\n<p>Bonne reprise, d\u00e8s mardi avec les U13 Nouvelle-Aquitaine d&#8217;Emilie Piarou et Ludivine Gu\u00e9gand.<\/p>\n<p><a href=\"https:\/\/limogesabc.com\/index.php\/les-coaches-bossent-ca-sent-bon-la-reprise\/ms-111220\/\" rel=\"attachment wp-att-13682\"><img fetchpriority=\"high\" decoding=\"async\" class=\"wp-image-13682 alignleft\" src=\"https:\/\/limogesabc.com\/wp-content\/uploads\/2020\/12\/MS-111220.jpg\" alt=\"\" width=\"534\" height=\"180\" srcset=\"https:\/\/limogesabc.com\/wp-content\/uploads\/2020\/12\/MS-111220.jpg 1107w, https:\/\/limogesabc.com\/wp-content\/uploads\/2020\/12\/MS-111220-300x101.jpg 300w, https:\/\/limogesabc.com\/wp-content\/uploads\/2020\/12\/MS-111220-1024x345.jpg 1024w, https:\/\/limogesabc.com\/wp-content\/uploads\/2020\/12\/MS-111220-150x51.jpg 150w, https:\/\/limogesabc.com\/wp-content\/uploads\/2020\/12\/MS-111220-768x259.jpg 768w\" sizes=\"(max-width: 534px) 100vw, 534px\" \/><\/a><\/p>\n","protected":false},"excerpt":{"rendered":"<p>La bonne nouvelle d\u2019hier, c&#8217;est l\u2019annonce d\u2019une reprise en gymnase pour les mineurs, d\u00e8s mardi 15 d\u00e9cembre. Les coaches du Secteur Jeune \u00e9taient r\u00e9unis ce matin en visio-conf\u00e9rence, \u00e0 l&#8217;initiative de Romain Leclarcie, pour prendre les infos des r\u00e8glementations et contraintes sanitaires, \u00e9voquer les risques physiques de la reprise, et pr\u00e9parer ce retour au jeu&#8230; <\/p>\n<div class=\"clear\"><\/div>\n<p><a href=\"https:\/\/limogesabc.com\/index.php\/les-coaches-bossent-ca-sent-bon-la-reprise\/\" class=\"excerpt-read-more\">Lire plus<\/a><\/p>\n","protected":false},"author":2,"featured_media":13685,"comment_status":"closed","ping_status":"closed","sticky":false,"template":"","format":"standard","meta":{"_mi_skip_tracking":false,"_exactmetrics_sitenote_active":false,"_exactmetrics_sitenote_note":"","_exactmetrics_sitenote_category":0,"_monsterinsights_skip_tracking":false,"_monsterinsights_sitenote_active":false,"_monsterinsights_sitenote_note":"","_monsterinsights_sitenote_category":0,"footnotes":""},"categories":[79],"tags":[],"class_list":["post-13681","post","type-post","status-publish","format-standard","has-post-thumbnail","hentry","category-actualites"],"aioseo_notices":[],"_links":{"self":[{"href":"https:\/\/limogesabc.com\/index.php\/wp-json\/wp\/v2\/posts\/13681","targetHints":{"allow":["GET"]}}],"collection":[{"href":"https:\/\/limogesabc.com\/index.php\/wp-json\/wp\/v2\/posts"}],"about":[{"href":"https:\/\/limogesabc.com\/index.php\/wp-json\/wp\/v2\/types\/post"}],"author":[{"embeddable":true,"href":"https:\/\/limogesabc.com\/index.php\/wp-json\/wp\/v2\/users\/2"}],"replies":[{"embeddable":true,"href":"https:\/\/limogesabc.com\/index.php\/wp-json\/wp\/v2\/comments?post=13681"}],"version-history":[{"count":4,"href":"https:\/\/limogesabc.com\/index.php\/wp-json\/wp\/v2\/posts\/13681\/revisions"}],"predecessor-version":[{"id":13688,"href":"https:\/\/limogesabc.com\/index.php\/wp-json\/wp\/v2\/posts\/13681\/revisions\/13688"}],"wp:featuredmedia":[{"embeddable":true,"href":"https:\/\/limogesabc.com\/index.php\/wp-json\/wp\/v2\/media\/13685"}],"wp:attachment":[{"href":"https:\/\/limogesabc.com\/index.php\/wp-json\/wp\/v2\/media?parent=13681"}],"wp:term":[{"taxonomy":"category","embeddable":true,"href":"https:\/\/limogesabc.com\/index.php\/wp-json\/wp\/v2\/categories?post=13681"},{"taxonomy":"post_tag","embeddable":true,"href":"https:\/\/limogesabc.com\/index.php\/wp-json\/wp\/v2\/tags?post=13681"}],"curies":[{"name":"wp","href":"https:\/\/api.w.org\/{rel}","templated":true}]}}