{"id":13774,"date":"2021-02-03T22:36:36","date_gmt":"2021-02-03T21:36:36","guid":{"rendered":"http:\/\/limogesabc.com\/?p=13774"},"modified":"2021-02-04T09:27:53","modified_gmt":"2021-02-04T08:27:53","slug":"quartiers-solidaires-superbe-lancement-a-calmette","status":"publish","type":"post","link":"https:\/\/limogesabc.com\/index.php\/quartiers-solidaires-superbe-lancement-a-calmette\/","title":{"rendered":"Quartiers solidaires, un superbe lancement \u00e0 Calmette"},"content":{"rendered":"<p><span style=\"color: #003366;\">Le Limoges ABC interviendra durant l\u2019ann\u00e9e 2021 sur trois quartiers de Ville de Limoges, L\u2019Aurence, Le Sablard, Les Portes-Ferr\u00e9es en coop\u00e9ration \u00e9troite avec les acteurs locaux, associations, Centres sociaux, Equipes de pr\u00e9vention de l\u2019ALSEA, les agents de d\u00e9veloppement, les publics accueillis par les associations, \u2026 Un vaste projet qui va nous permettre de proposer des animations basket, avec les coaches dipl\u00f4m\u00e9s du club, et Emilie Kapanza, coordonnatrice du projet, et avec l&#8217;appui de la Pr\u00e9fecture de la Haute-Vienne (Politique de la Ville).<\/span><\/p>\n<p><strong>Premi\u00e8re animation ce mercredi apr\u00e8s-midi<\/strong> \u00e0 L\u2019Aurence (Calmette) et tr\u00e8s belle r\u00e9ussite avec pr\u00e8s de quarante jeunes, gar\u00e7ons et filles. Que \u00e7a fait du bien de courir et de jouer en plein air avec des enfants et des ados hyper contents de se retrouver sur le playground !<\/p>\n<p><span style=\"color: #003366;\">Dans une p\u00e9riode tr\u00e8s difficile, le besoin est immense pour les jeunes des quartiers.<\/span> Merci \u00e0 Romain, Jessie, Emilie et Nabintou (Limoges ABC), d\u00e9dicaces \u00e0 Carine (ALSEA), merci Sylvain (ALSEA) et Victor (Le Chapeau Magique) !<\/p>\n<p>Que du bonheur, en images.<\/p>\n<div class=\"gdlr-shortcode-wrapper\"><div class=\"gdlr-gallery-item gdlr-item\" ><div class=\"gallery-column three columns\"><div class=\"gallery-item\"><a href=\"https:\/\/limogesabc.com\/index.php\/quartiers-solidaires-superbe-lancement-a-calmette\/quartier-laurence-4985\/\" title=\"QUARTIER L&#039;AURENCE 4985\" data-rel=\"fancybox\" ><img decoding=\"async\" src=\"https:\/\/limogesabc.com\/wp-content\/uploads\/2021\/02\/QUARTIER-LAURENCE-4985-150x119.jpg\" alt=\"\" width=\"150\" height=\"119\" \/><\/a><span class=\"gallery-caption\">QUARTIER L'AURENCE<\/span><\/div><\/div><div class=\"gallery-column three columns\"><div class=\"gallery-item\"><a href=\"https:\/\/limogesabc.com\/index.php\/quartiers-solidaires-superbe-lancement-a-calmette\/quartier-laurence-4987\/\" title=\"QUARTIER L&#039;AURENCE 4987\" data-rel=\"fancybox\" ><img decoding=\"async\" src=\"https:\/\/limogesabc.com\/wp-content\/uploads\/2021\/02\/QUARTIER-LAURENCE-4987-150x113.jpg\" alt=\"\" width=\"150\" height=\"113\" \/><\/a><span class=\"gallery-caption\">QUARTIER L'AURENCE<\/span><\/div><\/div><div class=\"gallery-column three columns\"><div class=\"gallery-item\"><a href=\"https:\/\/limogesabc.com\/index.php\/quartiers-solidaires-superbe-lancement-a-calmette\/quartier-laurence-4993\/\" title=\"QUARTIER L&#039;AURENCE 4993\" data-rel=\"fancybox\" ><img decoding=\"async\" src=\"https:\/\/limogesabc.com\/wp-content\/uploads\/2021\/02\/QUARTIER-LAURENCE-4993-150x113.jpg\" alt=\"\" width=\"150\" height=\"113\" \/><\/a><span class=\"gallery-caption\">QUARTIER L'AURENCE<\/span><\/div><\/div><div class=\"gallery-column three columns\"><div class=\"gallery-item\"><a href=\"https:\/\/limogesabc.com\/index.php\/quartiers-solidaires-superbe-lancement-a-calmette\/quartier-laurence-4999\/\" title=\"QUARTIER L&#039;AURENCE 4999\" data-rel=\"fancybox\" ><img loading=\"lazy\" decoding=\"async\" src=\"https:\/\/limogesabc.com\/wp-content\/uploads\/2021\/02\/QUARTIER-LAURENCE-4999-150x113.jpg\" alt=\"\" width=\"150\" height=\"113\" \/><\/a><span class=\"gallery-caption\">QUARTIER L'AURENCE<\/span><\/div><\/div><div class=\"clear\"><\/div><div class=\"gallery-column three columns\"><div class=\"gallery-item\"><a href=\"https:\/\/limogesabc.com\/index.php\/quartiers-solidaires-superbe-lancement-a-calmette\/quartier-laurence-5006\/\" title=\"QUARTIER L&#039;AURENCE 5006\" data-rel=\"fancybox\" ><img loading=\"lazy\" decoding=\"async\" src=\"https:\/\/limogesabc.com\/wp-content\/uploads\/2021\/02\/QUARTIER-LAURENCE-5006-150x113.jpg\" alt=\"\" width=\"150\" height=\"113\" \/><\/a><span class=\"gallery-caption\">QUARTIER L'AURENCE<\/span><\/div><\/div><div class=\"gallery-column three columns\"><div class=\"gallery-item\"><a href=\"https:\/\/limogesabc.com\/index.php\/quartiers-solidaires-superbe-lancement-a-calmette\/quartier-laurence-5009\/\" title=\"QUARTIER L&#039;AURENCE 5009\" data-rel=\"fancybox\" ><img loading=\"lazy\" decoding=\"async\" src=\"https:\/\/limogesabc.com\/wp-content\/uploads\/2021\/02\/QUARTIER-LAURENCE-5009-150x113.jpg\" alt=\"\" width=\"150\" height=\"113\" \/><\/a><span class=\"gallery-caption\">QUARTIER L'AURENCE<\/span><\/div><\/div><div class=\"gallery-column three columns\"><div class=\"gallery-item\"><a href=\"https:\/\/limogesabc.com\/index.php\/quartiers-solidaires-superbe-lancement-a-calmette\/quartier-laurence-5010\/\" title=\"QUARTIER L&#039;AURENCE 5010\" data-rel=\"fancybox\" ><img loading=\"lazy\" decoding=\"async\" src=\"https:\/\/limogesabc.com\/wp-content\/uploads\/2021\/02\/QUARTIER-LAURENCE-5010-150x113.jpg\" alt=\"\" width=\"150\" height=\"113\" \/><\/a><span class=\"gallery-caption\">QUARTIER L'AURENCE<\/span><\/div><\/div><div class=\"gallery-column three columns\"><div class=\"gallery-item\"><a href=\"https:\/\/limogesabc.com\/index.php\/quartiers-solidaires-superbe-lancement-a-calmette\/quartier-laurence-5014\/\" title=\"QUARTIER L&#039;AURENCE 5014\" data-rel=\"fancybox\" ><img loading=\"lazy\" decoding=\"async\" src=\"https:\/\/limogesabc.com\/wp-content\/uploads\/2021\/02\/QUARTIER-LAURENCE-5014-150x113.jpg\" alt=\"\" width=\"150\" height=\"113\" \/><\/a><span class=\"gallery-caption\">QUARTIER L'AURENCE<\/span><\/div><\/div><div class=\"clear\"><\/div><div class=\"gallery-column three columns\"><div class=\"gallery-item\"><a href=\"https:\/\/limogesabc.com\/index.php\/quartiers-solidaires-superbe-lancement-a-calmette\/quartier-laurence-5020\/\" title=\"QUARTIER L&#039;AURENCE 5020\" data-rel=\"fancybox\" ><img loading=\"lazy\" decoding=\"async\" src=\"https:\/\/limogesabc.com\/wp-content\/uploads\/2021\/02\/QUARTIER-LAURENCE-5020-150x113.jpg\" alt=\"\" width=\"150\" height=\"113\" \/><\/a><span class=\"gallery-caption\">QUARTIER L'AURENCE<\/span><\/div><\/div><div class=\"gallery-column three columns\"><div class=\"gallery-item\"><a href=\"https:\/\/limogesabc.com\/index.php\/quartiers-solidaires-superbe-lancement-a-calmette\/quartier-laurence-5027\/\" title=\"QUARTIER L&#039;AURENCE 5027\" data-rel=\"fancybox\" ><img loading=\"lazy\" decoding=\"async\" src=\"https:\/\/limogesabc.com\/wp-content\/uploads\/2021\/02\/QUARTIER-LAURENCE-5027-150x113.jpg\" alt=\"\" width=\"150\" height=\"113\" \/><\/a><span class=\"gallery-caption\">QUARTIER L'AURENCE<\/span><\/div><\/div><div class=\"gallery-column three columns\"><div class=\"gallery-item\"><a href=\"https:\/\/limogesabc.com\/index.php\/quartiers-solidaires-superbe-lancement-a-calmette\/quartier-laurence-5031\/\" title=\"QUARTIER L&#039;AURENCE 5031\" data-rel=\"fancybox\" ><img loading=\"lazy\" decoding=\"async\" src=\"https:\/\/limogesabc.com\/wp-content\/uploads\/2021\/02\/QUARTIER-LAURENCE-5031-150x113.jpg\" alt=\"\" width=\"150\" height=\"113\" \/><\/a><span class=\"gallery-caption\">QUARTIER L'AURENCE<\/span><\/div><\/div><div class=\"gallery-column three columns\"><div class=\"gallery-item\"><a href=\"https:\/\/limogesabc.com\/index.php\/quartiers-solidaires-superbe-lancement-a-calmette\/quartier-laurence-5041\/\" title=\"QUARTIER L&#039;AURENCE 5041\" data-rel=\"fancybox\" ><img loading=\"lazy\" decoding=\"async\" src=\"https:\/\/limogesabc.com\/wp-content\/uploads\/2021\/02\/QUARTIER-LAURENCE-5041-150x113.jpg\" alt=\"\" width=\"150\" height=\"113\" \/><\/a><span class=\"gallery-caption\">QUARTIER L'AURENCE<\/span><\/div><\/div><div class=\"clear\"><\/div><div class=\"gallery-column three columns\"><div class=\"gallery-item\"><a href=\"https:\/\/limogesabc.com\/index.php\/quartiers-solidaires-superbe-lancement-a-calmette\/quartier-laurence-5046\/\" title=\"QUARTIER L&#039;AURENCE 5046\" data-rel=\"fancybox\" ><img loading=\"lazy\" decoding=\"async\" src=\"https:\/\/limogesabc.com\/wp-content\/uploads\/2021\/02\/QUARTIER-LAURENCE-5046-150x113.jpg\" alt=\"\" width=\"150\" height=\"113\" \/><\/a><span class=\"gallery-caption\">QUARTIER L'AURENCE<\/span><\/div><\/div><div class=\"gallery-column three columns\"><div class=\"gallery-item\"><a href=\"https:\/\/limogesabc.com\/index.php\/quartiers-solidaires-superbe-lancement-a-calmette\/quartier-laurence-5050\/\" title=\"QUARTIER L&#039;AURENCE 5050\" data-rel=\"fancybox\" ><img loading=\"lazy\" decoding=\"async\" src=\"https:\/\/limogesabc.com\/wp-content\/uploads\/2021\/02\/QUARTIER-LAURENCE-5050-150x113.jpg\" alt=\"\" width=\"150\" height=\"113\" \/><\/a><span class=\"gallery-caption\">QUARTIER L'AURENCE<\/span><\/div><\/div><div class=\"gallery-column three columns\"><div class=\"gallery-item\"><a href=\"https:\/\/limogesabc.com\/index.php\/quartiers-solidaires-superbe-lancement-a-calmette\/quartier-laurence-5055\/\" title=\"QUARTIER L&#039;AURENCE 5055\" data-rel=\"fancybox\" ><img loading=\"lazy\" decoding=\"async\" src=\"https:\/\/limogesabc.com\/wp-content\/uploads\/2021\/02\/QUARTIER-LAURENCE-5055-150x113.jpg\" alt=\"\" width=\"150\" height=\"113\" \/><\/a><span class=\"gallery-caption\">QUARTIER L'AURENCE<\/span><\/div><\/div><div class=\"gallery-column three columns\"><div class=\"gallery-item\"><a href=\"https:\/\/limogesabc.com\/index.php\/quartiers-solidaires-superbe-lancement-a-calmette\/quartier-laurence-5056\/\" title=\"QUARTIER L&#039;AURENCE 5056\" data-rel=\"fancybox\" ><img loading=\"lazy\" decoding=\"async\" src=\"https:\/\/limogesabc.com\/wp-content\/uploads\/2021\/02\/QUARTIER-LAURENCE-5056-150x113.jpg\" alt=\"\" width=\"150\" height=\"113\" \/><\/a><span class=\"gallery-caption\">QUARTIER L'AURENCE<\/span><\/div><\/div><div class=\"clear\"><\/div><\/div><\/div>\n<h6>03 f\u00e9vrier 2021<\/h6>\n","protected":false},"excerpt":{"rendered":"<p>Le Limoges ABC interviendra durant l\u2019ann\u00e9e 2021 sur trois quartiers de Ville de Limoges, L\u2019Aurence, Le Sablard, Les Portes-Ferr\u00e9es en coop\u00e9ration \u00e9troite avec les acteurs locaux, associations, Centres sociaux, Equipes de pr\u00e9vention de l\u2019ALSEA, les agents de d\u00e9veloppement, les publics accueillis par les associations, \u2026 Un vaste projet qui va nous permettre de proposer des&#8230; <\/p>\n<div class=\"clear\"><\/div>\n<p><a href=\"https:\/\/limogesabc.com\/index.php\/quartiers-solidaires-superbe-lancement-a-calmette\/\" class=\"excerpt-read-more\">Lire plus<\/a><\/p>\n","protected":false},"author":2,"featured_media":13777,"comment_status":"closed","ping_status":"closed","sticky":false,"template":"","format":"standard","meta":{"_mi_skip_tracking":false,"_exactmetrics_sitenote_active":false,"_exactmetrics_sitenote_note":"","_exactmetrics_sitenote_category":0,"_monsterinsights_skip_tracking":false,"_monsterinsights_sitenote_active":false,"_monsterinsights_sitenote_note":"","_monsterinsights_sitenote_category":0,"footnotes":""},"categories":[79],"tags":[],"class_list":["post-13774","post","type-post","status-publish","format-standard","has-post-thumbnail","hentry","category-actualites"],"aioseo_notices":[],"_links":{"self":[{"href":"https:\/\/limogesabc.com\/index.php\/wp-json\/wp\/v2\/posts\/13774","targetHints":{"allow":["GET"]}}],"collection":[{"href":"https:\/\/limogesabc.com\/index.php\/wp-json\/wp\/v2\/posts"}],"about":[{"href":"https:\/\/limogesabc.com\/index.php\/wp-json\/wp\/v2\/types\/post"}],"author":[{"embeddable":true,"href":"https:\/\/limogesabc.com\/index.php\/wp-json\/wp\/v2\/users\/2"}],"replies":[{"embeddable":true,"href":"https:\/\/limogesabc.com\/index.php\/wp-json\/wp\/v2\/comments?post=13774"}],"version-history":[{"count":6,"href":"https:\/\/limogesabc.com\/index.php\/wp-json\/wp\/v2\/posts\/13774\/revisions"}],"predecessor-version":[{"id":13800,"href":"https:\/\/limogesabc.com\/index.php\/wp-json\/wp\/v2\/posts\/13774\/revisions\/13800"}],"wp:featuredmedia":[{"embeddable":true,"href":"https:\/\/limogesabc.com\/index.php\/wp-json\/wp\/v2\/media\/13777"}],"wp:attachment":[{"href":"https:\/\/limogesabc.com\/index.php\/wp-json\/wp\/v2\/media?parent=13774"}],"wp:term":[{"taxonomy":"category","embeddable":true,"href":"https:\/\/limogesabc.com\/index.php\/wp-json\/wp\/v2\/categories?post=13774"},{"taxonomy":"post_tag","embeddable":true,"href":"https:\/\/limogesabc.com\/index.php\/wp-json\/wp\/v2\/tags?post=13774"}],"curies":[{"name":"wp","href":"https:\/\/api.w.org\/{rel}","templated":true}]}}