{"id":13818,"date":"2021-03-01T16:23:11","date_gmt":"2021-03-01T15:23:11","guid":{"rendered":"http:\/\/limogesabc.com\/?p=13818"},"modified":"2021-03-01T16:23:11","modified_gmt":"2021-03-01T15:23:11","slug":"partenaires-du-big-camp-avec-fred-weis-en-juillet-a-bugeat","status":"publish","type":"post","link":"https:\/\/limogesabc.com\/index.php\/partenaires-du-big-camp-avec-fred-weis-en-juillet-a-bugeat\/","title":{"rendered":"Partenaires du BIG CAMP, avec Fred Weis, en juillet \u00e0 Bugeat"},"content":{"rendered":"<p><span style=\"color: #003366;\"><strong>Le BIG CAMP<\/strong> et le <strong>Limoges ABC<\/strong> s\u2019associent sur un projet sportif, un camp d\u2019\u00e9t\u00e9 mais aussi sur des valeurs de solidarit\u00e9 et de partage communes aux deux associations et qui ont favoris\u00e9es le rapprochement. Le <strong>BIG CAMP 2021<\/strong> se d\u00e9roulera \u00e0 Bugeat (Corr\u00e8ze) \u00e0 l\u2019Espace des 1000 Sources du 11 au 31 juillet 2021. Il est ouvert aux jeunes basketteurs et basketteuses n\u00e9es <strong>entre 2003 et 2009<\/strong>.<\/span><\/p>\n<p>Le <strong>BIG CAMP 2021<\/strong>, un camp basket, est aussi un camp basket citoyen : un camp <strong>Basket Fauteuil<\/strong>, ouvert du 11 au 31 juillet 2021 au handibasket et un camp <strong>Basket Adapt\u00e9<\/strong>, la semaine du 26 au 31 juillet.\u00a0Le BIG CAMP s\u2019engage dans la lutte contre l\u2019autisme en redistribuant des fonds \u00e0 des \u00e9tablissements accueillant des enfants autistes et atteints de handicap.<\/p>\n<p>La citoyennet\u00e9 et la solidarit\u00e9 sont, depuis longtemps, des valeurs fortes du club.<b> <\/b>Le <strong>Limoges ABC <\/strong>devient donc naturellement <strong>Club Partenaire<\/strong> du BIG CAMP. Il s\u2019inscrit dans une dynamique de \u00ab retour au jeu \u00bb en proposant \u00e0 ses licenci\u00e9es un Camp d\u2019\u00e9t\u00e9 dans une p\u00e9riode tr\u00e8s compliqu\u00e9e pour le basket, les sports collectifs et le sport en g\u00e9n\u00e9ral. <span style=\"color: #003366;\">Que beaucoup de filles s\u2019inscrivent, c\u2019est aussi un objectif commun du BIG CAMP et du LIMOGES ABC, f\u00e9minisation !<\/span><\/p>\n<p>Quatre clubs sont <strong>Clubs Partenaires<\/strong> en France. Outre le Limoges ABC, ce sont\u00a0le TUESG Basket Saint-Germain-en-Laye &#8211; Yvelines, le Sud Mayenne Basket (SMB) &#8211; Mayenne, l\u2019Elan Sportif des Pennes Mirabeau (ESPM Basket) &#8211; Bouches du Rh\u00f4ne.<\/p>\n<p><span style=\"color: #003366;\"><strong>Contact au club : projets@limogesabc.com<\/strong><\/span><\/p>\n<div class=\"gdlr-shortcode-wrapper\"><div class=\"gdlr-gallery-item gdlr-item\" ><div class=\"gallery-column three columns\"><div class=\"gallery-item\"><a href=\"https:\/\/limogesabc.com\/index.php\/partenaires-du-big-camp-avec-fred-weis-en-juillet-a-bugeat\/2021-02-15-visuel-rs\/\" title=\"2021-02-15-visuel-rs\" data-rel=\"fancybox\" ><img decoding=\"async\" src=\"https:\/\/limogesabc.com\/wp-content\/uploads\/2021\/03\/2021-02-15-visuel-rs-150x150.jpg\" alt=\"\" width=\"150\" height=\"150\" \/><\/a><span class=\"gallery-caption\"><\/span><\/div><\/div><div class=\"gallery-column three columns\"><div class=\"gallery-item\"><a href=\"https:\/\/limogesabc.com\/index.php\/partenaires-du-big-camp-avec-fred-weis-en-juillet-a-bugeat\/2021-02-08-visuel-rs-2\/\" title=\"2021-02-08-visuel-rs-2\" data-rel=\"fancybox\" ><img decoding=\"async\" src=\"https:\/\/limogesabc.com\/wp-content\/uploads\/2021\/03\/2021-02-08-visuel-rs-2-150x150.jpg\" alt=\"\" width=\"150\" height=\"150\" \/><\/a><span class=\"gallery-caption\"><\/span><\/div><\/div><div class=\"gallery-column three columns\"><div class=\"gallery-item\"><a href=\"https:\/\/limogesabc.com\/index.php\/partenaires-du-big-camp-avec-fred-weis-en-juillet-a-bugeat\/photo-2021-01-28-18-39-11-3\/\" title=\"PHOTO-2021-01-28-18-39-11 (3)\" data-rel=\"fancybox\" ><img decoding=\"async\" src=\"https:\/\/limogesabc.com\/wp-content\/uploads\/2021\/03\/PHOTO-2021-01-28-18-39-11-3-150x150.jpg\" alt=\"\" width=\"150\" height=\"150\" \/><\/a><span class=\"gallery-caption\"><\/span><\/div><\/div><div class=\"gallery-column three columns\"><div class=\"gallery-item\"><a href=\"https:\/\/limogesabc.com\/index.php\/partenaires-du-big-camp-avec-fred-weis-en-juillet-a-bugeat\/photo-2021-01-28-18-39-12\/\" title=\"PHOTO-2021-01-28-18-39-12\" data-rel=\"fancybox\" ><img loading=\"lazy\" decoding=\"async\" src=\"https:\/\/limogesabc.com\/wp-content\/uploads\/2021\/03\/PHOTO-2021-01-28-18-39-12-150x150.jpg\" alt=\"\" width=\"150\" height=\"150\" \/><\/a><span class=\"gallery-caption\"><\/span><\/div><\/div><div class=\"clear\"><\/div><\/div><\/div>\n<h6>\u00a01er mars 2021<\/h6>\n<p>&nbsp;<\/p>\n","protected":false},"excerpt":{"rendered":"<p>Le BIG CAMP et le Limoges ABC s\u2019associent sur un projet sportif, un camp d\u2019\u00e9t\u00e9 mais aussi sur des valeurs de solidarit\u00e9 et de partage communes aux deux associations et qui ont favoris\u00e9es le rapprochement. Le BIG CAMP 2021 se d\u00e9roulera \u00e0 Bugeat (Corr\u00e8ze) \u00e0 l\u2019Espace des 1000 Sources du 11 au 31 juillet 2021&#8230;. <\/p>\n<div class=\"clear\"><\/div>\n<p><a href=\"https:\/\/limogesabc.com\/index.php\/partenaires-du-big-camp-avec-fred-weis-en-juillet-a-bugeat\/\" class=\"excerpt-read-more\">Lire plus<\/a><\/p>\n","protected":false},"author":2,"featured_media":13819,"comment_status":"closed","ping_status":"closed","sticky":false,"template":"","format":"standard","meta":{"_mi_skip_tracking":false,"_exactmetrics_sitenote_active":false,"_exactmetrics_sitenote_note":"","_exactmetrics_sitenote_category":0,"_monsterinsights_skip_tracking":false,"_monsterinsights_sitenote_active":false,"_monsterinsights_sitenote_note":"","_monsterinsights_sitenote_category":0,"footnotes":""},"categories":[79],"tags":[],"class_list":["post-13818","post","type-post","status-publish","format-standard","has-post-thumbnail","hentry","category-actualites"],"aioseo_notices":[],"_links":{"self":[{"href":"https:\/\/limogesabc.com\/index.php\/wp-json\/wp\/v2\/posts\/13818","targetHints":{"allow":["GET"]}}],"collection":[{"href":"https:\/\/limogesabc.com\/index.php\/wp-json\/wp\/v2\/posts"}],"about":[{"href":"https:\/\/limogesabc.com\/index.php\/wp-json\/wp\/v2\/types\/post"}],"author":[{"embeddable":true,"href":"https:\/\/limogesabc.com\/index.php\/wp-json\/wp\/v2\/users\/2"}],"replies":[{"embeddable":true,"href":"https:\/\/limogesabc.com\/index.php\/wp-json\/wp\/v2\/comments?post=13818"}],"version-history":[{"count":1,"href":"https:\/\/limogesabc.com\/index.php\/wp-json\/wp\/v2\/posts\/13818\/revisions"}],"predecessor-version":[{"id":13824,"href":"https:\/\/limogesabc.com\/index.php\/wp-json\/wp\/v2\/posts\/13818\/revisions\/13824"}],"wp:featuredmedia":[{"embeddable":true,"href":"https:\/\/limogesabc.com\/index.php\/wp-json\/wp\/v2\/media\/13819"}],"wp:attachment":[{"href":"https:\/\/limogesabc.com\/index.php\/wp-json\/wp\/v2\/media?parent=13818"}],"wp:term":[{"taxonomy":"category","embeddable":true,"href":"https:\/\/limogesabc.com\/index.php\/wp-json\/wp\/v2\/categories?post=13818"},{"taxonomy":"post_tag","embeddable":true,"href":"https:\/\/limogesabc.com\/index.php\/wp-json\/wp\/v2\/tags?post=13818"}],"curies":[{"name":"wp","href":"https:\/\/api.w.org\/{rel}","templated":true}]}}