{"id":13857,"date":"2021-03-14T18:51:07","date_gmt":"2021-03-14T17:51:07","guid":{"rendered":"http:\/\/limogesabc.com\/?p=13857"},"modified":"2021-03-14T18:51:07","modified_gmt":"2021-03-14T17:51:07","slug":"le-limoges-abc-et-regis-racine-ont-convenu-de-mettre-un-terme-a-leur-collaboration-en-fin-de-saison","status":"publish","type":"post","link":"https:\/\/limogesabc.com\/index.php\/le-limoges-abc-et-regis-racine-ont-convenu-de-mettre-un-terme-a-leur-collaboration-en-fin-de-saison\/","title":{"rendered":"Le Limoges ABC et R\u00e9gis Racine ont convenu de mettre un terme \u00e0 leur collaboration en fin de saison."},"content":{"rendered":"<p style=\"text-align: center;\"><span style=\"color: #003366;\"><strong>COMMUNIQUE<\/strong><\/span><\/p>\n<p><span style=\"color: #003366;\">Le Limoges ABC et R\u00e9gis Racine ont convenu de mettre un terme \u00e0 leur collaboration \u00e0 la fin de cette saison 2020-2021. Cette d\u00e9cision fait suite \u00e0 des entretiens entre le Pr\u00e9sident et le Coach, conduits dans un profond respect mutuel. Le Limoges ABC remercie R\u00e9gis Racine pour ces trois ann\u00e9es au club ponctu\u00e9es notamment d\u2019un titre de Champion de France.\u00a0<\/span><\/p>\n<p><strong>Jean-Paul Robert : <\/strong><\/p>\n<p>\u00ab R\u00e9gis Racine a beaucoup apport\u00e9 au Limoges ABC. Un professionnalisme, une ambition et une volont\u00e9 ind\u00e9fectibles, avec un fort sentiment d\u2019appartenance aux couleurs du club qu\u2019il a toujours d\u00e9fendues. Le seul titre de Champion de France du Limoges ABC, c\u2019est lui et son groupe, une magnifique page \u00e9crite en 2019 du c\u00f4t\u00e9 de Tours. Au-del\u00e0, R\u00e9gis Racine est un homme de parquet, un homme de terrain, un coach exigeant qui ouvre les portes du gymnase le matin et les referme le soir en partant. Il aura pos\u00e9 son empreinte au-del\u00e0 de l\u2019\u00e9quipe premi\u00e8re et il n\u2019est donc pas simple de se s\u00e9parer. Mais la d\u00e9cision est r\u00e9fl\u00e9chie et elle est empreinte de respect. Notre collaboration professionnelle s\u2019arr\u00eatera en fin de saison. Bonne route et merci coach. \u00bb<\/p>\n<p><strong>R\u00e9gis Racine\u00a0:<\/strong><\/p>\n<p>\u00ab\u00a0Il est primordial dans un choix de carri\u00e8re et de vie d&#8217;attacher de l&#8217;importance \u00e0 ses convictions. Ce qui m&#8217;anime aujourd&#8217;hui est avant tout la possibilit\u00e9 d&#8217;\u00eatre heureux dans le partage et la transmission, cette derni\u00e8re saison n&#8217;ayant pas aid\u00e9 sur ce c\u00f4t\u00e9 pratique d&#8217;\u00e9change et de travail. Mais elle m&#8217;a appris et r\u00e9confort\u00e9 sur les besoins imm\u00e9diats et prioritaires pour mon futur.<\/p>\n<p>Je suis revenu au LABC arm\u00e9 d&#8217;un challenge qui consistait \u00e0 nous remettre en ordre de bataille sur l&#8217;\u00e9chiquier local puis national. La vitrine du LABC consistait \u00e0 \u00eatre de nouveau visible et mise en lumi\u00e8re. Elle est maintenant parfum\u00e9e d&#8217;un troph\u00e9e ind\u00e9l\u00e9bile de championne de France. Je suis fier d&#8217;avoir contribu\u00e9 avec l&#8217;ensemble des actrices\/coachs\/b\u00e9n\u00e9voles\/responsables d&#8217;\u00e9quipes\/supporters\/dirigeants et d\u00e9tracteurs (rire !) a ce superbe Final.<\/p>\n<p>Je retiens aussi malgr\u00e9 des arr\u00eats pour cause de pand\u00e9mie, le bon comportement de notre \u00e9quipe pour faire honneur \u00e0 ce retour en NF1 (5\u00e8me en 2019-2020 et 1\u00e8re \u00e0 l\u2019arr\u00eat de cette saison).<\/p>\n<p>Je lance une petite d\u00e9dicace \u00e0 l&#8217;ensemble du sportif qui a su grandir lors de ces trois derni\u00e8res ann\u00e9es avec des r\u00e9sultats probants, de l&#8217;Ecole de basket jusqu&#8217;aux U18 de notre club.<\/p>\n<p>Je retiens bien s\u00fbr l\u2019int\u00e9r\u00eat re(nouveaux) des actrices (joueuses et coach(es) \u00e0 venir nous rejoindre gr\u00e2ce au(x) travail ex\u00e9cut\u00e9(s) par les personnes qui ont pos\u00e9es les premi\u00e8res fondations.<\/p>\n<p>\u00c9tant homme de mission(s) et maladivement d\u00e9termin\u00e9, il \u00e9tait hors de question de laisser un membre de nos \u00e9quipe(s) LABC hors de contr\u00f4le, je me suis permis de naviguer entre toutes les cat\u00e9gories (entra\u00eener-parler-ressasser-gueuler-mais surtout l&#8217;envie de transmettre) mon petit savoir afin qu&#8217;un jour le petit(es) deviennent grand(es).<\/p>\n<p>Homme de formation, ma plus grande fiert\u00e9 a \u00e9t\u00e9 d\u2019emmener des filles de notre cru jusqu&#8217;\u00e0 l&#8217;\u00e9quipe premi\u00e8re\u00a0! Chose faite\u00a0! Avec r\u00e9ussite (championnats\/coupe de France\/quart-finaliste\u00a0!).<\/p>\n<p>Ma plus belle joie a \u00e9t\u00e9 de donner du plaisir et rendre fier cette Salle \u00ab\u00a0Mu\u2019\u00a0\u00bb, gr\u00e2ce \u00e0 notre envie de jouer. Proposer des matchs de qualit\u00e9, discuter et faire notre tour d&#8217;honneur, signe du travail accompli.<\/p>\n<p>Je suis honn\u00eate dans l&#8217;\u00e9change pour vous dire que la d\u00e9cision est m\u00fbrement r\u00e9fl\u00e9chie avec des entretiens r\u00e9p\u00e9t\u00e9s avec notre pr\u00e9sident. Pour avancer, il faut une nouvelle page blanche, une nouvelle direction, un nouveau challenge ! De part et d&#8217;autre.<\/p>\n<p>Le LIMOGES ABC a de la gueule\u00a0!<\/p>\n<p>Le JOB est fait\u00a0!<\/p>\n<p>C&#8217;est avec joie et tranquillit\u00e9 que je vous souhaite une bonne continuation, avec, je n&#8217;en doute pas, le spectre d&#8217;un coach qui gesticulait pour transmettre sa passion pour l&#8217;ensemble de la maison LABC.\u00a0\u00bb<\/p>\n<h6>14 mars 2021<\/h6>\n","protected":false},"excerpt":{"rendered":"<p>COMMUNIQUE Le Limoges ABC et R\u00e9gis Racine ont convenu de mettre un terme \u00e0 leur collaboration \u00e0 la fin de cette saison 2020-2021. Cette d\u00e9cision fait suite \u00e0 des entretiens entre le Pr\u00e9sident et le Coach, conduits dans un profond respect mutuel. Le Limoges ABC remercie R\u00e9gis Racine pour ces trois ann\u00e9es au club ponctu\u00e9es&#8230; <\/p>\n<div class=\"clear\"><\/div>\n<p><a href=\"https:\/\/limogesabc.com\/index.php\/le-limoges-abc-et-regis-racine-ont-convenu-de-mettre-un-terme-a-leur-collaboration-en-fin-de-saison\/\" class=\"excerpt-read-more\">Lire plus<\/a><\/p>\n","protected":false},"author":2,"featured_media":13864,"comment_status":"closed","ping_status":"closed","sticky":false,"template":"","format":"standard","meta":{"_mi_skip_tracking":false,"_exactmetrics_sitenote_active":false,"_exactmetrics_sitenote_note":"","_exactmetrics_sitenote_category":0,"_monsterinsights_skip_tracking":false,"_monsterinsights_sitenote_active":false,"_monsterinsights_sitenote_note":"","_monsterinsights_sitenote_category":0,"footnotes":""},"categories":[79],"tags":[],"class_list":["post-13857","post","type-post","status-publish","format-standard","has-post-thumbnail","hentry","category-actualites"],"aioseo_notices":[],"_links":{"self":[{"href":"https:\/\/limogesabc.com\/index.php\/wp-json\/wp\/v2\/posts\/13857","targetHints":{"allow":["GET"]}}],"collection":[{"href":"https:\/\/limogesabc.com\/index.php\/wp-json\/wp\/v2\/posts"}],"about":[{"href":"https:\/\/limogesabc.com\/index.php\/wp-json\/wp\/v2\/types\/post"}],"author":[{"embeddable":true,"href":"https:\/\/limogesabc.com\/index.php\/wp-json\/wp\/v2\/users\/2"}],"replies":[{"embeddable":true,"href":"https:\/\/limogesabc.com\/index.php\/wp-json\/wp\/v2\/comments?post=13857"}],"version-history":[{"count":7,"href":"https:\/\/limogesabc.com\/index.php\/wp-json\/wp\/v2\/posts\/13857\/revisions"}],"predecessor-version":[{"id":13865,"href":"https:\/\/limogesabc.com\/index.php\/wp-json\/wp\/v2\/posts\/13857\/revisions\/13865"}],"wp:featuredmedia":[{"embeddable":true,"href":"https:\/\/limogesabc.com\/index.php\/wp-json\/wp\/v2\/media\/13864"}],"wp:attachment":[{"href":"https:\/\/limogesabc.com\/index.php\/wp-json\/wp\/v2\/media?parent=13857"}],"wp:term":[{"taxonomy":"category","embeddable":true,"href":"https:\/\/limogesabc.com\/index.php\/wp-json\/wp\/v2\/categories?post=13857"},{"taxonomy":"post_tag","embeddable":true,"href":"https:\/\/limogesabc.com\/index.php\/wp-json\/wp\/v2\/tags?post=13857"}],"curies":[{"name":"wp","href":"https:\/\/api.w.org\/{rel}","templated":true}]}}