{"id":13875,"date":"2021-04-01T20:27:53","date_gmt":"2021-04-01T18:27:53","guid":{"rendered":"http:\/\/limogesabc.com\/?p=13875"},"modified":"2021-04-01T20:30:15","modified_gmt":"2021-04-01T18:30:15","slug":"romain-leclaircie-coachera-la-nf1","status":"publish","type":"post","link":"https:\/\/limogesabc.com\/index.php\/romain-leclaircie-coachera-la-nf1\/","title":{"rendered":"Romain Leclaircie coachera la NF1"},"content":{"rendered":"<p><span style=\"color: #000000;\"><strong>Romain Leclaircie<\/strong> prendra les r\u00eanes de l&#8217;\u00e9quipe NF1 du Limoges ABC pour la saison 2021-2022. L&#8217;assistant de R\u00e9gis Racine depuis trois saisons, qui \u00e9tait aussi entra\u00eeneur et coach des U18 Elite du Limoges ABC, connait le championnat de France NF1 mais va d\u00e9couvrir le coaching principal dans une p\u00e9riode atypique, marqu\u00e9e par deux saisons sans mont\u00e9e et descente dans notre championnat.\u00a0 <\/span><\/p>\n<p><span style=\"color: #003366;\"><strong> Le Pr\u00e9sident Jean-Paul Robert<\/strong> officialise cette d\u00e9cision ce jeudi :\u00a0\u00ab\u00a0<em>Ma d\u00e9cision de proposer \u00e0 Romain ce poste de responsabilit\u00e9 va permettre une transition interne facile avec un entra\u00eeneur tr\u00e8s motiv\u00e9, attach\u00e9 aux valeurs du Limoges ABC et sensible \u00e0 la formation de la joueuse. Entre continuit\u00e9 avec le travail de ces derni\u00e8res ann\u00e9es et nouvelles ambitions pour notre \u00e9quipe premi\u00e8re, le challenge est passionnant. Les parpaings sont solides, la feuille de route est trac\u00e9e. C&#8217;est une bonne nouvelle pour le club et pour notre projet sportif dans une p\u00e9riode compliqu\u00e9e pour le sport. \u00bb<\/em><\/span><\/p>\n<p><span style=\"color: #003366;\">Le Pr\u00e9sident s&#8217;exprimera dans le courant de la semaine prochaine.<strong>\u00a0<\/strong><\/span><\/p>\n<p><span style=\"color: #993366;\"><span style=\"color: #800080;\"><strong>BIO<\/strong> <\/span><span style=\"color: #000000;\"><span style=\"color: #800080;\"><strong>Romain Leclaircie<\/strong> <\/span>est n\u00e9 \u00e0 Limoges le 17 ao\u00fbt 1991. Il a quinze ans de pratique de joueur et a rapidement pass\u00e9 ses premiers dipl\u00f4mes de coach. Alors qu&#8217;il est entra\u00eeneur au Limoges Landouge Basket, il passe son CQP 3 (2016) et rejoint le Limoges ABC en ao\u00fbt 2016 sur un contrat d&#8217;avenir. Il coach alors l\u2019\u00e9quipe U15 R\u00e9gion dans le cadre de la CTC \u00ab Limoges Esprit Basket F\u00e9minin \u00bb et intervient sur l&#8217;Ecole de MiniBasket. En 2017-2018, il coach en Championnat de France NF3 (avec Paulin Chanteloup) et en Championnat U15 Nouvelle-Aquitaine. Le club reconduit son contrat de travail et il entre en formation DE-JEPS Basket en septembre 2018 tout en \u00e9tant assistant de R\u00e9gis Racine qui vient de prendre l&#8217;\u00e9quipe NF2. Romain finit la saison avec un titre de Champion de France acquis par l&#8217;\u00e9quipe et le staff du c\u00f4t\u00e9 de Tours. Une belle page de l&#8217;histoire du club. Romain Leclaircie valide son Dipl\u00f4me d&#8217;Etat en 2019 et coach les U18 Elite avec lesquelles il accroche le Groupe A (d\u00e9cembre 2019) parmi les 24 meilleures \u00e9quipes fran\u00e7aises. Depuis deux ans, Romain double U18 Elite (coach) et NF2-NF1 (assistant) tout en assurant le projet p\u00e9dagogique de l&#8217;Ecole de Basket et la coordination du secteur amateur du Limoges ABC.<\/span><\/span><\/p>\n<p><span style=\"color: #000000;\">Le coach Romain Leclaircie r\u00e9pondra demain \u00e0 une interview sur notre site.<\/span><\/p>\n<h6>1er avril 2021<\/h6>\n","protected":false},"excerpt":{"rendered":"<p>Romain Leclaircie prendra les r\u00eanes de l&#8217;\u00e9quipe NF1 du Limoges ABC pour la saison 2021-2022. L&#8217;assistant de R\u00e9gis Racine depuis trois saisons, qui \u00e9tait aussi entra\u00eeneur et coach des U18 Elite du Limoges ABC, connait le championnat de France NF1 mais va d\u00e9couvrir le coaching principal dans une p\u00e9riode atypique, marqu\u00e9e par deux saisons sans&#8230; <\/p>\n<div class=\"clear\"><\/div>\n<p><a href=\"https:\/\/limogesabc.com\/index.php\/romain-leclaircie-coachera-la-nf1\/\" class=\"excerpt-read-more\">Lire plus<\/a><\/p>\n","protected":false},"author":2,"featured_media":13873,"comment_status":"closed","ping_status":"closed","sticky":false,"template":"","format":"standard","meta":{"_mi_skip_tracking":false,"_exactmetrics_sitenote_active":false,"_exactmetrics_sitenote_note":"","_exactmetrics_sitenote_category":0,"_monsterinsights_skip_tracking":false,"_monsterinsights_sitenote_active":false,"_monsterinsights_sitenote_note":"","_monsterinsights_sitenote_category":0,"footnotes":""},"categories":[79,90],"tags":[],"class_list":["post-13875","post","type-post","status-publish","format-standard","has-post-thumbnail","hentry","category-actualites","category-nf1"],"aioseo_notices":[],"_links":{"self":[{"href":"https:\/\/limogesabc.com\/index.php\/wp-json\/wp\/v2\/posts\/13875","targetHints":{"allow":["GET"]}}],"collection":[{"href":"https:\/\/limogesabc.com\/index.php\/wp-json\/wp\/v2\/posts"}],"about":[{"href":"https:\/\/limogesabc.com\/index.php\/wp-json\/wp\/v2\/types\/post"}],"author":[{"embeddable":true,"href":"https:\/\/limogesabc.com\/index.php\/wp-json\/wp\/v2\/users\/2"}],"replies":[{"embeddable":true,"href":"https:\/\/limogesabc.com\/index.php\/wp-json\/wp\/v2\/comments?post=13875"}],"version-history":[{"count":2,"href":"https:\/\/limogesabc.com\/index.php\/wp-json\/wp\/v2\/posts\/13875\/revisions"}],"predecessor-version":[{"id":13877,"href":"https:\/\/limogesabc.com\/index.php\/wp-json\/wp\/v2\/posts\/13875\/revisions\/13877"}],"wp:featuredmedia":[{"embeddable":true,"href":"https:\/\/limogesabc.com\/index.php\/wp-json\/wp\/v2\/media\/13873"}],"wp:attachment":[{"href":"https:\/\/limogesabc.com\/index.php\/wp-json\/wp\/v2\/media?parent=13875"}],"wp:term":[{"taxonomy":"category","embeddable":true,"href":"https:\/\/limogesabc.com\/index.php\/wp-json\/wp\/v2\/categories?post=13875"},{"taxonomy":"post_tag","embeddable":true,"href":"https:\/\/limogesabc.com\/index.php\/wp-json\/wp\/v2\/tags?post=13875"}],"curies":[{"name":"wp","href":"https:\/\/api.w.org\/{rel}","templated":true}]}}