{"id":13879,"date":"2021-04-03T14:28:47","date_gmt":"2021-04-03T12:28:47","guid":{"rendered":"http:\/\/limogesabc.com\/?p=13879"},"modified":"2021-04-10T22:29:05","modified_gmt":"2021-04-10T20:29:05","slug":"la-pratique-sportive-autorisations-et-interdits","status":"publish","type":"post","link":"https:\/\/limogesabc.com\/index.php\/la-pratique-sportive-autorisations-et-interdits\/","title":{"rendered":"La pratique sportive, autorisations et interdits"},"content":{"rendered":"<p><span style=\"color: #003366;\"><strong>Suite aux annonces du Pr\u00e9sident de la R\u00e9publique, voici les nouvelles mesures qui entrent en vigueur pour le sport \u00e0 partir du samedi 3 avril 2021 \u00e0 minuit (actualis\u00e9 au 9 avril).<\/strong><\/span><\/p>\n<p><strong>LIENS :<\/strong> <a href=\"https:\/\/sports.gouv.fr\/accueil-du-site\/actualites\/article\/application-des-decisions-sanitaires-pour-le-sport-a-partir-du-3-avril\">Application des d\u00e9cisions sanitaires pour le sport \u00e0 partir (&#8230;) &#8211; (sports.gouv.fr)<\/a><\/p>\n<p><a href=\"https:\/\/sports.gouv.fr\/IMG\/pdf\/decisionssanitairestableau09042021.pdf\">decisionssanitairestableau09042021.pdf (sports.gouv.fr)<\/a><\/p>\n<p><a href=\"https:\/\/www.legifrance.gouv.fr\/jorf\/id\/JORFTEXT000043327303\">https:\/\/www.legifrance.gouv.fr\/jorf\/id\/JORFTEXT000043327303<\/a><\/p>\n<p><span style=\"color: #003366;\"><strong>R\u00e9sum\u00e9 des protocoles sanitaires:<\/strong> La pratique sportive reste autoris\u00e9e en ext\u00e9rieur avec des contraintes : pas de contacts (donc pas de pratique collective, pas d&#8217;opposition), une distanciation physique (le tableau dit qu&#8217;elle doit \u00eatre de 2 m\u00e8tres), et les pratiquants doivent \u00eatre \u00e0 moins de 10 kms de leur domicile, dans le respect des horaires de couvre-feu. Toutes ces contraintes s&#8217;appliquent partout. <\/span><\/p>\n<p><span style=\"color: #003366;\"><strong>Le nombre :<\/strong> Sur l&#8217;espace public, les groupes autoris\u00e9s sont au maximum de <strong>six personnes<\/strong>. Dans les ERP PA (Plein Air), type Beaublanc, le nombre maximal de six n&#8217;est pas indiqu\u00e9.\u00a0<\/span><\/p>\n<p><span style=\"color: #003366;\">Sportifs professionnels et de haut niveau : statut d\u00e9rogatoire, comme pr\u00e9c\u00e9demment.\u00a0<\/span><\/p>\n<h6>3 avril 2021, actualis\u00e9 au 9 avril<\/h6>\n","protected":false},"excerpt":{"rendered":"<p>Suite aux annonces du Pr\u00e9sident de la R\u00e9publique, voici les nouvelles mesures qui entrent en vigueur pour le sport \u00e0 partir du samedi 3 avril 2021 \u00e0 minuit (actualis\u00e9 au 9 avril). LIENS : Application des d\u00e9cisions sanitaires pour le sport \u00e0 partir (&#8230;) &#8211; (sports.gouv.fr) decisionssanitairestableau09042021.pdf (sports.gouv.fr) https:\/\/www.legifrance.gouv.fr\/jorf\/id\/JORFTEXT000043327303 R\u00e9sum\u00e9 des protocoles sanitaires: La pratique&#8230; <\/p>\n<div class=\"clear\"><\/div>\n<p><a href=\"https:\/\/limogesabc.com\/index.php\/la-pratique-sportive-autorisations-et-interdits\/\" class=\"excerpt-read-more\">Lire plus<\/a><\/p>\n","protected":false},"author":2,"featured_media":13880,"comment_status":"closed","ping_status":"closed","sticky":false,"template":"","format":"standard","meta":{"_mi_skip_tracking":false,"_exactmetrics_sitenote_active":false,"_exactmetrics_sitenote_note":"","_exactmetrics_sitenote_category":0,"_monsterinsights_skip_tracking":false,"_monsterinsights_sitenote_active":false,"_monsterinsights_sitenote_note":"","_monsterinsights_sitenote_category":0,"footnotes":""},"categories":[79],"tags":[],"class_list":["post-13879","post","type-post","status-publish","format-standard","has-post-thumbnail","hentry","category-actualites"],"aioseo_notices":[],"_links":{"self":[{"href":"https:\/\/limogesabc.com\/index.php\/wp-json\/wp\/v2\/posts\/13879","targetHints":{"allow":["GET"]}}],"collection":[{"href":"https:\/\/limogesabc.com\/index.php\/wp-json\/wp\/v2\/posts"}],"about":[{"href":"https:\/\/limogesabc.com\/index.php\/wp-json\/wp\/v2\/types\/post"}],"author":[{"embeddable":true,"href":"https:\/\/limogesabc.com\/index.php\/wp-json\/wp\/v2\/users\/2"}],"replies":[{"embeddable":true,"href":"https:\/\/limogesabc.com\/index.php\/wp-json\/wp\/v2\/comments?post=13879"}],"version-history":[{"count":7,"href":"https:\/\/limogesabc.com\/index.php\/wp-json\/wp\/v2\/posts\/13879\/revisions"}],"predecessor-version":[{"id":13919,"href":"https:\/\/limogesabc.com\/index.php\/wp-json\/wp\/v2\/posts\/13879\/revisions\/13919"}],"wp:featuredmedia":[{"embeddable":true,"href":"https:\/\/limogesabc.com\/index.php\/wp-json\/wp\/v2\/media\/13880"}],"wp:attachment":[{"href":"https:\/\/limogesabc.com\/index.php\/wp-json\/wp\/v2\/media?parent=13879"}],"wp:term":[{"taxonomy":"category","embeddable":true,"href":"https:\/\/limogesabc.com\/index.php\/wp-json\/wp\/v2\/categories?post=13879"},{"taxonomy":"post_tag","embeddable":true,"href":"https:\/\/limogesabc.com\/index.php\/wp-json\/wp\/v2\/tags?post=13879"}],"curies":[{"name":"wp","href":"https:\/\/api.w.org\/{rel}","templated":true}]}}