{"id":13925,"date":"2021-04-20T18:01:54","date_gmt":"2021-04-20T16:01:54","guid":{"rendered":"http:\/\/limogesabc.com\/?p=13925"},"modified":"2021-04-22T21:06:46","modified_gmt":"2021-04-22T19:06:46","slug":"sportez-vous-bien-quartiers-entrainements-le-club-est-dans-la-ville","status":"publish","type":"post","link":"https:\/\/limogesabc.com\/index.php\/sportez-vous-bien-quartiers-entrainements-le-club-est-dans-la-ville\/","title":{"rendered":"Sportez-vous bien, quartiers, entra\u00eenements, le club est dans la ville !"},"content":{"rendered":"<p><span style=\"color: #003366;\">Les contraintes sanitaires nous bloquent et nous emp\u00eachent d&#8217;\u00eatre en gymnase et de pratiquer le basket en opposition ou en comp\u00e9tition. Mais qu&#8217;\u00e0 cela ne tienne ! Nous investissons les Play Ground, Beaublanc, Ch\u00e9ops, Le Sablard, les bords de Vienne, partout o\u00f9 le sport peut trouver une petite place. Dans le respect des contraintes sanitaires, sans opposition et en gardant les limites de public accueilli. Exemple aujourd&#8217;hui mardi o\u00f9 nous \u00e9tions pr\u00e9sents \u00e0 la fois aux Portes-Ferr\u00e9es (Quartiers Solidaires) et \u00e0 Beaublanc (Sportez-vous bien). Avec Romain (coach), Ludivine et Maya d&#8217;une part. Avec Marie-Lys et Justine d&#8217;autre part pour les Sportez-vous bien puis demain Khady et Oumi et ainsi jusqu&#8217;\u00e0 la fin de semaine !\u00a0<\/span><\/p>\n<p>Nos \u00e9quipes s&#8217;entrainent au moins une fois par semaine, bien s\u00fbr en ext\u00e9rieur avec les filles qui le souhaitent et sont disponibles. Merci aussi \u00e0 R\u00e9gis qui continue l&#8217;entra\u00eenement pro Salle Mu&#8217; sur un cr\u00e9neau le soir. Merci \u00e0 Emilie qui organise les Quartiers Solidaires avec les associations et les Centres sociaux. Merci toujours aux coaches de toutes nos \u00e9quipes car ils se bougent et c&#8217;est tant mieux.<\/p>\n<h6>20 avril 2021<\/h6>\n<div class=\"gdlr-shortcode-wrapper\"><div class=\"gdlr-gallery-item gdlr-item\" ><div class=\"gallery-column four columns\"><div class=\"gallery-item\"><a href=\"https:\/\/limogesabc.com\/index.php\/sportez-vous-bien-quartiers-entrainements-le-club-est-dans-la-ville\/svbien_153010\/\" title=\"SVBIEN_153010\" data-rel=\"fancybox\" ><img decoding=\"async\" src=\"https:\/\/limogesabc.com\/wp-content\/uploads\/2021\/04\/SVBIEN_153010-150x113.jpg\" alt=\"\" width=\"150\" height=\"113\" \/><\/a><span class=\"gallery-caption\"><\/span><\/div><\/div><div class=\"gallery-column four columns\"><div class=\"gallery-item\"><a href=\"https:\/\/limogesabc.com\/index.php\/sportez-vous-bien-quartiers-entrainements-le-club-est-dans-la-ville\/svbien_153637\/\" title=\"SVBIEN_153637\" data-rel=\"fancybox\" ><img decoding=\"async\" src=\"https:\/\/limogesabc.com\/wp-content\/uploads\/2021\/04\/SVBIEN_153637-150x113.jpg\" alt=\"\" width=\"150\" height=\"113\" \/><\/a><span class=\"gallery-caption\"><\/span><\/div><\/div><div class=\"gallery-column four columns\"><div class=\"gallery-item\"><a href=\"https:\/\/limogesabc.com\/index.php\/sportez-vous-bien-quartiers-entrainements-le-club-est-dans-la-ville\/svbien_153657\/\" title=\"SVBIEN_153657\" data-rel=\"fancybox\" ><img decoding=\"async\" src=\"https:\/\/limogesabc.com\/wp-content\/uploads\/2021\/04\/SVBIEN_153657-150x113.jpg\" alt=\"\" width=\"150\" height=\"113\" \/><\/a><span class=\"gallery-caption\"><\/span><\/div><\/div><div class=\"clear\"><\/div><\/div><\/div>\n","protected":false},"excerpt":{"rendered":"<p>Les contraintes sanitaires nous bloquent et nous emp\u00eachent d&#8217;\u00eatre en gymnase et de pratiquer le basket en opposition ou en comp\u00e9tition. Mais qu&#8217;\u00e0 cela ne tienne ! Nous investissons les Play Ground, Beaublanc, Ch\u00e9ops, Le Sablard, les bords de Vienne, partout o\u00f9 le sport peut trouver une petite place. Dans le respect des contraintes sanitaires,&#8230; <\/p>\n<div class=\"clear\"><\/div>\n<p><a href=\"https:\/\/limogesabc.com\/index.php\/sportez-vous-bien-quartiers-entrainements-le-club-est-dans-la-ville\/\" class=\"excerpt-read-more\">Lire plus<\/a><\/p>\n","protected":false},"author":2,"featured_media":13928,"comment_status":"closed","ping_status":"closed","sticky":false,"template":"","format":"standard","meta":{"_mi_skip_tracking":false,"_exactmetrics_sitenote_active":false,"_exactmetrics_sitenote_note":"","_exactmetrics_sitenote_category":0,"_monsterinsights_skip_tracking":false,"_monsterinsights_sitenote_active":false,"_monsterinsights_sitenote_note":"","_monsterinsights_sitenote_category":0,"footnotes":""},"categories":[79,104,114],"tags":[],"class_list":["post-13925","post","type-post","status-publish","format-standard","has-post-thumbnail","hentry","category-actualites","category-labc-citoyen","category-quartiers-solidaires"],"aioseo_notices":[],"_links":{"self":[{"href":"https:\/\/limogesabc.com\/index.php\/wp-json\/wp\/v2\/posts\/13925","targetHints":{"allow":["GET"]}}],"collection":[{"href":"https:\/\/limogesabc.com\/index.php\/wp-json\/wp\/v2\/posts"}],"about":[{"href":"https:\/\/limogesabc.com\/index.php\/wp-json\/wp\/v2\/types\/post"}],"author":[{"embeddable":true,"href":"https:\/\/limogesabc.com\/index.php\/wp-json\/wp\/v2\/users\/2"}],"replies":[{"embeddable":true,"href":"https:\/\/limogesabc.com\/index.php\/wp-json\/wp\/v2\/comments?post=13925"}],"version-history":[{"count":4,"href":"https:\/\/limogesabc.com\/index.php\/wp-json\/wp\/v2\/posts\/13925\/revisions"}],"predecessor-version":[{"id":13935,"href":"https:\/\/limogesabc.com\/index.php\/wp-json\/wp\/v2\/posts\/13925\/revisions\/13935"}],"wp:featuredmedia":[{"embeddable":true,"href":"https:\/\/limogesabc.com\/index.php\/wp-json\/wp\/v2\/media\/13928"}],"wp:attachment":[{"href":"https:\/\/limogesabc.com\/index.php\/wp-json\/wp\/v2\/media?parent=13925"}],"wp:term":[{"taxonomy":"category","embeddable":true,"href":"https:\/\/limogesabc.com\/index.php\/wp-json\/wp\/v2\/categories?post=13925"},{"taxonomy":"post_tag","embeddable":true,"href":"https:\/\/limogesabc.com\/index.php\/wp-json\/wp\/v2\/tags?post=13925"}],"curies":[{"name":"wp","href":"https:\/\/api.w.org\/{rel}","templated":true}]}}