{"id":14076,"date":"2021-07-22T22:11:28","date_gmt":"2021-07-22T20:11:28","guid":{"rendered":"http:\/\/limogesabc.com\/?p=14076"},"modified":"2021-07-22T22:11:28","modified_gmt":"2021-07-22T20:11:28","slug":"le-pass-sanitaire-et-la-pratique-du-sport-21-juillet","status":"publish","type":"post","link":"https:\/\/limogesabc.com\/index.php\/le-pass-sanitaire-et-la-pratique-du-sport-21-juillet\/","title":{"rendered":"Le Pass Sanitaire et la pratique du sport (21 juillet)"},"content":{"rendered":"<p>Les conditions sanitaires de pratique du sport viennent de faire l&#8217;objet d&#8217;actualisations, s<span style=\"font-size: 13.0pt; font-family: 'Arial',sans-serif;\">uite \u00e0 la publication du d\u00e9cret du 19 juillet 2021 : <a href=\"https:\/\/www.legifrance.gouv.fr\/jorf\/id\/JORFTEXT000043806125\">https:\/\/www.legifrance.gouv.fr\/jorf\/id\/JORFTEXT000043806125<\/a><\/span><\/p>\n<p><span style=\"font-size: 13.0pt; font-family: 'Arial',sans-serif;\">Le &#8220;<strong>Pass\u00a0 sanitaire<\/strong>&#8221; s&#8217;applique dans les \u00e9tablissements recevant du public, accueillant au moins 50 personnes et class\u00e9s X ou PA, mais \u00e9galement pour tous les \u00e9v\u00e8nements ou manifestations sportives sur la voie publique ou dans un lieu ouvert au public et <u>susceptibles de donner lieu \u00e0 un contr\u00f4le de l&#8217;acc\u00e8s des personnes<\/u>\u00a0<\/span><\/p>\n<p><span style=\"font-size: 13.0pt; font-family: 'Arial',sans-serif;\">De plus, les manifestations sportives qui font l&#8217;objet d&#8217;une d\u00e9claration ou d&#8217;une autorisation (comp\u00e9titions sportives sur la voie publique, sports m\u00e9caniques sur circuit ou terrain homologu\u00e9) et qui accueillent au moins 50 sportifs par \u00e9preuve sont \u00e9galement soumises au Pass sanitaire. Les comp\u00e9titions r\u00e9serv\u00e9es aux <strong>sportifs professionnels<\/strong> ou de haut niveau \u00e9chappent \u00e0 cette obligation.<\/span><\/p>\n<p><span style=\"font-size: 13.0pt; font-family: 'Arial',sans-serif;\">Le seuil de 50 personnes doit\u00a0 \u00eatre entendu de la mani\u00e8re suivante : <em><span style=\"font-family: 'Arial',sans-serif;\">Le seuil de 50 personnes est d\u00e9termin\u00e9 en fonction du nombre de personnes dont l&#8217;accueil <\/span><\/em><strong><i><span style=\"font-family: 'Arial',sans-serif;\">est pr\u00e9vu <\/span><\/i><\/strong><em><span style=\"font-family: 'Arial',sans-serif;\">par l&#8217;exploitant de l&#8217;\u00e9tablissement ou du lieu, ou par l&#8217;organisateur de l&#8217;\u00e9v\u00e9nement, en fonction des r\u00e8gles qui leur sont applicables et des limitations pr\u00e9vues par le <\/span><\/em>d\u00e9cret. Cela veut dire que l&#8217;exploitant de l&#8217;\u00e9tablissement, ou l&#8217;organisateur de la manifestation, d\u00e9cide de la jauge qu&#8217;il entend appliquer pour l&#8217;acc\u00e8s \u00e0 l&#8217;\u00e9tablissement ou la manifestation. La jauge se calcule en cumulant l&#8217;effectif attendu sur la journ\u00e9e ou la demi-journ\u00e9e, lorsque l&#8217;\u00e9tablissement ferme pour la pause m\u00e9ridienne. L&#8217;obligation de Pass sanitaire s&#8217;entend d\u00e8s le premier client ou usager. Un syst\u00e8me de d\u00e9compte fiable des entr\u00e9es devra permettre la v\u00e9rification de l&#8217;effectif pr\u00e9sent \u00e0 tout moment. L&#8217;effectif prend en compte toutes les personnes quelque soit leur \u00e2ge, sauf les salari\u00e9s et b\u00e9n\u00e9voles de la structure.<\/span><\/p>\n<p><span style=\"font-size: 13.0pt; font-family: 'Arial',sans-serif;\">Pour l&#8217;accueil des groupes de <strong>mineurs\u00a0 encadr\u00e9s<\/strong> (accueils de loisirs, s\u00e9jours sportifs&#8230;), seuls les encadrants sont soumis \u00e0 l&#8217;obligation du Pass Sanitaire, les mineurs de 12 \u00e0 17 ans en \u00e9tant dispens\u00e9s jusqu&#8217;au 30 ao\u00fbt (ils rentrent cependant dans le calcul des 50).<\/span><\/p>\n<p><span style=\"font-size: 13.0pt; font-family: 'Arial',sans-serif;\">De plus, j&#8217;appelle votre attention sur le projet de loi actuellement en discussion avec des dispositions appel\u00e9es \u00e0 \u00e9voluer d\u00e8s le 1er ao\u00fbt (Pass sanitaire d\u00e8s le premier entrant), puis Pass sanitaire applicable \u00e0 tous les salari\u00e9s et b\u00e9n\u00e9voles (30 ao\u00fbt) et vous invite d\u00e8s \u00e0 pr\u00e9sent \u00e0 prendre des dispositions afin d&#8217;inscrire vos activit\u00e9s dans cette trajectoire annonc\u00e9e.<\/span><\/p>\n<h6><span style=\"color: #993300;\">(Communiqu\u00e9 de l&#8217;Etat, 21 juillet 2021)<\/span><\/h6>\n","protected":false},"excerpt":{"rendered":"<p>Les conditions sanitaires de pratique du sport viennent de faire l&#8217;objet d&#8217;actualisations, suite \u00e0 la publication du d\u00e9cret du 19 juillet 2021 : https:\/\/www.legifrance.gouv.fr\/jorf\/id\/JORFTEXT000043806125 Le &#8220;Pass\u00a0 sanitaire&#8221; s&#8217;applique dans les \u00e9tablissements recevant du public, accueillant au moins 50 personnes et class\u00e9s X ou PA, mais \u00e9galement pour tous les \u00e9v\u00e8nements ou manifestations sportives sur la&#8230; <\/p>\n<div class=\"clear\"><\/div>\n<p><a href=\"https:\/\/limogesabc.com\/index.php\/le-pass-sanitaire-et-la-pratique-du-sport-21-juillet\/\" class=\"excerpt-read-more\">Lire plus<\/a><\/p>\n","protected":false},"author":2,"featured_media":14077,"comment_status":"closed","ping_status":"closed","sticky":false,"template":"","format":"standard","meta":{"_mi_skip_tracking":false,"_exactmetrics_sitenote_active":false,"_exactmetrics_sitenote_note":"","_exactmetrics_sitenote_category":0,"_monsterinsights_skip_tracking":false,"_monsterinsights_sitenote_active":false,"_monsterinsights_sitenote_note":"","_monsterinsights_sitenote_category":0,"footnotes":""},"categories":[79],"tags":[],"class_list":["post-14076","post","type-post","status-publish","format-standard","has-post-thumbnail","hentry","category-actualites"],"aioseo_notices":[],"_links":{"self":[{"href":"https:\/\/limogesabc.com\/index.php\/wp-json\/wp\/v2\/posts\/14076","targetHints":{"allow":["GET"]}}],"collection":[{"href":"https:\/\/limogesabc.com\/index.php\/wp-json\/wp\/v2\/posts"}],"about":[{"href":"https:\/\/limogesabc.com\/index.php\/wp-json\/wp\/v2\/types\/post"}],"author":[{"embeddable":true,"href":"https:\/\/limogesabc.com\/index.php\/wp-json\/wp\/v2\/users\/2"}],"replies":[{"embeddable":true,"href":"https:\/\/limogesabc.com\/index.php\/wp-json\/wp\/v2\/comments?post=14076"}],"version-history":[{"count":1,"href":"https:\/\/limogesabc.com\/index.php\/wp-json\/wp\/v2\/posts\/14076\/revisions"}],"predecessor-version":[{"id":14078,"href":"https:\/\/limogesabc.com\/index.php\/wp-json\/wp\/v2\/posts\/14076\/revisions\/14078"}],"wp:featuredmedia":[{"embeddable":true,"href":"https:\/\/limogesabc.com\/index.php\/wp-json\/wp\/v2\/media\/14077"}],"wp:attachment":[{"href":"https:\/\/limogesabc.com\/index.php\/wp-json\/wp\/v2\/media?parent=14076"}],"wp:term":[{"taxonomy":"category","embeddable":true,"href":"https:\/\/limogesabc.com\/index.php\/wp-json\/wp\/v2\/categories?post=14076"},{"taxonomy":"post_tag","embeddable":true,"href":"https:\/\/limogesabc.com\/index.php\/wp-json\/wp\/v2\/tags?post=14076"}],"curies":[{"name":"wp","href":"https:\/\/api.w.org\/{rel}","templated":true}]}}