{"id":15636,"date":"2022-03-28T10:03:53","date_gmt":"2022-03-28T08:03:53","guid":{"rendered":"http:\/\/limogesabc.com\/?p=15636"},"modified":"2022-03-28T10:03:53","modified_gmt":"2022-03-28T08:03:53","slug":"kayna-et-oceane-au-challenge-benjamines-a-brive","status":"publish","type":"post","link":"https:\/\/limogesabc.com\/index.php\/kayna-et-oceane-au-challenge-benjamines-a-brive\/","title":{"rendered":"Kayna et Oc\u00e9ane au Challenge Benjamines \u00e0 Brive"},"content":{"rendered":"<p>Kayna Alagnous et Oc\u00e9ane Giry \u00e9taient \u00e0 Brive ce dimanche apr\u00e8s-midi, en Finale r\u00e9gionale Est du Challenge benjamins et benjamines. Les deux joueuses U13 du Limoges ABC tentaient de d\u00e9crocher leur place pour la finale nationale \u00e0 l\u2019Accor Arena, lors des finales de Coupe de France.<\/p>\n<p>\ud83d\udd35\ud83d\udd34 Kayna termine 3\u00e8me du Challenge avec 47 points, derri\u00e8re Pauline Gay, une licenci\u00e9e de l&#8217;AL Eyzerac (Dordogne) qui a 51 points et une autre joueuse qui a 48 points. Podium mais pas de qualification pour la Finale nationale. C&#8217;est tr\u00e8s bien quand m\u00eame &#8230; Oc\u00e9ane est un peu plus loin mais elle n&#8217;a pas su son r\u00e9sultat. Bravo les filles !<\/p>\n<p>Les jeunes U13 ont particip\u00e9 \u00e0 plusieurs \u00e9preuves sur la base de fondamentaux \u00e0 ma\u00eetriser en U13. Kayna et Oc\u00e9ane repr\u00e9sentaient le Comit\u00e9 Haute-Vienne, avec Ma\u00ebllis Deserbais et Apolline Martin-Aires (Asptt Limoges). Le Challenge \u00e9tait organis\u00e9 par la Ligue Nouvelle-Aquitaine de Basket Ball.<\/p>\n<p><a href=\"https:\/\/limogesabc.com\/index.php\/kayna-et-oceane-au-challenge-benjamines-a-brive\/2022-02-24-naq-evenementiel-liste-qualifies-challenge-benjamins-brive\/\" rel=\"attachment wp-att-15637\">2022-02-24 NAQ EVENEMENTIEL &#8211; Liste qualifi\u00e9s Challenge Benjamins &#8211; BRIVE<\/a><\/p>\n","protected":false},"excerpt":{"rendered":"<p>Kayna Alagnous et Oc\u00e9ane Giry \u00e9taient \u00e0 Brive ce dimanche apr\u00e8s-midi, en Finale r\u00e9gionale Est du Challenge benjamins et benjamines. Les deux joueuses U13 du Limoges ABC tentaient de d\u00e9crocher leur place pour la finale nationale \u00e0 l\u2019Accor Arena, lors des finales de Coupe de France. \ud83d\udd35\ud83d\udd34 Kayna termine 3\u00e8me du Challenge avec 47 points,&#8230; <\/p>\n<div class=\"clear\"><\/div>\n<p><a href=\"https:\/\/limogesabc.com\/index.php\/kayna-et-oceane-au-challenge-benjamines-a-brive\/\" class=\"excerpt-read-more\">Lire plus<\/a><\/p>\n","protected":false},"author":2,"featured_media":15638,"comment_status":"closed","ping_status":"closed","sticky":false,"template":"","format":"standard","meta":{"_mi_skip_tracking":false,"_exactmetrics_sitenote_active":false,"_exactmetrics_sitenote_note":"","_exactmetrics_sitenote_category":0,"_monsterinsights_skip_tracking":false,"_monsterinsights_sitenote_active":false,"_monsterinsights_sitenote_note":"","_monsterinsights_sitenote_category":0,"footnotes":""},"categories":[79,92,118],"tags":[],"class_list":["post-15636","post","type-post","status-publish","format-standard","has-post-thumbnail","hentry","category-actualites","category-autres_equipes","category-formation"],"aioseo_notices":[],"_links":{"self":[{"href":"https:\/\/limogesabc.com\/index.php\/wp-json\/wp\/v2\/posts\/15636","targetHints":{"allow":["GET"]}}],"collection":[{"href":"https:\/\/limogesabc.com\/index.php\/wp-json\/wp\/v2\/posts"}],"about":[{"href":"https:\/\/limogesabc.com\/index.php\/wp-json\/wp\/v2\/types\/post"}],"author":[{"embeddable":true,"href":"https:\/\/limogesabc.com\/index.php\/wp-json\/wp\/v2\/users\/2"}],"replies":[{"embeddable":true,"href":"https:\/\/limogesabc.com\/index.php\/wp-json\/wp\/v2\/comments?post=15636"}],"version-history":[{"count":2,"href":"https:\/\/limogesabc.com\/index.php\/wp-json\/wp\/v2\/posts\/15636\/revisions"}],"predecessor-version":[{"id":15640,"href":"https:\/\/limogesabc.com\/index.php\/wp-json\/wp\/v2\/posts\/15636\/revisions\/15640"}],"wp:featuredmedia":[{"embeddable":true,"href":"https:\/\/limogesabc.com\/index.php\/wp-json\/wp\/v2\/media\/15638"}],"wp:attachment":[{"href":"https:\/\/limogesabc.com\/index.php\/wp-json\/wp\/v2\/media?parent=15636"}],"wp:term":[{"taxonomy":"category","embeddable":true,"href":"https:\/\/limogesabc.com\/index.php\/wp-json\/wp\/v2\/categories?post=15636"},{"taxonomy":"post_tag","embeddable":true,"href":"https:\/\/limogesabc.com\/index.php\/wp-json\/wp\/v2\/tags?post=15636"}],"curies":[{"name":"wp","href":"https:\/\/api.w.org\/{rel}","templated":true}]}}