{"id":15858,"date":"2022-05-11T16:25:31","date_gmt":"2022-05-11T14:25:31","guid":{"rendered":"http:\/\/limogesabc.com\/?p=15858"},"modified":"2022-05-11T16:27:18","modified_gmt":"2022-05-11T14:27:18","slug":"aux-portes-ferrees-public-filles-de-12-15-ans-un-bel-apres-midi","status":"publish","type":"post","link":"https:\/\/limogesabc.com\/index.php\/aux-portes-ferrees-public-filles-de-12-15-ans-un-bel-apres-midi\/","title":{"rendered":"Animation aux Portes-Ferr\u00e9es, pour un public filles de 12-15 ans, un bel apr\u00e8s-midi"},"content":{"rendered":"<p>Les filles des Portes-Ferr\u00e9es ont r\u00e9pondu pr\u00e9sentes pour une animation basket ce mercredi apr\u00e8s-midi avec les coaches du club, autour de David Ducher, Ludivine Gu\u00e9gand, Emilie Piarou et Romain Leclaircie. Avec C\u00e9dric Courvoisier et Jeanne Morlon de l&#8217;ALSEA qui ont relay\u00e9 l&#8217;information aupr\u00e8s des jeunes du quartier. L&#8217;ASEA est aujourd&#8217;hui la seule structure associative pr\u00e9sente sur le quartier des Portes-Ferr\u00e9es.<\/p>\n<p>Ambiance au top autour de jeux et de shoots en course, des d\u00e9fis, des encouragements, du bon \u00e9tat d&#8217;esprit. Un bel apr\u00e8s-midi basket avec des 12-15 ans (U13 et U15), un projet \u00e9labor\u00e9 par David Ducher dans le cadre de sa formation BP JEPS et avec le Limoges ABC dans le cadre de Quartiers Solidaires, dispositif minist\u00e9riel, repris ici par la Pr\u00e9fecture de Haute-Vienne.<\/p>\n<p>L&#8217;animation \u00e9tait organis\u00e9e au gymnase des Portes-Ferr\u00e9es, \u00e0 cot\u00e9 de l&#8217;\u00e9cole. Les jeunes et familles ont ainsi un acc\u00e8s simple et facilit\u00e9. Apr\u00e8s celui de novembre \u00e0 L&#8217;Aurence, un projet de 2\u00e8me Tournoi Inter Quartiers est \u00e0 l&#8217;\u00e9tude.<\/p>\n<div class=\"gdlr-shortcode-wrapper\"><div class=\"gdlr-gallery-item gdlr-item\" ><div class=\"gallery-column four columns\"><div class=\"gallery-item\"><a href=\"https:\/\/limogesabc.com\/index.php\/aux-portes-ferrees-public-filles-de-12-15-ans-un-bel-apres-midi\/portes-ferrees-18-11-mai\/\" title=\"Portes-Ferr\u00e9es 18-11 mai\" data-rel=\"fancybox\" ><img decoding=\"async\" src=\"https:\/\/limogesabc.com\/wp-content\/uploads\/2022\/05\/Portes-Ferr\u00e9es-18-11-mai-150x113.jpg\" alt=\"\" width=\"150\" height=\"113\" \/><\/a><span class=\"gallery-caption\"><\/span><\/div><\/div><div class=\"gallery-column four columns\"><div class=\"gallery-item\"><a href=\"https:\/\/limogesabc.com\/index.php\/aux-portes-ferrees-public-filles-de-12-15-ans-un-bel-apres-midi\/portes-ferrees-9-11-mai\/\" title=\"Portes-Ferr\u00e9es 9-11 mai\" data-rel=\"fancybox\" ><img decoding=\"async\" src=\"https:\/\/limogesabc.com\/wp-content\/uploads\/2022\/05\/Portes-Ferr\u00e9es-9-11-mai-150x113.jpg\" alt=\"\" width=\"150\" height=\"113\" \/><\/a><span class=\"gallery-caption\"><\/span><\/div><\/div><div class=\"gallery-column four columns\"><div class=\"gallery-item\"><a href=\"https:\/\/limogesabc.com\/index.php\/aux-portes-ferrees-public-filles-de-12-15-ans-un-bel-apres-midi\/portes-ferrees-7-11-mai\/\" title=\"Portes-Ferr\u00e9es 7-11 mai\" data-rel=\"fancybox\" ><img decoding=\"async\" src=\"https:\/\/limogesabc.com\/wp-content\/uploads\/2022\/05\/Portes-Ferr\u00e9es-7-11-mai-150x113.jpg\" alt=\"\" width=\"150\" height=\"113\" \/><\/a><span class=\"gallery-caption\"><\/span><\/div><\/div><div class=\"clear\"><\/div><div class=\"gallery-column four columns\"><div class=\"gallery-item\"><a href=\"https:\/\/limogesabc.com\/index.php\/aux-portes-ferrees-public-filles-de-12-15-ans-un-bel-apres-midi\/portes-ferrees-19-11-mai\/\" title=\"Portes-Ferr\u00e9es 19-11 mai\" data-rel=\"fancybox\" ><img loading=\"lazy\" decoding=\"async\" src=\"https:\/\/limogesabc.com\/wp-content\/uploads\/2022\/05\/Portes-Ferr\u00e9es-19-11-mai-150x113.jpg\" alt=\"\" width=\"150\" height=\"113\" \/><\/a><span class=\"gallery-caption\"><\/span><\/div><\/div><div class=\"gallery-column four columns\"><div class=\"gallery-item\"><a href=\"https:\/\/limogesabc.com\/index.php\/aux-portes-ferrees-public-filles-de-12-15-ans-un-bel-apres-midi\/portes-ferrees-20-11-mai\/\" title=\"Portes-Ferr\u00e9es 20-11 mai\" data-rel=\"fancybox\" ><img loading=\"lazy\" decoding=\"async\" src=\"https:\/\/limogesabc.com\/wp-content\/uploads\/2022\/05\/Portes-Ferr\u00e9es-20-11-mai-150x113.jpg\" alt=\"\" width=\"150\" height=\"113\" \/><\/a><span class=\"gallery-caption\"><\/span><\/div><\/div><div class=\"gallery-column four columns\"><div class=\"gallery-item\"><a href=\"https:\/\/limogesabc.com\/index.php\/aux-portes-ferrees-public-filles-de-12-15-ans-un-bel-apres-midi\/portes-ferrees-13-11-mai\/\" title=\"Portes-Ferr\u00e9es 13-11 mai\" data-rel=\"fancybox\" ><img loading=\"lazy\" decoding=\"async\" src=\"https:\/\/limogesabc.com\/wp-content\/uploads\/2022\/05\/Portes-Ferr\u00e9es-13-11-mai-150x113.jpg\" alt=\"\" width=\"150\" height=\"113\" \/><\/a><span class=\"gallery-caption\"><\/span><\/div><\/div><div class=\"clear\"><\/div><\/div><\/div>\n<h6>11 mai 2022<\/h6>\n","protected":false},"excerpt":{"rendered":"<p>Les filles des Portes-Ferr\u00e9es ont r\u00e9pondu pr\u00e9sentes pour une animation basket ce mercredi apr\u00e8s-midi avec les coaches du club, autour de David Ducher, Ludivine Gu\u00e9gand, Emilie Piarou et Romain Leclaircie. Avec C\u00e9dric Courvoisier et Jeanne Morlon de l&#8217;ALSEA qui ont relay\u00e9 l&#8217;information aupr\u00e8s des jeunes du quartier. L&#8217;ASEA est aujourd&#8217;hui la seule structure associative pr\u00e9sente&#8230; <\/p>\n<div class=\"clear\"><\/div>\n<p><a href=\"https:\/\/limogesabc.com\/index.php\/aux-portes-ferrees-public-filles-de-12-15-ans-un-bel-apres-midi\/\" class=\"excerpt-read-more\">Lire plus<\/a><\/p>\n","protected":false},"author":2,"featured_media":15859,"comment_status":"closed","ping_status":"closed","sticky":false,"template":"","format":"standard","meta":{"_mi_skip_tracking":false,"_exactmetrics_sitenote_active":false,"_exactmetrics_sitenote_note":"","_exactmetrics_sitenote_category":0,"_monsterinsights_skip_tracking":false,"_monsterinsights_sitenote_active":false,"_monsterinsights_sitenote_note":"","_monsterinsights_sitenote_category":0,"footnotes":""},"categories":[79,104],"tags":[],"class_list":["post-15858","post","type-post","status-publish","format-standard","has-post-thumbnail","hentry","category-actualites","category-labc-citoyen"],"aioseo_notices":[],"_links":{"self":[{"href":"https:\/\/limogesabc.com\/index.php\/wp-json\/wp\/v2\/posts\/15858","targetHints":{"allow":["GET"]}}],"collection":[{"href":"https:\/\/limogesabc.com\/index.php\/wp-json\/wp\/v2\/posts"}],"about":[{"href":"https:\/\/limogesabc.com\/index.php\/wp-json\/wp\/v2\/types\/post"}],"author":[{"embeddable":true,"href":"https:\/\/limogesabc.com\/index.php\/wp-json\/wp\/v2\/users\/2"}],"replies":[{"embeddable":true,"href":"https:\/\/limogesabc.com\/index.php\/wp-json\/wp\/v2\/comments?post=15858"}],"version-history":[{"count":4,"href":"https:\/\/limogesabc.com\/index.php\/wp-json\/wp\/v2\/posts\/15858\/revisions"}],"predecessor-version":[{"id":15869,"href":"https:\/\/limogesabc.com\/index.php\/wp-json\/wp\/v2\/posts\/15858\/revisions\/15869"}],"wp:featuredmedia":[{"embeddable":true,"href":"https:\/\/limogesabc.com\/index.php\/wp-json\/wp\/v2\/media\/15859"}],"wp:attachment":[{"href":"https:\/\/limogesabc.com\/index.php\/wp-json\/wp\/v2\/media?parent=15858"}],"wp:term":[{"taxonomy":"category","embeddable":true,"href":"https:\/\/limogesabc.com\/index.php\/wp-json\/wp\/v2\/categories?post=15858"},{"taxonomy":"post_tag","embeddable":true,"href":"https:\/\/limogesabc.com\/index.php\/wp-json\/wp\/v2\/tags?post=15858"}],"curies":[{"name":"wp","href":"https:\/\/api.w.org\/{rel}","templated":true}]}}