{"id":16284,"date":"2022-06-22T18:12:27","date_gmt":"2022-06-22T16:12:27","guid":{"rendered":"http:\/\/limogesabc.com\/?p=16284"},"modified":"2022-06-23T08:30:57","modified_gmt":"2022-06-23T06:30:57","slug":"3eme-recrue-goundo-diallo","status":"publish","type":"post","link":"https:\/\/limogesabc.com\/index.php\/3eme-recrue-goundo-diallo\/","title":{"rendered":"3\u00e8me recrue, Goundo Diallo"},"content":{"rendered":"<div dir=\"auto\">En provenance d\u2019Alen\u00e7on (NF1), Goundo Diallo, 25 ans, 1,76 m, vient renforcer l\u2019effectif au poste d\u2019arri\u00e8re. Goundo DIALLO a \u00e9t\u00e9 internationale malienne.\u00a0Bienvenue Goundo <span class=\"pq6dq46d tbxw36s4 knj5qynh kvgmc6g5 ditlmg2l oygrvhab nvdbi5me sf5mxxl7 gl3lb2sf hhz5lgdu\"><img decoding=\"async\" src=\"https:\/\/static.xx.fbcdn.net\/images\/emoji.php\/v9\/t1e\/2\/16\/1f60a.png\" alt=\"\ud83d\ude0a\" width=\"16\" height=\"16\" \/><\/span><\/div>\n<div dir=\"auto\"><\/div>\n<div dir=\"auto\"><span class=\"pq6dq46d tbxw36s4 knj5qynh kvgmc6g5 ditlmg2l oygrvhab nvdbi5me sf5mxxl7 gl3lb2sf hhz5lgdu\"><img decoding=\"async\" src=\"https:\/\/static.xx.fbcdn.net\/images\/emoji.php\/v9\/t1f\/2\/16\/27a1.png\" alt=\"\u27a1\ufe0f\" width=\"16\" height=\"16\" \/><\/span> Le coach, Romain Leclaircie : \u00ab Goundo nous arrive du club d\u2019Alen\u00e7on. Elle conna\u00eet parfaitement la NF1 avec plusieurs saisons \u00e0 son actif, sans oublier sa participation \u00e0 l\u2019Afro Basket en 2019 avec le Mali. Revancharde, bosseuse, son \u00e9tat d\u2019esprit nous a convaincu en plus de ses qualit\u00e9s d\u2019adresse qui vont nous permettre d\u2019\u00e9tirer les d\u00e9fenses adverses. Qualit\u00e9s d\u2019adresse, mais pas seulement\u2026\u00bb<\/div>\n<h6 dir=\"auto\">22 juin 2022<\/h6>\n","protected":false},"excerpt":{"rendered":"<p>En provenance d\u2019Alen\u00e7on (NF1), Goundo Diallo, 25 ans, 1,76 m, vient renforcer l\u2019effectif au poste d\u2019arri\u00e8re. Goundo DIALLO a \u00e9t\u00e9 internationale malienne.\u00a0Bienvenue Goundo Le coach, Romain Leclaircie : \u00ab Goundo nous arrive du club d\u2019Alen\u00e7on. Elle conna\u00eet parfaitement la NF1 avec plusieurs saisons \u00e0 son actif, sans oublier sa participation \u00e0 l\u2019Afro Basket en 2019&#8230; <\/p>\n<div class=\"clear\"><\/div>\n<p><a href=\"https:\/\/limogesabc.com\/index.php\/3eme-recrue-goundo-diallo\/\" class=\"excerpt-read-more\">Lire plus<\/a><\/p>\n","protected":false},"author":3,"featured_media":16286,"comment_status":"closed","ping_status":"closed","sticky":false,"template":"","format":"standard","meta":{"_mi_skip_tracking":false,"_exactmetrics_sitenote_active":false,"_exactmetrics_sitenote_note":"","_exactmetrics_sitenote_category":0,"_monsterinsights_skip_tracking":false,"_monsterinsights_sitenote_active":false,"_monsterinsights_sitenote_note":"","_monsterinsights_sitenote_category":0,"footnotes":""},"categories":[79,90],"tags":[],"class_list":["post-16284","post","type-post","status-publish","format-standard","has-post-thumbnail","hentry","category-actualites","category-nf1"],"aioseo_notices":[],"_links":{"self":[{"href":"https:\/\/limogesabc.com\/index.php\/wp-json\/wp\/v2\/posts\/16284","targetHints":{"allow":["GET"]}}],"collection":[{"href":"https:\/\/limogesabc.com\/index.php\/wp-json\/wp\/v2\/posts"}],"about":[{"href":"https:\/\/limogesabc.com\/index.php\/wp-json\/wp\/v2\/types\/post"}],"author":[{"embeddable":true,"href":"https:\/\/limogesabc.com\/index.php\/wp-json\/wp\/v2\/users\/3"}],"replies":[{"embeddable":true,"href":"https:\/\/limogesabc.com\/index.php\/wp-json\/wp\/v2\/comments?post=16284"}],"version-history":[{"count":3,"href":"https:\/\/limogesabc.com\/index.php\/wp-json\/wp\/v2\/posts\/16284\/revisions"}],"predecessor-version":[{"id":16290,"href":"https:\/\/limogesabc.com\/index.php\/wp-json\/wp\/v2\/posts\/16284\/revisions\/16290"}],"wp:featuredmedia":[{"embeddable":true,"href":"https:\/\/limogesabc.com\/index.php\/wp-json\/wp\/v2\/media\/16286"}],"wp:attachment":[{"href":"https:\/\/limogesabc.com\/index.php\/wp-json\/wp\/v2\/media?parent=16284"}],"wp:term":[{"taxonomy":"category","embeddable":true,"href":"https:\/\/limogesabc.com\/index.php\/wp-json\/wp\/v2\/categories?post=16284"},{"taxonomy":"post_tag","embeddable":true,"href":"https:\/\/limogesabc.com\/index.php\/wp-json\/wp\/v2\/tags?post=16284"}],"curies":[{"name":"wp","href":"https:\/\/api.w.org\/{rel}","templated":true}]}}