{"id":16394,"date":"2022-07-08T10:25:39","date_gmt":"2022-07-08T08:25:39","guid":{"rendered":"http:\/\/limogesabc.com\/?p=16394"},"modified":"2022-07-08T11:47:41","modified_gmt":"2022-07-08T09:47:41","slug":"le-staff-nf1-pret-pour-en-decoudre","status":"publish","type":"post","link":"https:\/\/limogesabc.com\/index.php\/le-staff-nf1-pret-pour-en-decoudre\/","title":{"rendered":"Le Staff NF1, pr\u00eat pour en d\u00e9coudre"},"content":{"rendered":"<p><span style=\"color: #000080;\">Apr\u00e8s la pr\u00e9sentation des joueuses NF1, le staff ! Le m\u00eame, le m\u00eame groupe, les m\u00eames personnes qui ont travaill\u00e9 ensemble cette ann\u00e9e et qui continuent l&#8217;aventure. Nous sommes tr\u00e8s heureux de cette stabilit\u00e9, un atout majeur pour avancer. Quand tout est en place, quand les personnes prennent du plaisir et sont motiv\u00e9es, on va plus vite et plus loin. T\u00e9moignages ci-dessous des quatre staffeurs NF1 pour 2022-2023. Bonnes vacances \u00e0 Romain, Corentin, Mathieu et Jean-Christophe. A bient\u00f4t \ud83d\ude42\u00a0<\/span><\/p>\n<p><span style=\"color: #000080;\"><strong>Romain Leclaircie, entra\u00eeneur et coach NF1 :<\/strong><\/span> Le renouvellement de l\u2019enti\u00e8ret\u00e9 du staff provient d\u2019une volont\u00e9 commune de continuer \u00e0 travailler ensemble. Cette premi\u00e8re saison a permis \u00e0 mon staff et moi-m\u00eame d\u2019emmagasiner de l\u2019exp\u00e9rience. Qui dit exp\u00e9rience, dit enseignements. Enseignements tir\u00e9s, missions de chacun calibr\u00e9s, c\u2019est avec une grande motivation que nous allons nous jeter dans le prochain exercice, avec l\u2019ambition de performer.<\/p>\n<p><span style=\"color: #000080;\"><strong>Corentin Le Pan, assistant coach NF1, entra\u00eeneur et coach U18 Elite :<\/strong><\/span> Apr\u00e8s une saison riche en apprentissage et en \u00e9motions, l\u2019id\u00e9e est d\u00e9j\u00e0 de se projeter sur la suite. Gommer les imperfections, consolider les acquis et continuer d\u2019avancer en direction de nos objectifs. Je suis tr\u00e8s content de notre travail d\u2019intersaison et impatient de retrouver la Salle Mu\u2019 en ao\u00fbt avec le nouveau groupe \u2026<\/p>\n<p><span style=\"color: #000080;\"><strong>Mathieu Khaled, pr\u00e9parateur individuel NF1 et Responsable technique Ecole de Basket :<\/strong><\/span> Chanceux de pouvoir collaborer une seconde ann\u00e9e avec le Limoges ABC, j\u2019ai \u00e0 c\u0153ur d\u2019apporter mon expertise aux nouvelles recrues et de pouvoir continuer le travail avec les anciennes. Je suis motiv\u00e9 pour atteindre les toutes premi\u00e8res places du championnat. Et impliqu\u00e9 \u00e9galement dans la formation du club et l\u2019Ecole de Basket, j\u2019esp\u00e8re d\u00e9velopper nos jeunes pousses et en amener un maximum vers les s\u00e9lections d\u00e9partementales. #golabc<\/p>\n<p><span style=\"color: #000080;\"><strong>Jean-Christophe Lamargot, Pr\u00e9parateur physique NF1 : <\/strong><\/span>Ma prolongation pour la prochaine saison s&#8217;est faite tr\u00e8s naturellement. D\u00e8s le mois de f\u00e9vrier, Romain m&#8217;avait indiqu\u00e9 \u00e0 la fois son souhait de continuer ensemble et ses attentes pour l&#8217;ann\u00e9e prochaine, notamment des protocoles individualis\u00e9s pour chaque joueuse, avant les entra\u00eenements, des s\u00e9ances de musculation, &#8230; Donc c&#8217;est avec un grand plaisir que je poursuis l&#8217;aventure au Limoges ABC et plus particuli\u00e8rement avec Romain et le Staff. C\u2019est un beau projet qui est en mis en place pour jouer les premiers r\u00f4les en championnat.<\/p>\n<h6>8 juillet 2022<\/h6>\n","protected":false},"excerpt":{"rendered":"<p>Apr\u00e8s la pr\u00e9sentation des joueuses NF1, le staff ! Le m\u00eame, le m\u00eame groupe, les m\u00eames personnes qui ont travaill\u00e9 ensemble cette ann\u00e9e et qui continuent l&#8217;aventure. Nous sommes tr\u00e8s heureux de cette stabilit\u00e9, un atout majeur pour avancer. Quand tout est en place, quand les personnes prennent du plaisir et sont motiv\u00e9es, on va&#8230; <\/p>\n<div class=\"clear\"><\/div>\n<p><a href=\"https:\/\/limogesabc.com\/index.php\/le-staff-nf1-pret-pour-en-decoudre\/\" class=\"excerpt-read-more\">Lire plus<\/a><\/p>\n","protected":false},"author":2,"featured_media":16396,"comment_status":"closed","ping_status":"closed","sticky":false,"template":"","format":"standard","meta":{"_mi_skip_tracking":false,"_exactmetrics_sitenote_active":false,"_exactmetrics_sitenote_note":"","_exactmetrics_sitenote_category":0,"_monsterinsights_skip_tracking":false,"_monsterinsights_sitenote_active":false,"_monsterinsights_sitenote_note":"","_monsterinsights_sitenote_category":0,"footnotes":""},"categories":[79,90],"tags":[],"class_list":["post-16394","post","type-post","status-publish","format-standard","has-post-thumbnail","hentry","category-actualites","category-nf1"],"aioseo_notices":[],"_links":{"self":[{"href":"https:\/\/limogesabc.com\/index.php\/wp-json\/wp\/v2\/posts\/16394","targetHints":{"allow":["GET"]}}],"collection":[{"href":"https:\/\/limogesabc.com\/index.php\/wp-json\/wp\/v2\/posts"}],"about":[{"href":"https:\/\/limogesabc.com\/index.php\/wp-json\/wp\/v2\/types\/post"}],"author":[{"embeddable":true,"href":"https:\/\/limogesabc.com\/index.php\/wp-json\/wp\/v2\/users\/2"}],"replies":[{"embeddable":true,"href":"https:\/\/limogesabc.com\/index.php\/wp-json\/wp\/v2\/comments?post=16394"}],"version-history":[{"count":3,"href":"https:\/\/limogesabc.com\/index.php\/wp-json\/wp\/v2\/posts\/16394\/revisions"}],"predecessor-version":[{"id":16398,"href":"https:\/\/limogesabc.com\/index.php\/wp-json\/wp\/v2\/posts\/16394\/revisions\/16398"}],"wp:featuredmedia":[{"embeddable":true,"href":"https:\/\/limogesabc.com\/index.php\/wp-json\/wp\/v2\/media\/16396"}],"wp:attachment":[{"href":"https:\/\/limogesabc.com\/index.php\/wp-json\/wp\/v2\/media?parent=16394"}],"wp:term":[{"taxonomy":"category","embeddable":true,"href":"https:\/\/limogesabc.com\/index.php\/wp-json\/wp\/v2\/categories?post=16394"},{"taxonomy":"post_tag","embeddable":true,"href":"https:\/\/limogesabc.com\/index.php\/wp-json\/wp\/v2\/tags?post=16394"}],"curies":[{"name":"wp","href":"https:\/\/api.w.org\/{rel}","templated":true}]}}