{"id":16437,"date":"2022-07-22T17:45:46","date_gmt":"2022-07-22T15:45:46","guid":{"rendered":"http:\/\/limogesabc.com\/?p=16437"},"modified":"2022-07-22T17:45:46","modified_gmt":"2022-07-22T15:45:46","slug":"la-nf3-renforce-son-secteur-interieur","status":"publish","type":"post","link":"https:\/\/limogesabc.com\/index.php\/la-nf3-renforce-son-secteur-interieur\/","title":{"rendered":"La NF3 renforce son secteur int\u00e9rieur"},"content":{"rendered":"<p class=\"p1\"><span class=\"s1\">#NF3 <\/span><span class=\"s2\">\ud83c\udfc0<\/span><span class=\"s1\"> SAISON 2022-2023 <\/span><span class=\"s2\">\ud83c\udfc0<\/span><\/p>\n<p class=\"p1\"><span class=\"s1\">Ana\u00efs LE BORGNE et Rokhaya SAMBOU viennent renforcer le secteur int\u00e9rieur de l\u2019\u00e9quipe. Elles seront \u00e9galement partenaires d\u2019entra\u00eenement de l\u2019\u00e9quipe NF1.<\/span><\/p>\n<p class=\"p1\"><span class=\"s1\">Bienvenue \u00e0 Limoges <\/span><\/p>\n<p class=\"p1\"><span class=\"s1\" style=\"color: #000080;\"><b>Le mot du coach, Cl\u00e9ment MAGNAVAL :\u00a0<\/b><\/span><\/p>\n<p class=\"p1\"><span class=\"s1\">\u00ab\u00a0<b>Ana\u00efs LE BORGNE<\/b> &#8211; 2004 &#8211; 1,91 m &#8211; poste 4. NF3 \/ partenaire d&#8217;entra\u00eenement NF1<\/span><\/p>\n<p class=\"p1\"><span class=\"s1\">Ana\u00efs nous arrive du centre de formation de La Roche Vend\u00e9e (LFB) o\u00f9 elle vient de passer 3 saisons (U18 Elite puis 2 saisons en NF2). C\u2019est une poste 4 de grande taille qui poss\u00e8de une tr\u00e8s grosse qualit\u00e9 de tir et de passe. De plus, c&#8217;est une personne tr\u00e8s intelligente sur et en dehors du terrain. Ana\u00efs est une vraie passionn\u00e9e qui est \u00e9galement impliqu\u00e9e dans le coaching. La saison prochaine elle sera une pi\u00e8ce majeure de l\u2019\u00e9quipe NF3, tout en \u00e9tant partenaire d&#8217;entra\u00eenement avec la NF1. \u00a0Elle assistera Emilie Piarou sur l\u2019\u00e9quipe U15 r\u00e9gion tout suivant la formation d&#8217;entra\u00eeneur et sa licence STAPS. Nous avons h\u00e2te de l\u2019int\u00e9grer !<\/span><\/p>\n<p class=\"p1\"><span class=\"s1\"><b>Rokhaya SAMBOU<\/b> &#8211; 2003 &#8211; 1,89 m poste 5. NF3 \u00a0\/ partenaire d&#8217;entra\u00eenement NF1<\/span><\/p>\n<p class=\"p1\"><span class=\"s1\">Rokhaya vient \u00e0 Limoges pour prendre du temps de jeu et \u00a0\u00eatre responsabilis\u00e9e sur le terrain. En effet, elle sort d\u2019une saison \u00e0 Franconville en NF1 o\u00f9 elle \u00e9tait barr\u00e9e par la concurrence. Pass\u00e9e par le P\u00f4le Espoir d\u2019Ile de France, puis par le Centre de Formation de Charleville-M\u00e9zi\u00e8res, c\u2019est une joueuse tr\u00e8s dou\u00e9e techniquement qui poss\u00e8de une maturit\u00e9 et un recul sur elle-m\u00eame qui sont assez impressionnants. En recherche d\u2019un projet NF3\/NF1 \u00a0pour poursuivre sa formation et son d\u00e9veloppement, elle sera notre point d\u2019ancrage \u00e0 l\u2019int\u00e9rieur la saison prochaine et je suis persuad\u00e9 qu\u2019elle va en \u00e9tonner plus d\u2019un.\u00a0\u00bb<\/span><\/p>\n","protected":false},"excerpt":{"rendered":"<p>#NF3 \ud83c\udfc0 SAISON 2022-2023 \ud83c\udfc0 Ana\u00efs LE BORGNE et Rokhaya SAMBOU viennent renforcer le secteur int\u00e9rieur de l\u2019\u00e9quipe. Elles seront \u00e9galement partenaires d\u2019entra\u00eenement de l\u2019\u00e9quipe NF1. Bienvenue \u00e0 Limoges Le mot du coach, Cl\u00e9ment MAGNAVAL :\u00a0 \u00ab\u00a0Ana\u00efs LE BORGNE &#8211; 2004 &#8211; 1,91 m &#8211; poste 4. NF3 \/ partenaire d&#8217;entra\u00eenement NF1 Ana\u00efs nous arrive&#8230; <\/p>\n<div class=\"clear\"><\/div>\n<p><a href=\"https:\/\/limogesabc.com\/index.php\/la-nf3-renforce-son-secteur-interieur\/\" class=\"excerpt-read-more\">Lire plus<\/a><\/p>\n","protected":false},"author":3,"featured_media":16436,"comment_status":"closed","ping_status":"closed","sticky":false,"template":"","format":"standard","meta":{"_mi_skip_tracking":false,"_exactmetrics_sitenote_active":false,"_exactmetrics_sitenote_note":"","_exactmetrics_sitenote_category":0,"_monsterinsights_skip_tracking":false,"_monsterinsights_sitenote_active":false,"_monsterinsights_sitenote_note":"","_monsterinsights_sitenote_category":0,"footnotes":""},"categories":[91],"tags":[],"class_list":["post-16437","post","type-post","status-publish","format-standard","has-post-thumbnail","hentry","category-pole_formation"],"aioseo_notices":[],"_links":{"self":[{"href":"https:\/\/limogesabc.com\/index.php\/wp-json\/wp\/v2\/posts\/16437","targetHints":{"allow":["GET"]}}],"collection":[{"href":"https:\/\/limogesabc.com\/index.php\/wp-json\/wp\/v2\/posts"}],"about":[{"href":"https:\/\/limogesabc.com\/index.php\/wp-json\/wp\/v2\/types\/post"}],"author":[{"embeddable":true,"href":"https:\/\/limogesabc.com\/index.php\/wp-json\/wp\/v2\/users\/3"}],"replies":[{"embeddable":true,"href":"https:\/\/limogesabc.com\/index.php\/wp-json\/wp\/v2\/comments?post=16437"}],"version-history":[{"count":1,"href":"https:\/\/limogesabc.com\/index.php\/wp-json\/wp\/v2\/posts\/16437\/revisions"}],"predecessor-version":[{"id":16438,"href":"https:\/\/limogesabc.com\/index.php\/wp-json\/wp\/v2\/posts\/16437\/revisions\/16438"}],"wp:featuredmedia":[{"embeddable":true,"href":"https:\/\/limogesabc.com\/index.php\/wp-json\/wp\/v2\/media\/16436"}],"wp:attachment":[{"href":"https:\/\/limogesabc.com\/index.php\/wp-json\/wp\/v2\/media?parent=16437"}],"wp:term":[{"taxonomy":"category","embeddable":true,"href":"https:\/\/limogesabc.com\/index.php\/wp-json\/wp\/v2\/categories?post=16437"},{"taxonomy":"post_tag","embeddable":true,"href":"https:\/\/limogesabc.com\/index.php\/wp-json\/wp\/v2\/tags?post=16437"}],"curies":[{"name":"wp","href":"https:\/\/api.w.org\/{rel}","templated":true}]}}