{"id":16539,"date":"2022-08-17T21:46:50","date_gmt":"2022-08-17T19:46:50","guid":{"rendered":"http:\/\/limogesabc.com\/?p=16539"},"modified":"2022-08-17T23:03:30","modified_gmt":"2022-08-17T21:03:30","slug":"match-amical-a-brive-nf2-ce-mercredi-soir","status":"publish","type":"post","link":"https:\/\/limogesabc.com\/index.php\/match-amical-a-brive-nf2-ce-mercredi-soir\/","title":{"rendered":"Victoire en amical \u00e0 Brive (NF2)"},"content":{"rendered":"<p><span style=\"color: #003366;\">Le Limoges ABC a jou\u00e9 ce soir son premier match amical de la saison 2022-2023 \u00e0 Brive (NF2). Un match qui permet surtout de mesurer le travail accompli en quinze jours de pr\u00e9paration mais \u00e0 propos duquel il ne faut pas tirer d&#8217;enseignement majeur tant le contexte \u00e9tait singulier. Les joueuses du Limoges ABC ont \u00e9volu\u00e9 \u00e0 neuf, sans Caroline Deroo (qui ne reviendra pas sur les parquets avant quelques semaines) et sans Oph\u00e9lie Irabe (bless\u00e9e, pr\u00e9serv\u00e9e). Brive \u00e9voluait de son c\u00f4t\u00e9 \u00e0 six joueuses. Tant et si bien que les deux coaches d\u00e9cid\u00e8rent de jouer 4 x 8 mn. Le Limoges ABC s&#8217;impose 75-28. A signaler la blessure de Zahra (cheville) en seconde p\u00e9riode &#8230;<\/span><\/p>\n<p><strong><span style=\"color: #003366;\">Romain Leclaircie : <\/span><\/strong>\u00ab <em>Apr\u00e8s deux semaines de reprise, l\u2019heure \u00e9tait \u00e0 la premi\u00e8re opposition de la saison face \u00e0 Brive. En s\u2019appuyant sur les aspects travaill\u00e9s durant ces quinze premiers jours, nous avons pu entrevoir l\u2019\u00e9tat d\u2019esprit positif d\u2019une \u00e9quipe en construction, ainsi que des phases de jeu tr\u00e8s int\u00e9ressantes. Prochain match, Le Poinconnet dans trois jours, samedi, \u00e0 domicile.<\/em> \u00bb<\/p>\n<p><span style=\"color: #003366;\">Nos photos de match avec un beau selfie depuis les vestiaires, bravo les filles !\u00a0<\/span><\/p>\n<p><span style=\"color: #003366;\"><strong>CA Brive Basket Corr\u00e8ze &#8211; Limoges ABC <em>en Limousin<\/em> : 4-20 ; 17-42 ; 21-61 ; 28-75<\/strong><\/span><\/p>\n<div class=\"gdlr-shortcode-wrapper\"><div class=\"gdlr-gallery-item gdlr-item\" ><div class=\"gallery-column one-fifth column\"><div class=\"gallery-item\"><a href=\"https:\/\/limogesabc.com\/index.php\/match-amical-a-brive-nf2-ce-mercredi-soir\/brive-echauffement-1\/\" title=\"Brive \u00e9chauffement -1\" data-rel=\"fancybox\" ><img decoding=\"async\" src=\"https:\/\/limogesabc.com\/wp-content\/uploads\/2022\/08\/Brive-\u00e9chauffement-1-150x113.jpeg\" alt=\"\" width=\"150\" height=\"113\" \/><\/a><span class=\"gallery-caption\"><\/span><\/div><\/div><div class=\"gallery-column one-fifth column\"><div class=\"gallery-item\"><a href=\"https:\/\/limogesabc.com\/index.php\/match-amical-a-brive-nf2-ce-mercredi-soir\/brive-echauffement-2\/\" title=\"Brive \u00e9chauffement -2\" data-rel=\"fancybox\" ><img decoding=\"async\" src=\"https:\/\/limogesabc.com\/wp-content\/uploads\/2022\/08\/Brive-\u00e9chauffement-2-150x113.jpeg\" alt=\"\" width=\"150\" height=\"113\" \/><\/a><span class=\"gallery-caption\"><\/span><\/div><\/div><div class=\"gallery-column one-fifth column\"><div class=\"gallery-item\"><a href=\"https:\/\/limogesabc.com\/index.php\/match-amical-a-brive-nf2-ce-mercredi-soir\/brive-echauffement-3\/\" title=\"Brive \u00e9chauffement -3\" data-rel=\"fancybox\" ><img decoding=\"async\" src=\"https:\/\/limogesabc.com\/wp-content\/uploads\/2022\/08\/Brive-\u00e9chauffement-3-150x113.jpeg\" alt=\"\" width=\"150\" height=\"113\" \/><\/a><span class=\"gallery-caption\"><\/span><\/div><\/div><div class=\"gallery-column one-fifth column\"><div class=\"gallery-item\"><a href=\"https:\/\/limogesabc.com\/index.php\/match-amical-a-brive-nf2-ce-mercredi-soir\/brive-supporters\/\" title=\"Brive supporters\" data-rel=\"fancybox\" ><img loading=\"lazy\" decoding=\"async\" src=\"https:\/\/limogesabc.com\/wp-content\/uploads\/2022\/08\/Brive-supporters-150x129.jpeg\" alt=\"\" width=\"150\" height=\"129\" \/><\/a><span class=\"gallery-caption\"><\/span><\/div><\/div><div class=\"gallery-column one-fifth column\"><div class=\"gallery-item\"><a href=\"https:\/\/limogesabc.com\/index.php\/match-amical-a-brive-nf2-ce-mercredi-soir\/brive-coup-denvoi\/\" title=\"Brive coup d&#039;envoi\" data-rel=\"fancybox\" ><img loading=\"lazy\" decoding=\"async\" src=\"https:\/\/limogesabc.com\/wp-content\/uploads\/2022\/08\/Brive-coup-denvoi-150x113.jpeg\" alt=\"\" width=\"150\" height=\"113\" \/><\/a><span class=\"gallery-caption\"><\/span><\/div><\/div><div class=\"clear\"><\/div><\/div><\/div>\n<h6>17 ao\u00fbt 2022<\/h6>\n","protected":false},"excerpt":{"rendered":"<p>Le Limoges ABC a jou\u00e9 ce soir son premier match amical de la saison 2022-2023 \u00e0 Brive (NF2). Un match qui permet surtout de mesurer le travail accompli en quinze jours de pr\u00e9paration mais \u00e0 propos duquel il ne faut pas tirer d&#8217;enseignement majeur tant le contexte \u00e9tait singulier. Les joueuses du Limoges ABC ont&#8230; <\/p>\n<div class=\"clear\"><\/div>\n<p><a href=\"https:\/\/limogesabc.com\/index.php\/match-amical-a-brive-nf2-ce-mercredi-soir\/\" class=\"excerpt-read-more\">Lire plus<\/a><\/p>\n","protected":false},"author":2,"featured_media":16551,"comment_status":"closed","ping_status":"closed","sticky":false,"template":"","format":"standard","meta":{"_mi_skip_tracking":false,"_exactmetrics_sitenote_active":false,"_exactmetrics_sitenote_note":"","_exactmetrics_sitenote_category":0,"_monsterinsights_skip_tracking":false,"_monsterinsights_sitenote_active":false,"_monsterinsights_sitenote_note":"","_monsterinsights_sitenote_category":0,"footnotes":""},"categories":[79,90],"tags":[],"class_list":["post-16539","post","type-post","status-publish","format-standard","has-post-thumbnail","hentry","category-actualites","category-nf1"],"aioseo_notices":[],"_links":{"self":[{"href":"https:\/\/limogesabc.com\/index.php\/wp-json\/wp\/v2\/posts\/16539","targetHints":{"allow":["GET"]}}],"collection":[{"href":"https:\/\/limogesabc.com\/index.php\/wp-json\/wp\/v2\/posts"}],"about":[{"href":"https:\/\/limogesabc.com\/index.php\/wp-json\/wp\/v2\/types\/post"}],"author":[{"embeddable":true,"href":"https:\/\/limogesabc.com\/index.php\/wp-json\/wp\/v2\/users\/2"}],"replies":[{"embeddable":true,"href":"https:\/\/limogesabc.com\/index.php\/wp-json\/wp\/v2\/comments?post=16539"}],"version-history":[{"count":10,"href":"https:\/\/limogesabc.com\/index.php\/wp-json\/wp\/v2\/posts\/16539\/revisions"}],"predecessor-version":[{"id":16557,"href":"https:\/\/limogesabc.com\/index.php\/wp-json\/wp\/v2\/posts\/16539\/revisions\/16557"}],"wp:featuredmedia":[{"embeddable":true,"href":"https:\/\/limogesabc.com\/index.php\/wp-json\/wp\/v2\/media\/16551"}],"wp:attachment":[{"href":"https:\/\/limogesabc.com\/index.php\/wp-json\/wp\/v2\/media?parent=16539"}],"wp:term":[{"taxonomy":"category","embeddable":true,"href":"https:\/\/limogesabc.com\/index.php\/wp-json\/wp\/v2\/categories?post=16539"},{"taxonomy":"post_tag","embeddable":true,"href":"https:\/\/limogesabc.com\/index.php\/wp-json\/wp\/v2\/tags?post=16539"}],"curies":[{"name":"wp","href":"https:\/\/api.w.org\/{rel}","templated":true}]}}