{"id":16722,"date":"2022-09-04T02:42:40","date_gmt":"2022-09-04T00:42:40","guid":{"rendered":"http:\/\/limogesabc.com\/?p=16722"},"modified":"2022-09-04T02:43:08","modified_gmt":"2022-09-04T00:43:08","slug":"nf1-dernier-match-de-preparation-a-colomiers-ce-samedi","status":"publish","type":"post","link":"https:\/\/limogesabc.com\/index.php\/nf1-dernier-match-de-preparation-a-colomiers-ce-samedi\/","title":{"rendered":"NF1 : Victoire 45-51 \u00e0 Colomiers ce samedi soir"},"content":{"rendered":"<p><span style=\"color: #333300;\">Match 5 et dernier ce samedi soir pour la pr\u00e9paration d&#8217;avant saison. Les filles jouaient \u00e0 Colomiers, une \u00e9quipe de notre poule que nous retrouverons d&#8217;ailleurs en ouverture du championnat NF1 samedi 17 septembre Salle Mu&#8217;. Nous avions besoin de tester (de part et d&#8217;autre) de bonnes sensations. Le Limoges ABC enregistrait le retour \u00e0 la m\u00e8ne de Zahra apr\u00e8s blessure (entorse).<\/span><\/p>\n<p>Le match a \u00e9t\u00e9 tr\u00e8s accroch\u00e9. Les limougeaudes font l&#8217;\u00e9cart dans les quatre derni\u00e8res minutes (43-43 \u00e0 la 36&#8242;) apr\u00e8s avoir couru apr\u00e8s le score l&#8217;essentiel de la rencontre. Apr\u00e8s un bon d\u00e9but (0-7), Limoges n&#8217;a pas mis la main sur le match, passant, comme Colomiers d&#8217;ailleurs, de longues p\u00e9riodes sans scorer. Le m\u00e9rite des limougeaudes est bien s\u00fbr d&#8217;avoir gagner (45-51). Toujours &#8221; dans un mouchoir &#8220;, les deux \u00e9quipes ont beaucoup d&#8217;enseignements \u00e0 tirer de cette rencontre. Il est plus facile de travailler apr\u00e8s une victoire \ud83d\ude42<\/p>\n<p><span style=\"color: #003366;\"><strong>Colomiers Basket &#8211; Limoges ABC <em>en Limousin<\/em> : 17-14 ; 31-31 ; 41-39 ; 45-51<\/strong><\/span><\/p>\n<p><strong>Limoges ABC <em>en Limousin<\/em> :<\/strong> Nkodia ; Mavuanga 9 ; Irabe ; Peytour 9 ; Breuil ; Wajih 9 ; Semavoine 2 ; Puc 1 ; Kiluangu 15 ; Diouf 6<\/p>\n<p>Coach : Romain Leclairicie. Assistant : Mathieu Khaled (<em>Corentin Le Pan est \u00e0 Charnay en Tournoi de pr\u00e9paration avec les U18 Elite<\/em>).<\/p>\n<div class=\"gdlr-shortcode-wrapper\"><div class=\"gdlr-gallery-item gdlr-item\" ><div class=\"gallery-column four columns\"><div class=\"gallery-item\"><a href=\"https:\/\/limogesabc.com\/index.php\/nf1-dernier-match-de-preparation-a-colomiers-ce-samedi\/colomiers-limoges-2\/\" title=\"Colomiers - Limoges -2\" data-rel=\"fancybox\" ><img decoding=\"async\" src=\"https:\/\/limogesabc.com\/wp-content\/uploads\/2022\/09\/Colomiers-Limoges-2-150x113.jpg\" alt=\"\" width=\"150\" height=\"113\" \/><\/a><span class=\"gallery-caption\"><\/span><\/div><\/div><div class=\"gallery-column four columns\"><div class=\"gallery-item\"><a href=\"https:\/\/limogesabc.com\/index.php\/nf1-dernier-match-de-preparation-a-colomiers-ce-samedi\/colomiers-limoges-3\/\" title=\"Colomiers - Limoges -3\" data-rel=\"fancybox\" ><img decoding=\"async\" src=\"https:\/\/limogesabc.com\/wp-content\/uploads\/2022\/09\/Colomiers-Limoges-3-150x113.jpg\" alt=\"\" width=\"150\" height=\"113\" \/><\/a><span class=\"gallery-caption\"><\/span><\/div><\/div><div class=\"gallery-column four columns\"><div class=\"gallery-item\"><a href=\"https:\/\/limogesabc.com\/index.php\/nf1-dernier-match-de-preparation-a-colomiers-ce-samedi\/colomiers-limoges-4\/\" title=\"Colomiers - Limoges -4\" data-rel=\"fancybox\" ><img decoding=\"async\" src=\"https:\/\/limogesabc.com\/wp-content\/uploads\/2022\/09\/Colomiers-Limoges-4-150x113.jpg\" alt=\"\" width=\"150\" height=\"113\" \/><\/a><span class=\"gallery-caption\"><\/span><\/div><\/div><div class=\"clear\"><\/div><\/div><\/div>\n<h6>3 septembre 2022<\/h6>\n","protected":false},"excerpt":{"rendered":"<p>Match 5 et dernier ce samedi soir pour la pr\u00e9paration d&#8217;avant saison. Les filles jouaient \u00e0 Colomiers, une \u00e9quipe de notre poule que nous retrouverons d&#8217;ailleurs en ouverture du championnat NF1 samedi 17 septembre Salle Mu&#8217;. Nous avions besoin de tester (de part et d&#8217;autre) de bonnes sensations. Le Limoges ABC enregistrait le retour \u00e0&#8230; <\/p>\n<div class=\"clear\"><\/div>\n<p><a href=\"https:\/\/limogesabc.com\/index.php\/nf1-dernier-match-de-preparation-a-colomiers-ce-samedi\/\" class=\"excerpt-read-more\">Lire plus<\/a><\/p>\n","protected":false},"author":2,"featured_media":16725,"comment_status":"closed","ping_status":"closed","sticky":false,"template":"","format":"standard","meta":{"_mi_skip_tracking":false,"_exactmetrics_sitenote_active":false,"_exactmetrics_sitenote_note":"","_exactmetrics_sitenote_category":0,"_monsterinsights_skip_tracking":false,"_monsterinsights_sitenote_active":false,"_monsterinsights_sitenote_note":"","_monsterinsights_sitenote_category":0,"footnotes":""},"categories":[79,90],"tags":[],"class_list":["post-16722","post","type-post","status-publish","format-standard","has-post-thumbnail","hentry","category-actualites","category-nf1"],"aioseo_notices":[],"_links":{"self":[{"href":"https:\/\/limogesabc.com\/index.php\/wp-json\/wp\/v2\/posts\/16722","targetHints":{"allow":["GET"]}}],"collection":[{"href":"https:\/\/limogesabc.com\/index.php\/wp-json\/wp\/v2\/posts"}],"about":[{"href":"https:\/\/limogesabc.com\/index.php\/wp-json\/wp\/v2\/types\/post"}],"author":[{"embeddable":true,"href":"https:\/\/limogesabc.com\/index.php\/wp-json\/wp\/v2\/users\/2"}],"replies":[{"embeddable":true,"href":"https:\/\/limogesabc.com\/index.php\/wp-json\/wp\/v2\/comments?post=16722"}],"version-history":[{"count":7,"href":"https:\/\/limogesabc.com\/index.php\/wp-json\/wp\/v2\/posts\/16722\/revisions"}],"predecessor-version":[{"id":16735,"href":"https:\/\/limogesabc.com\/index.php\/wp-json\/wp\/v2\/posts\/16722\/revisions\/16735"}],"wp:featuredmedia":[{"embeddable":true,"href":"https:\/\/limogesabc.com\/index.php\/wp-json\/wp\/v2\/media\/16725"}],"wp:attachment":[{"href":"https:\/\/limogesabc.com\/index.php\/wp-json\/wp\/v2\/media?parent=16722"}],"wp:term":[{"taxonomy":"category","embeddable":true,"href":"https:\/\/limogesabc.com\/index.php\/wp-json\/wp\/v2\/categories?post=16722"},{"taxonomy":"post_tag","embeddable":true,"href":"https:\/\/limogesabc.com\/index.php\/wp-json\/wp\/v2\/tags?post=16722"}],"curies":[{"name":"wp","href":"https:\/\/api.w.org\/{rel}","templated":true}]}}