{"id":17428,"date":"2022-11-20T16:22:36","date_gmt":"2022-11-20T15:22:36","guid":{"rendered":"http:\/\/limogesabc.com\/?p=17428"},"modified":"2022-11-20T16:23:23","modified_gmt":"2022-11-20T15:23:23","slug":"sport-et-handicap-les-handis-se-mobilisent","status":"publish","type":"post","link":"https:\/\/limogesabc.com\/index.php\/sport-et-handicap-les-handis-se-mobilisent\/","title":{"rendered":"Sport et Handicap, les Handis se mobilisent !"},"content":{"rendered":"<p>Dans le cadre de la semaine du Handicap, notre P\u00f4le Handi Basket a particip\u00e9 ce samedi \u00e0 une sensibilisation au handibasket intitul\u00e9e &#8220;Sport et Handicap&#8221;, pour une meilleure connaissance du sport et surtout pour apporter un regard diff\u00e9rent sur le handicap. Plusieurs personnes de tous les \u00e2ges se sont initi\u00e9es au handibasket avec l&#8217;\u00e9quipe du club et ont particip\u00e9 \u00e0 des mini rencontres sur fauteuil. Jean-Philippe Fr\u00e9mont, notre speaker pr\u00e9f\u00e9r\u00e9, animait la journ\u00e9e. La sensibilisation de samedi apr\u00e8s-midi avait lieu au Complexe sportif de\u00a0 Bosmie-L&#8217;Aiguille.<\/p>\n<p>Bravo \u00e0 la Communaut\u00e9 de Communes du Val-de-Vienne pour l&#8217;organisation de cette belle journ\u00e9e. Et au Comit\u00e9 D\u00e9partemental Handisport Haute-Vienne pour l&#8217;ensemble des actions men\u00e9es cette semaine avec de tr\u00e8s nombreux partenaires, des coll\u00e8ges, des associations, des collectivit\u00e9s.<\/p>\n<p><a href=\"https:\/\/limogesabc.com\/index.php\/sport-et-handicap-les-handis-se-mobilisent\/handis-a-bosmie-nov2022-7\/\" rel=\"attachment wp-att-17434\"><img fetchpriority=\"high\" decoding=\"async\" class=\"aligncenter size-full wp-image-17434\" src=\"https:\/\/limogesabc.com\/wp-content\/uploads\/2022\/11\/Handis-\u00e0-Bosmie-Nov2022-7.jpg\" alt=\"\" width=\"1283\" height=\"672\" srcset=\"https:\/\/limogesabc.com\/wp-content\/uploads\/2022\/11\/Handis-\u00e0-Bosmie-Nov2022-7.jpg 1283w, https:\/\/limogesabc.com\/wp-content\/uploads\/2022\/11\/Handis-\u00e0-Bosmie-Nov2022-7-300x157.jpg 300w, https:\/\/limogesabc.com\/wp-content\/uploads\/2022\/11\/Handis-\u00e0-Bosmie-Nov2022-7-1024x536.jpg 1024w, https:\/\/limogesabc.com\/wp-content\/uploads\/2022\/11\/Handis-\u00e0-Bosmie-Nov2022-7-150x79.jpg 150w, https:\/\/limogesabc.com\/wp-content\/uploads\/2022\/11\/Handis-\u00e0-Bosmie-Nov2022-7-768x402.jpg 768w\" sizes=\"(max-width: 1283px) 100vw, 1283px\" \/><\/a><\/p>\n<h6>20 novembre 2022<\/h6>\n","protected":false},"excerpt":{"rendered":"<p>Dans le cadre de la semaine du Handicap, notre P\u00f4le Handi Basket a particip\u00e9 ce samedi \u00e0 une sensibilisation au handibasket intitul\u00e9e &#8220;Sport et Handicap&#8221;, pour une meilleure connaissance du sport et surtout pour apporter un regard diff\u00e9rent sur le handicap. Plusieurs personnes de tous les \u00e2ges se sont initi\u00e9es au handibasket avec l&#8217;\u00e9quipe du&#8230; <\/p>\n<div class=\"clear\"><\/div>\n<p><a href=\"https:\/\/limogesabc.com\/index.php\/sport-et-handicap-les-handis-se-mobilisent\/\" class=\"excerpt-read-more\">Lire plus<\/a><\/p>\n","protected":false},"author":2,"featured_media":17429,"comment_status":"closed","ping_status":"closed","sticky":false,"template":"","format":"standard","meta":{"_mi_skip_tracking":false,"_exactmetrics_sitenote_active":false,"_exactmetrics_sitenote_note":"","_exactmetrics_sitenote_category":0,"_monsterinsights_skip_tracking":false,"_monsterinsights_sitenote_active":false,"_monsterinsights_sitenote_note":"","_monsterinsights_sitenote_category":0,"footnotes":""},"categories":[79,104],"tags":[],"class_list":["post-17428","post","type-post","status-publish","format-standard","has-post-thumbnail","hentry","category-actualites","category-labc-citoyen"],"aioseo_notices":[],"_links":{"self":[{"href":"https:\/\/limogesabc.com\/index.php\/wp-json\/wp\/v2\/posts\/17428","targetHints":{"allow":["GET"]}}],"collection":[{"href":"https:\/\/limogesabc.com\/index.php\/wp-json\/wp\/v2\/posts"}],"about":[{"href":"https:\/\/limogesabc.com\/index.php\/wp-json\/wp\/v2\/types\/post"}],"author":[{"embeddable":true,"href":"https:\/\/limogesabc.com\/index.php\/wp-json\/wp\/v2\/users\/2"}],"replies":[{"embeddable":true,"href":"https:\/\/limogesabc.com\/index.php\/wp-json\/wp\/v2\/comments?post=17428"}],"version-history":[{"count":3,"href":"https:\/\/limogesabc.com\/index.php\/wp-json\/wp\/v2\/posts\/17428\/revisions"}],"predecessor-version":[{"id":17437,"href":"https:\/\/limogesabc.com\/index.php\/wp-json\/wp\/v2\/posts\/17428\/revisions\/17437"}],"wp:featuredmedia":[{"embeddable":true,"href":"https:\/\/limogesabc.com\/index.php\/wp-json\/wp\/v2\/media\/17429"}],"wp:attachment":[{"href":"https:\/\/limogesabc.com\/index.php\/wp-json\/wp\/v2\/media?parent=17428"}],"wp:term":[{"taxonomy":"category","embeddable":true,"href":"https:\/\/limogesabc.com\/index.php\/wp-json\/wp\/v2\/categories?post=17428"},{"taxonomy":"post_tag","embeddable":true,"href":"https:\/\/limogesabc.com\/index.php\/wp-json\/wp\/v2\/tags?post=17428"}],"curies":[{"name":"wp","href":"https:\/\/api.w.org\/{rel}","templated":true}]}}