{"id":18820,"date":"2023-05-13T14:15:46","date_gmt":"2023-05-13T12:15:46","guid":{"rendered":"http:\/\/limogesabc.com\/?p=18820"},"modified":"2023-05-15T10:03:41","modified_gmt":"2023-05-15T08:03:41","slug":"final-four-u18-nous-sommes-prets","status":"publish","type":"post","link":"https:\/\/limogesabc.com\/index.php\/final-four-u18-nous-sommes-prets\/","title":{"rendered":"Final Four U18, nous sommes pr\u00eats. START 17h15 !"},"content":{"rendered":"<p><span style=\"color: #003366;\">Grand rendez-vous basket ce week-end Salle Mu\u2019 avec le Final Four U18 pour un titre de Championne de France dimanche. Ce matin, les \u00e9quipes de USO Mondeville Basket puis de Flammes Carolo Basket Ardennes se sont entra\u00een\u00e9es pendant que les b\u00e9n\u00e9voles du club, autour de Christophe S\u00e9mavoine, installaient les chapiteaux et organisaient la r\u00e9ception des \u00e9quipes. Nous sommes pr\u00eats. <\/span><\/p>\n<p><span style=\"color: #003366;\"><strong>Entr\u00e9e gratuite. Deux chapiteaux. Buvette. Petite restauration. Cr\u00eapes. Convivialit\u00e9.\u00a0<\/strong><\/span><\/p>\n<p><a href=\"https:\/\/limogesabc.com\/index.php\/homepage\/visuel_final_champ_u18_eliteok\/\" rel=\"attachment wp-att-18792\"><img fetchpriority=\"high\" decoding=\"async\" class=\"aligncenter size-full wp-image-18792\" src=\"https:\/\/limogesabc.com\/wp-content\/uploads\/2023\/05\/VISUEL_FINAL_CHAMP_U18_ELITEOK.jpg\" alt=\"\" width=\"1181\" height=\"1181\" srcset=\"https:\/\/limogesabc.com\/wp-content\/uploads\/2023\/05\/VISUEL_FINAL_CHAMP_U18_ELITEOK.jpg 1181w, https:\/\/limogesabc.com\/wp-content\/uploads\/2023\/05\/VISUEL_FINAL_CHAMP_U18_ELITEOK-300x300.jpg 300w, https:\/\/limogesabc.com\/wp-content\/uploads\/2023\/05\/VISUEL_FINAL_CHAMP_U18_ELITEOK-1024x1024.jpg 1024w, https:\/\/limogesabc.com\/wp-content\/uploads\/2023\/05\/VISUEL_FINAL_CHAMP_U18_ELITEOK-150x150.jpg 150w, https:\/\/limogesabc.com\/wp-content\/uploads\/2023\/05\/VISUEL_FINAL_CHAMP_U18_ELITEOK-768x768.jpg 768w, https:\/\/limogesabc.com\/wp-content\/uploads\/2023\/05\/VISUEL_FINAL_CHAMP_U18_ELITEOK-400x400.jpg 400w\" sizes=\"(max-width: 1181px) 100vw, 1181px\" \/><\/a><\/p>\n<p>&nbsp;<\/p>\n<h6>13 mai 2023<\/h6>\n","protected":false},"excerpt":{"rendered":"<p>Grand rendez-vous basket ce week-end Salle Mu\u2019 avec le Final Four U18 pour un titre de Championne de France dimanche. Ce matin, les \u00e9quipes de USO Mondeville Basket puis de Flammes Carolo Basket Ardennes se sont entra\u00een\u00e9es pendant que les b\u00e9n\u00e9voles du club, autour de Christophe S\u00e9mavoine, installaient les chapiteaux et organisaient la r\u00e9ception des&#8230; <\/p>\n<div class=\"clear\"><\/div>\n<p><a href=\"https:\/\/limogesabc.com\/index.php\/final-four-u18-nous-sommes-prets\/\" class=\"excerpt-read-more\">Lire plus<\/a><\/p>\n","protected":false},"author":2,"featured_media":18847,"comment_status":"closed","ping_status":"closed","sticky":false,"template":"","format":"standard","meta":{"_mi_skip_tracking":false,"_exactmetrics_sitenote_active":false,"_exactmetrics_sitenote_note":"","_exactmetrics_sitenote_category":0,"_monsterinsights_skip_tracking":false,"_monsterinsights_sitenote_active":false,"_monsterinsights_sitenote_note":"","_monsterinsights_sitenote_category":0,"footnotes":""},"categories":[79,91,122],"tags":[],"class_list":["post-18820","post","type-post","status-publish","format-standard","has-post-thumbnail","hentry","category-actualites","category-pole_formation","category-tournois-evenementiels"],"aioseo_notices":[],"_links":{"self":[{"href":"https:\/\/limogesabc.com\/index.php\/wp-json\/wp\/v2\/posts\/18820","targetHints":{"allow":["GET"]}}],"collection":[{"href":"https:\/\/limogesabc.com\/index.php\/wp-json\/wp\/v2\/posts"}],"about":[{"href":"https:\/\/limogesabc.com\/index.php\/wp-json\/wp\/v2\/types\/post"}],"author":[{"embeddable":true,"href":"https:\/\/limogesabc.com\/index.php\/wp-json\/wp\/v2\/users\/2"}],"replies":[{"embeddable":true,"href":"https:\/\/limogesabc.com\/index.php\/wp-json\/wp\/v2\/comments?post=18820"}],"version-history":[{"count":5,"href":"https:\/\/limogesabc.com\/index.php\/wp-json\/wp\/v2\/posts\/18820\/revisions"}],"predecessor-version":[{"id":18828,"href":"https:\/\/limogesabc.com\/index.php\/wp-json\/wp\/v2\/posts\/18820\/revisions\/18828"}],"wp:featuredmedia":[{"embeddable":true,"href":"https:\/\/limogesabc.com\/index.php\/wp-json\/wp\/v2\/media\/18847"}],"wp:attachment":[{"href":"https:\/\/limogesabc.com\/index.php\/wp-json\/wp\/v2\/media?parent=18820"}],"wp:term":[{"taxonomy":"category","embeddable":true,"href":"https:\/\/limogesabc.com\/index.php\/wp-json\/wp\/v2\/categories?post=18820"},{"taxonomy":"post_tag","embeddable":true,"href":"https:\/\/limogesabc.com\/index.php\/wp-json\/wp\/v2\/tags?post=18820"}],"curies":[{"name":"wp","href":"https:\/\/api.w.org\/{rel}","templated":true}]}}