{"id":19244,"date":"2023-07-03T18:45:20","date_gmt":"2023-07-03T16:45:20","guid":{"rendered":"http:\/\/limogesabc.com\/?p=19244"},"modified":"2023-07-03T18:27:29","modified_gmt":"2023-07-03T16:27:29","slug":"equipe-de-france-3x3-fin-de-stage-prematuree-a-voiron-pour-samantha-peytour","status":"publish","type":"post","link":"https:\/\/limogesabc.com\/index.php\/equipe-de-france-3x3-fin-de-stage-prematuree-a-voiron-pour-samantha-peytour\/","title":{"rendered":"\u00c9quipe de France 3&#215;3, fin de stage pr\u00e9matur\u00e9e \u00e0 Voiron pour Samantha PEYTOUR"},"content":{"rendered":"<p><span style=\"color: #000000;\"><strong>S\u00e9lectionn\u00e9e avec l&#8217;\u00e9quipe de France #3&#215;3 U21-U23<\/strong> \ud83c\uddeb\ud83c\uddf7 Samantha PEYTOUR effectuait derni\u00e8rement un stage pr\u00e9paratoire \u00e0 Voiron du 16 au 19 juin. <\/span><\/p>\n<p><span style=\"color: #003366;\">A quelques semaines des premi\u00e8res \u00e9ch\u00e9ances internationales pour les bleuettes (<strong>Nation League<\/strong> du <strong>14 au 16 Juillet \u00e0 Voiron<\/strong>, <strong>21 au 23 juillet en Roumanie<\/strong> et<strong> phases finales<\/strong> du <strong>13 au 15 septembre en Mongolie<\/strong>),<\/span> <span style=\"color: #003366;\"><strong>Samantha PEYTOUR se voit malheureusement contrainte de quitter le groupe suite \u00e0 une blessure.<\/strong> <\/span><\/p>\n<p>Cette blessure marque la fin d&#8217;une aventure pour la joueuse du Limoges ABC, qui aurait du prochainement participer <strong>aux comp\u00e9titions internationales<\/strong> &#8211; pr\u00e9c\u00e9demment \u00e9nonc\u00e9es &#8211; <strong>et continuer sous les couleurs tricolores<\/strong>&#8230; mais ce n&#8217;est pas une fin en soi et nous sommes certains que <strong>ce n&#8217;est que partie remise pour la jeune joueuse<\/strong> ! \ud83d\ude0a<\/p>\n<p style=\"text-align: left;\"><span style=\"color: #993366;\"><strong><span style=\"color: #993366;\">T\u00e9moignage de Samantha sur son stage \u00e0 Voiron :<\/span> <\/strong><\/span><\/p>\n<p style=\"text-align: left;\"><span style=\"color: #993366;\"><em>\u00abJ\u2019ai v\u00e9cu une tr\u00e8s belle exp\u00e9rience malgr\u00e9 le fait que j\u2019ai du malheureusement quitter le groupe pour blessure. Je retiens que du positif de ce passage en \u00c9quipe de France 3&#215;3. Maintenant, place au repos pour me soigner et d\u00e9buter le championnat en pleine forme \u00bb<\/em><\/span><\/p>\n<p style=\"text-align: left;\">Nous souhaitons un prompt r\u00e9tablissement \u00e0 Samantha et \u00e0 bient\u00f4t sur le parquet de la salle Mu&#8217; ! \ud83d\udd35\ud83d\udd34<\/p>\n<p style=\"text-align: left;\"><a href=\"https:\/\/limogesabc.com\/wp-content\/uploads\/2023\/07\/image-2.jpg\"><img fetchpriority=\"high\" decoding=\"async\" class=\"aligncenter wp-image-19246 size-portrait\" src=\"https:\/\/limogesabc.com\/wp-content\/uploads\/2023\/07\/image-2-440x550.jpg\" alt=\"\" width=\"440\" height=\"550\" \/><\/a><\/p>\n","protected":false},"excerpt":{"rendered":"<p>S\u00e9lectionn\u00e9e avec l&#8217;\u00e9quipe de France #3&#215;3 U21-U23 \ud83c\uddeb\ud83c\uddf7 Samantha PEYTOUR effectuait derni\u00e8rement un stage pr\u00e9paratoire \u00e0 Voiron du 16 au 19 juin. A quelques semaines des premi\u00e8res \u00e9ch\u00e9ances internationales pour les bleuettes (Nation League du 14 au 16 Juillet \u00e0 Voiron, 21 au 23 juillet en Roumanie et phases finales du 13 au 15 septembre&#8230; <\/p>\n<div class=\"clear\"><\/div>\n<p><a href=\"https:\/\/limogesabc.com\/index.php\/equipe-de-france-3x3-fin-de-stage-prematuree-a-voiron-pour-samantha-peytour\/\" class=\"excerpt-read-more\">Lire plus<\/a><\/p>\n","protected":false},"author":2,"featured_media":19245,"comment_status":"closed","ping_status":"closed","sticky":false,"template":"","format":"standard","meta":{"_mi_skip_tracking":false,"_exactmetrics_sitenote_active":false,"_exactmetrics_sitenote_note":"","_exactmetrics_sitenote_category":0,"_monsterinsights_skip_tracking":false,"_monsterinsights_sitenote_active":false,"_monsterinsights_sitenote_note":"","_monsterinsights_sitenote_category":0,"footnotes":""},"categories":[79,109,111],"tags":[],"class_list":["post-19244","post","type-post","status-publish","format-standard","has-post-thumbnail","hentry","category-actualites","category-3x3","category-basket-3x3"],"aioseo_notices":[],"_links":{"self":[{"href":"https:\/\/limogesabc.com\/index.php\/wp-json\/wp\/v2\/posts\/19244","targetHints":{"allow":["GET"]}}],"collection":[{"href":"https:\/\/limogesabc.com\/index.php\/wp-json\/wp\/v2\/posts"}],"about":[{"href":"https:\/\/limogesabc.com\/index.php\/wp-json\/wp\/v2\/types\/post"}],"author":[{"embeddable":true,"href":"https:\/\/limogesabc.com\/index.php\/wp-json\/wp\/v2\/users\/2"}],"replies":[{"embeddable":true,"href":"https:\/\/limogesabc.com\/index.php\/wp-json\/wp\/v2\/comments?post=19244"}],"version-history":[{"count":10,"href":"https:\/\/limogesabc.com\/index.php\/wp-json\/wp\/v2\/posts\/19244\/revisions"}],"predecessor-version":[{"id":19259,"href":"https:\/\/limogesabc.com\/index.php\/wp-json\/wp\/v2\/posts\/19244\/revisions\/19259"}],"wp:featuredmedia":[{"embeddable":true,"href":"https:\/\/limogesabc.com\/index.php\/wp-json\/wp\/v2\/media\/19245"}],"wp:attachment":[{"href":"https:\/\/limogesabc.com\/index.php\/wp-json\/wp\/v2\/media?parent=19244"}],"wp:term":[{"taxonomy":"category","embeddable":true,"href":"https:\/\/limogesabc.com\/index.php\/wp-json\/wp\/v2\/categories?post=19244"},{"taxonomy":"post_tag","embeddable":true,"href":"https:\/\/limogesabc.com\/index.php\/wp-json\/wp\/v2\/tags?post=19244"}],"curies":[{"name":"wp","href":"https:\/\/api.w.org\/{rel}","templated":true}]}}