{"id":21665,"date":"2024-01-29T19:14:33","date_gmt":"2024-01-29T18:14:33","guid":{"rendered":"https:\/\/limogesabc.com\/?p=21665"},"modified":"2024-01-29T19:14:33","modified_gmt":"2024-01-29T18:14:33","slug":"nouveau-partenariat-entre-le-limoges-abc-et-la-brasserie-la-bergere","status":"publish","type":"post","link":"https:\/\/limogesabc.com\/index.php\/nouveau-partenariat-entre-le-limoges-abc-et-la-brasserie-la-bergere\/","title":{"rendered":"Nouveau partenariat entre le Limoges ABC et la brasserie la Berg\u00e8re"},"content":{"rendered":"<p>\ud835\uddd9\ud835\uddfc\ud835\uddf0\ud835\ude02\ud835\ude00 \ud835\udde3\ud835\uddee\ud835\uddff\ud835\ude01\ud835\uddf2\ud835\uddfb\ud835\uddee\ud835\uddf6\ud835\uddff\ud835\uddf2 \ud83e\udd1d\ud83d\udc40<\/p>\n<p>Nous sommes ravis de vous pr\u00e9senter la Brasserie La Berg\u00e8re, partenaire du Limoges ABC pour la saison 2023\/24 \ud83e\udd29<\/p>\n<p>Un immense merci \u00e0 Patrick VAN AUBEL et Antonin MAYADE pour leur confiance et leur soutien ! \ud83d\ude4c<\/p>\n<p>La brasserie de Bel Air &#8220;La Berg\u00e8re&#8221; vous propose une d\u00e9licieuse gamme de bi\u00e8res biologiques locales, brass\u00e9es avec passion dans le Haut Limousin, en Haute-Vienne. \ud83c\udf7b<\/p>\n<p>Explorez une diversit\u00e9 de saveurs, de la bi\u00e8re blonde \u00e0 la bi\u00e8re ambr\u00e9e, en passant par la bi\u00e8re IPA, la bi\u00e8re blanche, la bi\u00e8re dor\u00e9e, la bi\u00e8re brune, la bi\u00e8re stout, la bi\u00e8re de No\u00ebl, et m\u00eame une option sans alcool. Restez \u00e0 l&#8217;aff\u00fbt de leur boisson myst\u00e8re sans alcool qui arrive tr\u00e8s prochainement ! \ud83d\udd1c\ud83d\ude09<\/p>\n<p>R\u00e9compens\u00e9es aux Word Beer Awards, leurs bi\u00e8res t\u00e9moignent d&#8217;un savoir-faire exceptionnel et d&#8217;un travail raffin\u00e9 sur les saveurs. \ud83e\udd47\ud83e\udd48<\/p>\n<p>Nos partenaires et proches du club savourent r\u00e9guli\u00e8rement leurs produits lors de nos r\u00e9ceptifs organis\u00e9s apr\u00e8s les matchs, tournois ou r\u00e9unions. \ud83d\ude0a<\/p>\n<p>Retrouvez-vous aussi les bi\u00e8res La Berg\u00e8re du c\u00f4t\u00e9 de Saint Bonnet de Bellac, ainsi que chez leurs revendeurs dans la Creuse, en Corr\u00e8ze, dans la Vienne et en Haute-Vienne.<\/p>\n<p>\ud83d\udcf2 Pour plus d&#8217;informations, n&#8217;h\u00e9sitez pas \u00e0 les contacter via leurs r\u00e9seaux sociaux, par e-mail \u00e0 l&#8217;adresse brasserie.de.bel.air@orange.fr, ou directement par t\u00e9l\u00e9phone au 06.31.61.99.31.<\/p>\n<p>\ud83d\udccd 2 Bel-Air, Saint-Bonnet-de-Bellac 87300.<\/p>\n<p>\u203c\ufe0fATTENTION : L\u2019ABUS D\u2019ALCOOL EST DANGEREUX POUR LA SANT\u00c9 ET DOIT \u00caTRE CONSOMM\u00c9 AVEC MOD\u00c9RATION \u203c\ufe0f<\/p>\n<p>&nbsp;<\/p>\n<p><img fetchpriority=\"high\" decoding=\"async\" class=\"wp-image-21667 size-full alignleft\" src=\"https:\/\/limogesabc.com\/wp-content\/uploads\/2024\/01\/3AB590E8-31F8-412B-B5FD-B99F8D2407CC.jpeg\" alt=\"\" width=\"512\" height=\"384\" srcset=\"https:\/\/limogesabc.com\/wp-content\/uploads\/2024\/01\/3AB590E8-31F8-412B-B5FD-B99F8D2407CC.jpeg 512w, https:\/\/limogesabc.com\/wp-content\/uploads\/2024\/01\/3AB590E8-31F8-412B-B5FD-B99F8D2407CC-300x225.jpeg 300w, https:\/\/limogesabc.com\/wp-content\/uploads\/2024\/01\/3AB590E8-31F8-412B-B5FD-B99F8D2407CC-150x113.jpeg 150w, https:\/\/limogesabc.com\/wp-content\/uploads\/2024\/01\/3AB590E8-31F8-412B-B5FD-B99F8D2407CC-310x233.jpeg 310w, https:\/\/limogesabc.com\/wp-content\/uploads\/2024\/01\/3AB590E8-31F8-412B-B5FD-B99F8D2407CC-128x96.jpeg 128w, https:\/\/limogesabc.com\/wp-content\/uploads\/2024\/01\/3AB590E8-31F8-412B-B5FD-B99F8D2407CC-32x24.jpeg 32w, https:\/\/limogesabc.com\/wp-content\/uploads\/2024\/01\/3AB590E8-31F8-412B-B5FD-B99F8D2407CC-400x300.jpeg 400w\" sizes=\"(max-width: 512px) 100vw, 512px\" \/><\/p>\n","protected":false},"excerpt":{"rendered":"<p>\ud835\uddd9\ud835\uddfc\ud835\uddf0\ud835\ude02\ud835\ude00 \ud835\udde3\ud835\uddee\ud835\uddff\ud835\ude01\ud835\uddf2\ud835\uddfb\ud835\uddee\ud835\uddf6\ud835\uddff\ud835\uddf2 \ud83e\udd1d\ud83d\udc40 Nous sommes ravis de vous pr\u00e9senter la Brasserie La Berg\u00e8re, partenaire du Limoges ABC pour la saison 2023\/24 \ud83e\udd29 Un immense merci \u00e0 Patrick VAN AUBEL et Antonin MAYADE pour leur confiance et leur soutien ! \ud83d\ude4c La brasserie de Bel Air &#8220;La Berg\u00e8re&#8221; vous propose une d\u00e9licieuse gamme de bi\u00e8res biologiques&#8230; <\/p>\n<div class=\"clear\"><\/div>\n<p><a href=\"https:\/\/limogesabc.com\/index.php\/nouveau-partenariat-entre-le-limoges-abc-et-la-brasserie-la-bergere\/\" class=\"excerpt-read-more\">Lire plus<\/a><\/p>\n","protected":false},"author":4,"featured_media":21666,"comment_status":"closed","ping_status":"closed","sticky":false,"template":"","format":"standard","meta":{"_mi_skip_tracking":false,"_exactmetrics_sitenote_active":false,"_exactmetrics_sitenote_note":"","_exactmetrics_sitenote_category":0,"_monsterinsights_skip_tracking":false,"_monsterinsights_sitenote_active":false,"_monsterinsights_sitenote_note":"","_monsterinsights_sitenote_category":0,"footnotes":""},"categories":[79,110],"tags":[],"class_list":["post-21665","post","type-post","status-publish","format-standard","has-post-thumbnail","hentry","category-actualites","category-partenariats"],"aioseo_notices":[],"_links":{"self":[{"href":"https:\/\/limogesabc.com\/index.php\/wp-json\/wp\/v2\/posts\/21665","targetHints":{"allow":["GET"]}}],"collection":[{"href":"https:\/\/limogesabc.com\/index.php\/wp-json\/wp\/v2\/posts"}],"about":[{"href":"https:\/\/limogesabc.com\/index.php\/wp-json\/wp\/v2\/types\/post"}],"author":[{"embeddable":true,"href":"https:\/\/limogesabc.com\/index.php\/wp-json\/wp\/v2\/users\/4"}],"replies":[{"embeddable":true,"href":"https:\/\/limogesabc.com\/index.php\/wp-json\/wp\/v2\/comments?post=21665"}],"version-history":[{"count":1,"href":"https:\/\/limogesabc.com\/index.php\/wp-json\/wp\/v2\/posts\/21665\/revisions"}],"predecessor-version":[{"id":21668,"href":"https:\/\/limogesabc.com\/index.php\/wp-json\/wp\/v2\/posts\/21665\/revisions\/21668"}],"wp:featuredmedia":[{"embeddable":true,"href":"https:\/\/limogesabc.com\/index.php\/wp-json\/wp\/v2\/media\/21666"}],"wp:attachment":[{"href":"https:\/\/limogesabc.com\/index.php\/wp-json\/wp\/v2\/media?parent=21665"}],"wp:term":[{"taxonomy":"category","embeddable":true,"href":"https:\/\/limogesabc.com\/index.php\/wp-json\/wp\/v2\/categories?post=21665"},{"taxonomy":"post_tag","embeddable":true,"href":"https:\/\/limogesabc.com\/index.php\/wp-json\/wp\/v2\/tags?post=21665"}],"curies":[{"name":"wp","href":"https:\/\/api.w.org\/{rel}","templated":true}]}}