{"id":22785,"date":"2026-01-17T11:00:47","date_gmt":"2026-01-17T10:00:47","guid":{"rendered":"https:\/\/limogesabc.com\/?p=22785"},"modified":"2026-01-17T09:26:16","modified_gmt":"2026-01-17T08:26:16","slug":"de-retour-en-terre-limougeaude","status":"publish","type":"post","link":"https:\/\/limogesabc.com\/index.php\/de-retour-en-terre-limougeaude\/","title":{"rendered":"De retour en terre limougeaude"},"content":{"rendered":"<p>Le Limoges ABC retrouve son parquet ce soir pour y affronter Colomiers. Un match important pour lancer une s\u00e9rie de victoire dans ce d\u00e9but de deuxi\u00e8me phase.<\/p>\n<p>Le pr\u00e9sident de la F\u00e9d\u00e9ration Fran\u00e7aise de Basket-Ball sera pr\u00e9sent ce soir \u00e0 notre rencontre !<\/p>\n<p>Prenez vos places sur notre billetterie en ligne.<\/p>\n<p>&nbsp;<\/p>\n","protected":false},"excerpt":{"rendered":"<p>Le Limoges ABC retrouve son parquet ce soir pour y affronter Colomiers. Un match important pour lancer une s\u00e9rie de victoire dans ce d\u00e9but de deuxi\u00e8me phase. Le pr\u00e9sident de la F\u00e9d\u00e9ration Fran\u00e7aise de Basket-Ball sera pr\u00e9sent ce soir \u00e0 notre rencontre ! Prenez vos places sur notre billetterie en ligne. &nbsp;<\/p>\n","protected":false},"author":4,"featured_media":22786,"comment_status":"closed","ping_status":"closed","sticky":false,"template":"","format":"standard","meta":{"_mi_skip_tracking":false,"_exactmetrics_sitenote_active":false,"_exactmetrics_sitenote_note":"","_exactmetrics_sitenote_category":0,"_monsterinsights_skip_tracking":false,"_monsterinsights_sitenote_active":false,"_monsterinsights_sitenote_note":"","_monsterinsights_sitenote_category":0,"footnotes":""},"categories":[79,90],"tags":[],"class_list":["post-22785","post","type-post","status-publish","format-standard","has-post-thumbnail","hentry","category-actualites","category-nf1"],"aioseo_notices":[],"_links":{"self":[{"href":"https:\/\/limogesabc.com\/index.php\/wp-json\/wp\/v2\/posts\/22785","targetHints":{"allow":["GET"]}}],"collection":[{"href":"https:\/\/limogesabc.com\/index.php\/wp-json\/wp\/v2\/posts"}],"about":[{"href":"https:\/\/limogesabc.com\/index.php\/wp-json\/wp\/v2\/types\/post"}],"author":[{"embeddable":true,"href":"https:\/\/limogesabc.com\/index.php\/wp-json\/wp\/v2\/users\/4"}],"replies":[{"embeddable":true,"href":"https:\/\/limogesabc.com\/index.php\/wp-json\/wp\/v2\/comments?post=22785"}],"version-history":[{"count":1,"href":"https:\/\/limogesabc.com\/index.php\/wp-json\/wp\/v2\/posts\/22785\/revisions"}],"predecessor-version":[{"id":22787,"href":"https:\/\/limogesabc.com\/index.php\/wp-json\/wp\/v2\/posts\/22785\/revisions\/22787"}],"wp:featuredmedia":[{"embeddable":true,"href":"https:\/\/limogesabc.com\/index.php\/wp-json\/wp\/v2\/media\/22786"}],"wp:attachment":[{"href":"https:\/\/limogesabc.com\/index.php\/wp-json\/wp\/v2\/media?parent=22785"}],"wp:term":[{"taxonomy":"category","embeddable":true,"href":"https:\/\/limogesabc.com\/index.php\/wp-json\/wp\/v2\/categories?post=22785"},{"taxonomy":"post_tag","embeddable":true,"href":"https:\/\/limogesabc.com\/index.php\/wp-json\/wp\/v2\/tags?post=22785"}],"curies":[{"name":"wp","href":"https:\/\/api.w.org\/{rel}","templated":true}]}}