{"id":4786,"date":"2018-02-04T15:03:32","date_gmt":"2018-02-04T14:03:32","guid":{"rendered":"http:\/\/limogesabc.com\/?p=4786"},"modified":"2018-02-04T15:03:32","modified_gmt":"2018-02-04T14:03:32","slug":"decision-du-bureau-federal-charnay-en-lf2-limoges-abc-en-nf1","status":"publish","type":"post","link":"https:\/\/limogesabc.com\/index.php\/decision-du-bureau-federal-charnay-en-lf2-limoges-abc-en-nf1\/","title":{"rendered":"D\u00e9cision du Bureau F\u00e9d\u00e9ral : Charnay en LF2, Limoges ABC en NF1"},"content":{"rendered":"<div>La d\u00e9cision\u00a0est tomb\u00e9e ce samedi matin.Le bureau f\u00e9d\u00e9ral qui s&#8217;est r\u00e9uni hier soir (vendredi)\u00a0a pris la d\u00e9cision &#8220;<em>d&#8217;accepter la proposition de conciliation du CNOSF et donc de valider\u00a0Charnay en LF2<\/em>&#8220;. Le Limoges ABC est donc engag\u00e9 en NF1 en 2017-2018.<\/div>\n<div><\/div>\n<div>Pour m\u00e9moire, le club de &#8220;Charnay Bourgogne Basket Sud&#8221;, acc\u00e9dant sportivement de NF1 en LF2 avait vu par deux fois son dossier rejet\u00e9 aupr\u00e8s des instances f\u00e9d\u00e9rales,\u00a0par la Commission de\u00a0Contr\u00f4le de Gestion puis en Chambre d&#8217;Appel. Au d\u00e9lai de\u00a0ces deux\u00a0proc\u00e9dures internes,\u00a0s&#8217;est ajout\u00e9\u00a0ensuite un recours du club devant le CNOSF (Comit\u00e9 National Olympique et Sportif Fran\u00e7ais). Saisi pour une (tentative de) conciliation entre les deux parties, le CNOSF \u00e9met un avis. Le Bureau F\u00e9d\u00e9ral\u00a0reste ensuite seul comp\u00e9tent pour prendre la d\u00e9cision finale et confirmer ou non les d\u00e9cisions initiales.<\/div>\n<div><\/div>\n<div>Le Limoges ABC, qui avait une priorit\u00e9 de rep\u00eachage \u00e9ventuel, gr\u00e2ce \u00e0 son Centre d&#8217;Entra\u00eenement labellis\u00e9, ne sera\u00a0donc pas rep\u00each\u00e9. Les calendriers des championnats nationaux\u00a0devraient \u00eatre publi\u00e9s lundi qui est la date butoir. Nous connaitrons alors nos onze adversaires dans la poule de NF1.<\/div>\n<div><\/div>\n<div>Nous prenons\u00a0acte de cette d\u00e9cision &#8230;\u00a0pour laquelle nous \u00e9tions indirectement impliqu\u00e9s, quoique que &#8230;\u00a0l&#8217;enjeu \u00e9tant bien s\u00fbr\u00a0important pour nous.<\/div>\n<div><\/div>\n<div>Avec un effectif r\u00e9duit, la reprise des entra\u00eenements est cependant confirm\u00e9e pour le mardi 1er ao\u00fbt. Les modalit\u00e9s de la pr\u00e9paration seront adapt\u00e9es aux\u00a0\u00e9ch\u00e9ances des prochains recrutements.\u00a0A\u00a0d\u00e9faut d&#8217;\u00eatre\u00a0au complet\u00a0sur le parquet, nous sommes pr\u00eats pour\u00a0le challenge. Il reste sept semaines avant la reprise du championnat le samedi 17 septembre. A nous de jouer !<\/div>\n<div><\/div>\n<div><em>Samedi 29 juillet 2017<\/em><\/div>\n","protected":false},"excerpt":{"rendered":"<p>La d\u00e9cision\u00a0est tomb\u00e9e ce samedi matin.Le bureau f\u00e9d\u00e9ral qui s&#8217;est r\u00e9uni hier soir (vendredi)\u00a0a pris la d\u00e9cision &#8220;d&#8217;accepter la proposition de conciliation du CNOSF et donc de valider\u00a0Charnay en LF2&#8220;. Le Limoges ABC est donc engag\u00e9 en NF1 en 2017-2018. Pour m\u00e9moire, le club de &#8220;Charnay Bourgogne Basket Sud&#8221;, acc\u00e9dant sportivement de NF1 en LF2&#8230; <\/p>\n<div class=\"clear\"><\/div>\n<p><a href=\"https:\/\/limogesabc.com\/index.php\/decision-du-bureau-federal-charnay-en-lf2-limoges-abc-en-nf1\/\" class=\"excerpt-read-more\">Lire plus<\/a><\/p>\n","protected":false},"author":3,"featured_media":4787,"comment_status":"closed","ping_status":"closed","sticky":false,"template":"","format":"standard","meta":{"_mi_skip_tracking":false,"_exactmetrics_sitenote_active":false,"_exactmetrics_sitenote_note":"","_exactmetrics_sitenote_category":0,"_monsterinsights_skip_tracking":false,"_monsterinsights_sitenote_active":false,"_monsterinsights_sitenote_note":"","_monsterinsights_sitenote_category":0,"footnotes":""},"categories":[79],"tags":[],"class_list":["post-4786","post","type-post","status-publish","format-standard","has-post-thumbnail","hentry","category-actualites"],"aioseo_notices":[],"_links":{"self":[{"href":"https:\/\/limogesabc.com\/index.php\/wp-json\/wp\/v2\/posts\/4786","targetHints":{"allow":["GET"]}}],"collection":[{"href":"https:\/\/limogesabc.com\/index.php\/wp-json\/wp\/v2\/posts"}],"about":[{"href":"https:\/\/limogesabc.com\/index.php\/wp-json\/wp\/v2\/types\/post"}],"author":[{"embeddable":true,"href":"https:\/\/limogesabc.com\/index.php\/wp-json\/wp\/v2\/users\/3"}],"replies":[{"embeddable":true,"href":"https:\/\/limogesabc.com\/index.php\/wp-json\/wp\/v2\/comments?post=4786"}],"version-history":[{"count":1,"href":"https:\/\/limogesabc.com\/index.php\/wp-json\/wp\/v2\/posts\/4786\/revisions"}],"predecessor-version":[{"id":4789,"href":"https:\/\/limogesabc.com\/index.php\/wp-json\/wp\/v2\/posts\/4786\/revisions\/4789"}],"wp:featuredmedia":[{"embeddable":true,"href":"https:\/\/limogesabc.com\/index.php\/wp-json\/wp\/v2\/media\/4787"}],"wp:attachment":[{"href":"https:\/\/limogesabc.com\/index.php\/wp-json\/wp\/v2\/media?parent=4786"}],"wp:term":[{"taxonomy":"category","embeddable":true,"href":"https:\/\/limogesabc.com\/index.php\/wp-json\/wp\/v2\/categories?post=4786"},{"taxonomy":"post_tag","embeddable":true,"href":"https:\/\/limogesabc.com\/index.php\/wp-json\/wp\/v2\/tags?post=4786"}],"curies":[{"name":"wp","href":"https:\/\/api.w.org\/{rel}","templated":true}]}}