{"id":4906,"date":"2018-02-04T17:16:04","date_gmt":"2018-02-04T16:16:04","guid":{"rendered":"http:\/\/limogesabc.com\/?p=4906"},"modified":"2018-02-04T17:16:04","modified_gmt":"2018-02-04T16:16:04","slug":"sous-le-choc-du-deces-de-frederic-forte","status":"publish","type":"post","link":"https:\/\/limogesabc.com\/index.php\/sous-le-choc-du-deces-de-frederic-forte\/","title":{"rendered":"Sous le choc du d\u00e9c\u00e8s de Fr\u00e9d\u00e9ric Forte"},"content":{"rendered":"<p>Un grand du basket fran\u00e7ais nous quitte brusquement. Fr\u00e9d\u00e9ric Forte va manquer \u00e0 Limoges, \u00e0 la ville et \u00e0 notre sport, au Limoges ABC bien s\u00fbr &#8230; Fred, c\u2019\u00e9tait aussi un homme de convictions, engag\u00e9 dans des actions innovantes pour son club, citoyennes ou solidaires pour les autres. Un personnage et une personne. Notre club partage la douleur de sa famille et celle de nos amis du Limoges CSP.<\/p>\n","protected":false},"excerpt":{"rendered":"<p>Un grand du basket fran\u00e7ais nous quitte brusquement. Fr\u00e9d\u00e9ric Forte va manquer \u00e0 Limoges, \u00e0 la ville et \u00e0 notre sport, au Limoges ABC bien s\u00fbr &#8230; Fred, c\u2019\u00e9tait aussi un homme de convictions, engag\u00e9 dans des actions innovantes pour son club, citoyennes ou solidaires pour les autres. Un personnage et une personne. Notre club&#8230; <\/p>\n<div class=\"clear\"><\/div>\n<p><a href=\"https:\/\/limogesabc.com\/index.php\/sous-le-choc-du-deces-de-frederic-forte\/\" class=\"excerpt-read-more\">Lire plus<\/a><\/p>\n","protected":false},"author":3,"featured_media":0,"comment_status":"closed","ping_status":"closed","sticky":false,"template":"","format":"standard","meta":{"_mi_skip_tracking":false,"_exactmetrics_sitenote_active":false,"_exactmetrics_sitenote_note":"","_exactmetrics_sitenote_category":0,"_monsterinsights_skip_tracking":false,"_monsterinsights_sitenote_active":false,"_monsterinsights_sitenote_note":"","_monsterinsights_sitenote_category":0,"footnotes":""},"categories":[79,81,94],"tags":[],"class_list":["post-4906","post","type-post","status-publish","format-standard","hentry","category-actualites","category-tout","category-club"],"aioseo_notices":[],"_links":{"self":[{"href":"https:\/\/limogesabc.com\/index.php\/wp-json\/wp\/v2\/posts\/4906","targetHints":{"allow":["GET"]}}],"collection":[{"href":"https:\/\/limogesabc.com\/index.php\/wp-json\/wp\/v2\/posts"}],"about":[{"href":"https:\/\/limogesabc.com\/index.php\/wp-json\/wp\/v2\/types\/post"}],"author":[{"embeddable":true,"href":"https:\/\/limogesabc.com\/index.php\/wp-json\/wp\/v2\/users\/3"}],"replies":[{"embeddable":true,"href":"https:\/\/limogesabc.com\/index.php\/wp-json\/wp\/v2\/comments?post=4906"}],"version-history":[{"count":1,"href":"https:\/\/limogesabc.com\/index.php\/wp-json\/wp\/v2\/posts\/4906\/revisions"}],"predecessor-version":[{"id":4907,"href":"https:\/\/limogesabc.com\/index.php\/wp-json\/wp\/v2\/posts\/4906\/revisions\/4907"}],"wp:attachment":[{"href":"https:\/\/limogesabc.com\/index.php\/wp-json\/wp\/v2\/media?parent=4906"}],"wp:term":[{"taxonomy":"category","embeddable":true,"href":"https:\/\/limogesabc.com\/index.php\/wp-json\/wp\/v2\/categories?post=4906"},{"taxonomy":"post_tag","embeddable":true,"href":"https:\/\/limogesabc.com\/index.php\/wp-json\/wp\/v2\/tags?post=4906"}],"curies":[{"name":"wp","href":"https:\/\/api.w.org\/{rel}","templated":true}]}}